{"id":50771,"date":"2024-07-20T19:28:06","date_gmt":"2024-07-20T17:28:06","guid":{"rendered":"https:\/\/www.invarena.cz\/?p=50771"},"modified":"2024-07-20T22:59:54","modified_gmt":"2024-07-20T20:59:54","slug":"odsouzeni-pomahali-na-hrade-krakovci","status":"publish","type":"post","link":"https:\/\/www.invarena.cz\/?p=50771","title":{"rendered":"Odsouzen\u00ed pom\u00e1hali na hrad\u011b Krakovci"},"content":{"rendered":"\n<p>V \u010dervnu se odsouzen\u00ed za doprovodu odborn\u00fdch zam\u011bstnanc\u016f zapojili do p\u0159\u00edprav mimo\u0159\u00e1dn\u00e9 akce Den otev\u0159en\u00fdch srdc\u00ed na St\u00e1tn\u00edm hrad\u011b Krakovci a dok\u00e1zali tak, \u017ee i ve v\u00fdkonu trestu mohou a dok\u00e1\u017eou b\u00fdt u\u017eite\u010dn\u00ed pro spole\u010dnost.<\/p>\n\n\n\n<p>Od \u00fater\u00fd 11.6.2024 do p\u00e1tku 14.6.2024 \u0161est odsouzen\u00fdch z odd\u00edl\u016f vysok\u00e9ho stupn\u011b zabezpe\u010den\u00ed pom\u00e1halo s p\u0159\u00edpravou sondy pro archeology a p\u0159i \u00faklidu hradu a jeho okol\u00ed p\u0159ed kulturn\u00ed a spole\u010denskou akc\u00ed, kterou hrad ka\u017edoro\u010dn\u011b po\u0159\u00e1d\u00e1 pro zp\u0159\u00edstupn\u011bn\u00ed pam\u00e1tky pro ob\u010dany se sn\u00ed\u017eenou schopnost\u00ed pohybu a orientace.<\/p>\n\n\n\n<p>V sobotu 22.6.2024 se pak deset odsouzen\u00fdch ze st\u0159edn\u00edho stupn\u011b zabezpe\u010den\u00ed z\u00fa\u010dastnilo samotn\u00e9 akce a stali se cenn\u00fdmi a nepostradateln\u00fdmi asistenty pro voz\u00ed\u010dk\u00e1\u0159e \u010di jinak hendikepovan\u00e9 n\u00e1v\u0161t\u011bvn\u00edky hradu. V pr\u016fb\u011bhu prohl\u00eddkov\u00e9 akce s doprovodn\u00fdm programem se tak stali hrdiny, kte\u0159\u00ed vyu\u017eili sv\u00e9 s\u00edly a odhodl\u00e1n\u00ed k tomu, aby pomohli p\u0159ekon\u00e1vat slo\u017eit\u00fd ter\u00e9n hradu a umo\u017enili tak hendikepovan\u00fdm n\u00e1v\u0161t\u011bvn\u00edk\u016fm si plnohodnotn\u011b vychutnat prohl\u00eddku. D\u00e1le pak zaji\u0161\u0165ovali doprovodn\u00fd program, pro kter\u00fd p\u0159ipravovali ozvu\u010den\u00ed, lavi\u010dky k sezen\u00ed aj.<\/p>\n\n\n\n<p>Spolupr\u00e1ce v\u011bznice se spr\u00e1vou St\u00e1tn\u00edho hradu Krakovec m\u00e1 ji\u017e dlouholetou tradici v podob\u011b pracovn\u00ed v\u00fdpomoci odsouzen\u00fdch v are\u00e1lu hradu i obce, v\u010detn\u011b \u00fa\u010dasti odsouzen\u00fdch na obdobn\u00fdch spole\u010densky prosp\u011b\u0161n\u00fdch akc\u00edch. I tentokr\u00e1t vyj\u00e1d\u0159il kastel\u00e1n hradu a z\u00e1rove\u0148 starosta obce Krakovec Mgr. Ji\u0159\u00ed Sobek s aktivitou or\u00e1\u010dovsk\u00fdch odsouzen\u00fdch na obou akc\u00edch velkou spokojenost a odsouzen\u00ed uk\u00e1zali, \u017ee i ve v\u00fdkonu trestu odn\u011bt\u00ed svobody je mo\u017en\u00e9 re\u00e1ln\u011b pom\u00e1hat v\u0161em t\u011bm, kte\u0159\u00ed pomoc pot\u0159ebuj\u00ed.<\/p>\n\n\n\n<p>Autor: Lenka Pa\u0161kov\u00e1<\/p>\n\n\n\n<p>Rakovnick\u00fd den\u00edk<\/p>\n\n\n\n<p><a href=\"https:\/\/rakovnicky.denik.cz\" target=\"_blank\" rel=\"noreferrer noopener\">https:\/\/rakovnicky.denik.cz<\/a><\/p>\n","protected":false},"excerpt":{"rendered":"<div class=\"mh-excerpt\"><p>V \u010dervnu se odsouzen\u00ed za doprovodu odborn\u00fdch zam\u011bstnanc\u016f zapojili do p\u0159\u00edprav mimo\u0159\u00e1dn\u00e9 akce Den otev\u0159en\u00fdch srdc\u00ed na St\u00e1tn\u00edm hrad\u011b Krakovci a dok\u00e1zali tak, \u017ee i <a class=\"mh-excerpt-more\" href=\"https:\/\/www.invarena.cz\/?p=50771\" title=\"Odsouzen\u00ed pom\u00e1hali na hrad\u011b Krakovci\">[&#8230;]<\/a><\/p>\n<\/div>","protected":false},"author":1,"featured_media":41653,"comment_status":"open","ping_status":"closed","sticky":false,"template":"","format":"standard","meta":{"footnotes":""},"categories":[9],"tags":[],"class_list":["post-50771","post","type-post","status-publish","format-standard","has-post-thumbnail","hentry","category-zpravy"],"_links":{"self":[{"href":"https:\/\/www.invarena.cz\/index.php?rest_route=\/wp\/v2\/posts\/50771","targetHints":{"allow":["GET"]}}],"collection":[{"href":"https:\/\/www.invarena.cz\/index.php?rest_route=\/wp\/v2\/posts"}],"about":[{"href":"https:\/\/www.invarena.cz\/index.php?rest_route=\/wp\/v2\/types\/post"}],"author":[{"embeddable":true,"href":"https:\/\/www.invarena.cz\/index.php?rest_route=\/wp\/v2\/users\/1"}],"replies":[{"embeddable":true,"href":"https:\/\/www.invarena.cz\/index.php?rest_route=%2Fwp%2Fv2%2Fcomments&post=50771"}],"version-history":[{"count":0,"href":"https:\/\/www.invarena.cz\/index.php?rest_route=\/wp\/v2\/posts\/50771\/revisions"}],"wp:featuredmedia":[{"embeddable":true,"href":"https:\/\/www.invarena.cz\/index.php?rest_route=\/wp\/v2\/media\/41653"}],"wp:attachment":[{"href":"https:\/\/www.invarena.cz\/index.php?rest_route=%2Fwp%2Fv2%2Fmedia&parent=50771"}],"wp:term":[{"taxonomy":"category","embeddable":true,"href":"https:\/\/www.invarena.cz\/index.php?rest_route=%2Fwp%2Fv2%2Fcategories&post=50771"},{"taxonomy":"post_tag","embeddable":true,"href":"https:\/\/www.invarena.cz\/index.php?rest_route=%2Fwp%2Fv2%2Ftags&post=50771"}],"curies":[{"name":"wp","href":"https:\/\/api.w.org\/{rel}","templated":true}]}}