{"id":50774,"date":"2024-07-20T19:33:15","date_gmt":"2024-07-20T17:33:15","guid":{"rendered":"https:\/\/www.invarena.cz\/?p=50774"},"modified":"2024-07-20T19:33:15","modified_gmt":"2024-07-20T17:33:15","slug":"prvni-detsky-hospic-v-republice-nahlednete-do-hotoveho-domu-pro-julii-v-brne","status":"publish","type":"post","link":"https:\/\/www.invarena.cz\/?p=50774","title":{"rendered":"Prvn\u00ed d\u011btsk\u00fd hospic v republice: nahl\u00e9dn\u011bte do hotov\u00e9ho Domu pro Julii v\u00a0Brn\u011b"},"content":{"rendered":"\n<p>Rodiny s v\u00e1\u017en\u011b nemocn\u00fdmi d\u011btmi budou moct vyu\u017e\u00edt slu\u017eby prvn\u00edho d\u011btsk\u00e9ho hospice v \u010cesk\u00e9 republice. Pracovn\u00edci brn\u011bnsk\u00e9ho domu pro Julii ubytuj\u00ed klienty u\u017e v srpnu. Pod\u00edvejte se v p\u0159edstihu, jak prostory vypadaj\u00ed.<\/p>\n\n\n\n<p>Unik\u00e1tn\u00ed hospic pro d\u011bti a mlad\u00e9 dosp\u011bl\u00e9 ubytuje za\u010d\u00e1tkem srpna prvn\u00ed \u010dty\u0159i pacienty. Pokoj\u016f ale neziskov\u00e1 organizace D\u016fm pro Julii chyst\u00e1 celkem osm. Ke ka\u017ed\u00e9mu bude pat\u0159it tak\u00e9 pokoj pro rodi\u010de nebo sourozence v pat\u0159e budovy. \u201eJe to pro n\u011b \u010dasto poprv\u00e9, co sv\u00e9 d\u011bti budou m\u00edt jinde ne\u017e doma, tak je necht\u011bj\u00ed \u00fapln\u011b opou\u0161t\u011bt,\u201c vysv\u011btlila mo\u017enost ubytov\u00e1n\u00ed fundraiserka Domu pro Julii Renata Kelnerov\u00e1.<\/p>\n\n\n\n<p>Cel\u00fd \u010dl\u00e1nek naleznete v Brn\u011bnsk\u00e9m den\u00edku: <a href=\"https:\/\/brnensky.denik.cz\/zpravy_region\/dum-pro-julii-prvni-detsky-hospic-v-cesku-otevre-sve-dvere-v-srpnu-brno.html\" target=\"_blank\" rel=\"noreferrer noopener\">https:\/\/brnensky.denik.cz\/zpravy_region\/dum-pro-julii-prvni-detsky-hospic-v-cesku-otevre-sve-dvere-v-srpnu-brno.html<\/a><\/p>\n","protected":false},"excerpt":{"rendered":"<div class=\"mh-excerpt\"><p>Rodiny s v\u00e1\u017en\u011b nemocn\u00fdmi d\u011btmi budou moct vyu\u017e\u00edt slu\u017eby prvn\u00edho d\u011btsk\u00e9ho hospice v \u010cesk\u00e9 republice. Pracovn\u00edci brn\u011bnsk\u00e9ho domu pro Julii ubytuj\u00ed klienty u\u017e v srpnu. <a class=\"mh-excerpt-more\" href=\"https:\/\/www.invarena.cz\/?p=50774\" title=\"Prvn\u00ed d\u011btsk\u00fd hospic v republice: nahl\u00e9dn\u011bte do hotov\u00e9ho Domu pro Julii v\u00a0Brn\u011b\">[&#8230;]<\/a><\/p>\n<\/div>","protected":false},"author":1,"featured_media":27495,"comment_status":"open","ping_status":"closed","sticky":false,"template":"","format":"standard","meta":{"footnotes":""},"categories":[9],"tags":[],"class_list":["post-50774","post","type-post","status-publish","format-standard","has-post-thumbnail","hentry","category-zpravy"],"_links":{"self":[{"href":"https:\/\/www.invarena.cz\/index.php?rest_route=\/wp\/v2\/posts\/50774","targetHints":{"allow":["GET"]}}],"collection":[{"href":"https:\/\/www.invarena.cz\/index.php?rest_route=\/wp\/v2\/posts"}],"about":[{"href":"https:\/\/www.invarena.cz\/index.php?rest_route=\/wp\/v2\/types\/post"}],"author":[{"embeddable":true,"href":"https:\/\/www.invarena.cz\/index.php?rest_route=\/wp\/v2\/users\/1"}],"replies":[{"embeddable":true,"href":"https:\/\/www.invarena.cz\/index.php?rest_route=%2Fwp%2Fv2%2Fcomments&post=50774"}],"version-history":[{"count":0,"href":"https:\/\/www.invarena.cz\/index.php?rest_route=\/wp\/v2\/posts\/50774\/revisions"}],"wp:featuredmedia":[{"embeddable":true,"href":"https:\/\/www.invarena.cz\/index.php?rest_route=\/wp\/v2\/media\/27495"}],"wp:attachment":[{"href":"https:\/\/www.invarena.cz\/index.php?rest_route=%2Fwp%2Fv2%2Fmedia&parent=50774"}],"wp:term":[{"taxonomy":"category","embeddable":true,"href":"https:\/\/www.invarena.cz\/index.php?rest_route=%2Fwp%2Fv2%2Fcategories&post=50774"},{"taxonomy":"post_tag","embeddable":true,"href":"https:\/\/www.invarena.cz\/index.php?rest_route=%2Fwp%2Fv2%2Ftags&post=50774"}],"curies":[{"name":"wp","href":"https:\/\/api.w.org\/{rel}","templated":true}]}}