{"id":50866,"date":"2024-07-25T09:37:43","date_gmt":"2024-07-25T07:37:43","guid":{"rendered":"https:\/\/www.invarena.cz\/?p=50866"},"modified":"2024-07-25T09:37:44","modified_gmt":"2024-07-25T07:37:44","slug":"vozickari-si-vyzkouseli-prekonavani-prekazek","status":"publish","type":"post","link":"https:\/\/www.invarena.cz\/?p=50866","title":{"rendered":"Voz\u00ed\u010dk\u00e1\u0159i si vyzkou\u0161eli p\u0159ekon\u00e1v\u00e1n\u00ed p\u0159ek\u00e1\u017eek\u00a0\u00a0"},"content":{"rendered":"\n<p>\u00a0\u010cT 1<\/p>\n\n\n\n<p><br \/>A lidem na voz\u00edku se o v\u00edkendu v\u011bnovali tak\u00e9 v Hlubok\u00e9 nad Vltavou, vyzkou\u0161eli si tam parkur, p\u0159ekon\u00e1vali p\u0159i n\u011bm p\u0159ek\u00e1\u017eky podobn\u00e9 t\u011bm, kter\u00e9 na n\u011b \u010dekaj\u00ed v b\u011b\u017en\u00e9m pohybu po ulic\u00edch. V \u010cesku to bylo v\u016fbec poprv\u00e9. \u00da\u010dastn\u00edk\u016fm akce pomohla v \u0159ad\u011b situac\u00ed z\u00edskat sebed\u016fv\u011bru a b\u00fdt samostatn\u011bj\u0161\u00ed.<br \/><br \/>Miroslav \u0160perk, \u00fa\u010dastn\u00edk z\u00e1vodu, Aktivn\u011b s voz\u00edkem<br \/>&#8212;&#8212;&#8212;&#8212;&#8212;&#8212;&#8211;<br \/>Tady naho\u0159e, mus\u00ed\u0161 tro\u0161ku na zadn\u00ed.<br \/><br \/>redaktor<br \/>&#8212;&#8212;&#8212;&#8212;&#8212;&#8212;&#8211;<br \/>C\u00edlem parkuru je p\u0159ipravit\u00a0<strong>voz\u00ed\u010dk\u00e1\u0159e<\/strong>\u00a0na n\u00e1strahy, na kter\u00e9 mohou narazit ve m\u011bst\u011b.<br \/><br \/>Zbyn\u011bk S\u00fdkora, p\u0159edseda \u010cesk\u00e9ho paralympijsk\u00e9ho v\u00fdboru<br \/>&#8212;&#8212;&#8212;&#8212;&#8212;&#8212;&#8211;<br \/>My se tady sna\u017e\u00edme te\u010f vlastn\u011b odbour\u00e1vat ty p\u0159ek\u00e1\u017eky a u\u010dit\u00a0<strong>voz\u00ed\u010dk\u00e1\u0159e<\/strong>, jak je p\u0159ekon\u00e1vat, proto\u017ee vlastn\u011b je to obrovsk\u00fd krok k samostatnosti vlastn\u011b a v\u016fbec k tomu \u017eivotn\u00edmu standardu.<br \/><br \/>Miroslav \u0160perk, \u00fa\u010dastn\u00edk z\u00e1vodu, Aktivn\u011b s voz\u00edkem<br \/>&#8212;&#8212;&#8212;&#8212;&#8212;&#8212;&#8211;<br \/>Kdy\u017e ten \u010dlov\u011bk se jenom nau\u010d\u00ed p\u0159ej\u00ed\u017ed\u011bt obrubn\u00edky nebo vyj\u00ed\u017ed\u011bt obrubn\u00edky, tak se mu otev\u0159e mnohem v\u011bt\u0161\u00ed horizont m\u00edst, kam m\u016f\u017ee on jet a z\u00edsk\u00e1 t\u00edm mnohem v\u011bt\u0161\u00ed sebed\u016fv\u011bru.<br \/><br \/>Zbyn\u011bk S\u00fdkora, p\u0159edseda \u010cesk\u00e9ho paralympijsk\u00e9ho v\u00fdboru<br \/>&#8212;&#8212;&#8212;&#8212;&#8212;&#8212;&#8211;<br \/>T\u0159eba tahle ta p\u0159ek\u00e1\u017eka, to je \u00fapln\u011b typick\u00fd p\u0159\u00edklad takov\u00e9ho m\u011bstsk\u00e9ho obrubn\u00edku.<br \/><br \/> redaktor<br \/>&#8212;&#8212;&#8212;&#8212;&#8212;&#8212;&#8211;<br \/>P\u0159i pohybu ve m\u011bst\u011b mus\u00ed lid\u00e9 na voz\u00edku myslet v l\u00e9t\u011b tak\u00e9 na vysok\u00e9 teploty.<br \/><br \/>Luk\u00e1\u0161 Nov\u00e1k, zdravotn\u00edk<br \/>&#8212;&#8212;&#8212;&#8212;&#8212;&#8212;&#8211;<br \/>Je to pro n\u011b rizikov\u00e1 z\u00e1le\u017eitost, proto\u017ee p\u0159i \u00farazu m\u00edchy doch\u00e1z\u00ed k poru\u0161e syst\u00e9mu, parasympatiku a sympatiku a termoregulace, proto je d\u016fle\u017eit\u00e9, aby\u00a0<strong>voz\u00ed\u010dk\u00e1\u0159i<\/strong>\u00a0z\u016fst\u00e1vali hodn\u011b ve st\u00ednu a konzumovali studen\u00e9 n\u00e1poje a r\u016fzn\u011b se chladili.<br \/><br \/> redaktor<br \/>&#8212;&#8212;&#8212;&#8212;&#8212;&#8212;&#8211;<br \/>V \u0159ad\u011b zem\u00ed u\u017e parkur znaj\u00ed. V \u010cesku tomu tak nen\u00ed.<br \/><br \/>Zbyn\u011bk S\u00fdkora, p\u0159edseda \u010cesk\u00e9ho paralympijsk\u00e9ho v\u00fdboru<br \/>&#8212;&#8212;&#8212;&#8212;&#8212;&#8212;&#8211;<br \/>U n\u00e1s v \u010cesk\u00e9 republice tato akce je prvn\u00ed sv\u00e9ho druhu.<br \/><br \/> redaktor<br \/>&#8212;&#8212;&#8212;&#8212;&#8212;&#8212;&#8211;<br \/>Krom\u011b parkuru se\u00a0<strong>voz\u00ed\u010dk\u00e1\u0159i<\/strong>\u00a0v \u010cesku v\u011bnuj\u00ed i dal\u0161\u00edm sport\u016fm, nap\u0159\u00edklad florbalu, basketbalu nebo paddleboardingu.<\/p>\n\n\n\n<p> \u010cesk\u00e1 televize<\/p>\n","protected":false},"excerpt":{"rendered":"<div class=\"mh-excerpt\"><p>\u00a0\u010cT 1 A lidem na voz\u00edku se o v\u00edkendu v\u011bnovali tak\u00e9 v Hlubok\u00e9 nad Vltavou, vyzkou\u0161eli si tam parkur, p\u0159ekon\u00e1vali p\u0159i n\u011bm p\u0159ek\u00e1\u017eky podobn\u00e9 t\u011bm, <a class=\"mh-excerpt-more\" href=\"https:\/\/www.invarena.cz\/?p=50866\" title=\"Voz\u00ed\u010dk\u00e1\u0159i si vyzkou\u0161eli p\u0159ekon\u00e1v\u00e1n\u00ed p\u0159ek\u00e1\u017eek\u00a0\u00a0\">[&#8230;]<\/a><\/p>\n<\/div>","protected":false},"author":1,"featured_media":1314,"comment_status":"open","ping_status":"closed","sticky":false,"template":"","format":"standard","meta":{"footnotes":""},"categories":[9],"tags":[],"class_list":["post-50866","post","type-post","status-publish","format-standard","has-post-thumbnail","hentry","category-zpravy"],"_links":{"self":[{"href":"https:\/\/www.invarena.cz\/index.php?rest_route=\/wp\/v2\/posts\/50866","targetHints":{"allow":["GET"]}}],"collection":[{"href":"https:\/\/www.invarena.cz\/index.php?rest_route=\/wp\/v2\/posts"}],"about":[{"href":"https:\/\/www.invarena.cz\/index.php?rest_route=\/wp\/v2\/types\/post"}],"author":[{"embeddable":true,"href":"https:\/\/www.invarena.cz\/index.php?rest_route=\/wp\/v2\/users\/1"}],"replies":[{"embeddable":true,"href":"https:\/\/www.invarena.cz\/index.php?rest_route=%2Fwp%2Fv2%2Fcomments&post=50866"}],"version-history":[{"count":0,"href":"https:\/\/www.invarena.cz\/index.php?rest_route=\/wp\/v2\/posts\/50866\/revisions"}],"wp:featuredmedia":[{"embeddable":true,"href":"https:\/\/www.invarena.cz\/index.php?rest_route=\/wp\/v2\/media\/1314"}],"wp:attachment":[{"href":"https:\/\/www.invarena.cz\/index.php?rest_route=%2Fwp%2Fv2%2Fmedia&parent=50866"}],"wp:term":[{"taxonomy":"category","embeddable":true,"href":"https:\/\/www.invarena.cz\/index.php?rest_route=%2Fwp%2Fv2%2Fcategories&post=50866"},{"taxonomy":"post_tag","embeddable":true,"href":"https:\/\/www.invarena.cz\/index.php?rest_route=%2Fwp%2Fv2%2Ftags&post=50866"}],"curies":[{"name":"wp","href":"https:\/\/api.w.org\/{rel}","templated":true}]}}