{"id":5089,"date":"2013-05-17T19:58:49","date_gmt":"2013-05-17T17:58:49","guid":{"rendered":"http:\/\/www.invarena.cz\/?p=5089"},"modified":"2013-12-28T14:35:20","modified_gmt":"2013-12-28T13:35:20","slug":"mate-narok-na-prispevek-na-osobni-automobil","status":"publish","type":"post","link":"https:\/\/www.invarena.cz\/?p=5089","title":{"rendered":"M\u00e1te n\u00e1rok na p\u0159\u00edsp\u011bvek na osobn\u00ed automobil?"},"content":{"rendered":"<p><strong>Je pro v\u00e1s kv\u016fli handicapu auto nezbytn\u00e9? M\u016f\u017eete si na \u00da\u0159ad\u011b pr\u00e1ce za\u017e\u00e1dat o p\u0159\u00edsp\u011bvek a\u017e 200 tis\u00edc korun. Zjistili jsme pro v\u00e1s, kdo na n\u011bj m\u00e1 n\u00e1rok.<\/strong><br \/>\n<!--more--><br \/>\nSpousta posti\u017een\u00fdch lid\u00ed si neum\u00ed p\u0159edstavit \u017eivot bez automobilu. T\u011b\u017ece t\u011blesn\u011b posti\u017een\u00ed by asi jen st\u011b\u017e\u00ed jezdili m\u011bstskou hromadnou dopravou. O d\u00e1lkov\u00fdch autobusech ani nemluv\u011b, do takov\u00e9ho autobusu se nedostanou ani rodi\u010de s ko\u010d\u00e1rky, nato\u017e \u010dlov\u011bk na invalidn\u00edm voz\u00edku.<\/p>\n<p>Z toho d\u016fvodu st\u00e1t p\u0159isp\u00edv\u00e1 lidem na po\u0159\u00edzen\u00ed osobn\u00edho automobilu, ale ne ka\u017ed\u00fd, kdo by ho pot\u0159eboval, na n\u011bj m\u00e1 n\u00e1rok.<\/p>\n<p>&#8222;Podle z\u00e1kona n\u00e1rok na p\u0159\u00edsp\u011bvek na zvl\u00e1\u0161tn\u00ed pom\u016fcku poskytovan\u00fd na po\u0159\u00edzen\u00ed motorov\u00e9ho vozidla m\u00e1 osoba, kter\u00e1 m\u00e1 t\u011b\u017ekou vadu nosn\u00e9ho nebo pohybov\u00e9ho \u00fastroj\u00ed anebo t\u011b\u017ekou nebo hlubokou ment\u00e1ln\u00ed retardaci charakteru dlouhodob\u011b nep\u0159\u00edzniv\u00e9ho zdravotn\u00edho stavu, a jej\u00ed zdravotn\u00ed stav nevylu\u010duje p\u0159izn\u00e1n\u00ed tohoto p\u0159\u00edsp\u011bvku,&#8220; vysv\u011btluje mluv\u010d\u00ed MPSV Petr Sulek.<\/p>\n<p>A dod\u00e1v\u00e1, \u017ee podm\u00ednkou na z\u00edsk\u00e1n\u00ed p\u0159\u00edsp\u011bvku je, \u017ee \u017eadateli mus\u00ed b\u00fdt v\u00edce ne\u017e t\u0159i roky. Z\u00e1rove\u0148 v\u0161ak vyvrac\u00ed m\u00fdtus, kter\u00fd je mezi lidmi miln\u011b roz\u0161\u00ed\u0159en. Podle n\u011bj nemus\u00ed m\u00edt p\u0159\u00edjemce p\u0159\u00edsp\u011bvku p\u0159iznan\u00fd p\u0159\u00edsp\u011bvek na p\u00e9\u010di.<\/p>\n<p>V m\u00e9di\u00edch se ale \u010dasto objevuj\u00ed p\u0159\u00edpady, kdy je \u010dlov\u011bk t\u011b\u017ece t\u011blesn\u011b posti\u017een\u00fd, bez pomoci n\u011bkolika lid\u00ed j\u00edzdu v MHD nezvl\u00e1dne, av\u0161ak posudkov\u00fd l\u00e9ka\u0159 \u0159ekne, \u017ee nem\u00e1 t\u011b\u017ek\u00e9 posti\u017een\u00ed nosn\u00e9ho a pohybov\u00e9ho \u00fastroj\u00ed, proto p\u0159\u00edsp\u011bvek na auto nedostane.<\/p>\n<p>Dal\u0161\u00ed podm\u00ednkou je, \u017ee se \u017eadatel opakovan\u011b v kalend\u00e1\u0159n\u00edm m\u011bs\u00edci dopravuje. Tedy, \u017ee bu\u010f je s\u00e1m schopen \u0159\u00eddit osobn\u00ed automobil a nebo \u017ee je schopen p\u0159epravy autem.<\/p>\n<p>St\u00e1t p\u0159isp\u011bje na po\u0159\u00edzen\u00ed motorov\u00e9ho vozidla a\u017e 200 tis\u00edc korun. V\u00fd\u0161e v\u0161ak z\u00e1le\u017e\u00ed na posti\u017een\u00ed \u017eadatele (Jak moc je pro n\u011bj auto nezbytn\u00e9). \u00da\u0159ad tak\u00e9 p\u0159ihl\u00ed\u017e\u00ed k tomu, jak \u010dasto se n\u011bkam mus\u00edte dopravovat.<\/p>\n<p>Pokud t\u0159eba budou \u017e\u00e1dat o automobil rodi\u010de posti\u017een\u00e9ho \u0161kol\u00e1ka, kter\u00e9ho mus\u00ed ka\u017ed\u00fd den vozit do \u0161koly, bude p\u0159\u00edsp\u011bvek ur\u010dit\u011b vy\u0161\u0161\u00ed, ne\u017e kdy\u017e budete nezam\u011bstnan\u00ed a budete jezdit jen na n\u00e1kupy a k l\u00e9ka\u0159i.<\/p>\n<p><strong>Nezapom\u00ednejte na poji\u0161t\u011bn\u00ed<\/strong><\/p>\n<p>Velkou chybou, kterou lid\u00e9 d\u011blaj\u00ed je, \u017ee si zakoup\u00ed automobil z p\u0159\u00edsp\u011bvku od st\u00e1tu, ale nevy\u0159\u00edd\u00ed si poji\u0161t\u011bn\u00ed, kter\u00e9 by jim zaru\u010dilo, \u017ee v p\u0159\u00edpad\u011b nehody \u010di odcizen\u00ed dostanou od poji\u0161\u0165ovny pen\u00edze za auto zp\u011bt. St\u00e1t toti\u017e ve chv\u00edli, kdy auto p\u0159estane slou\u017eit ke sv\u00e9mu \u00fa\u010delu, bude po\u017eadovat pom\u011brnou \u010d\u00e1st pen\u011bz vr\u00e1tit.<\/p>\n<p>Snadno byste se mohli dostat do finan\u010dn\u00edch probl\u00e9m\u016f. Nav\u00edc n\u011bkter\u00e9 poji\u0161\u0165ovny poskytuj\u00ed slevy na poji\u0161t\u011bn\u00ed, pokud se jedn\u00e1 o auto po\u0159\u00edzen\u00e9 z p\u0159\u00edsp\u011bvku od st\u00e1tu.<\/p>\n<p>Ji\u0159\u00ed Marek<br \/>\ninvArena<\/p>\n","protected":false},"excerpt":{"rendered":"<div class=\"mh-excerpt\"><p>Je pro v\u00e1s kv\u016fli handicapu auto nezbytn\u00e9? M\u016f\u017eete si na \u00da\u0159ad\u011b pr\u00e1ce za\u017e\u00e1dat o p\u0159\u00edsp\u011bvek a\u017e 200 tis\u00edc korun. Zjistili jsme pro v\u00e1s, kdo na <a class=\"mh-excerpt-more\" href=\"https:\/\/www.invarena.cz\/?p=5089\" title=\"M\u00e1te n\u00e1rok na p\u0159\u00edsp\u011bvek na osobn\u00ed automobil?\">[&#8230;]<\/a><\/p>\n<\/div>","protected":false},"author":3,"featured_media":14189,"comment_status":"open","ping_status":"open","sticky":false,"template":"","format":"standard","meta":{"footnotes":""},"categories":[1],"tags":[],"class_list":["post-5089","post","type-post","status-publish","format-standard","has-post-thumbnail","hentry","category-nezarazene"],"_links":{"self":[{"href":"https:\/\/www.invarena.cz\/index.php?rest_route=\/wp\/v2\/posts\/5089","targetHints":{"allow":["GET"]}}],"collection":[{"href":"https:\/\/www.invarena.cz\/index.php?rest_route=\/wp\/v2\/posts"}],"about":[{"href":"https:\/\/www.invarena.cz\/index.php?rest_route=\/wp\/v2\/types\/post"}],"author":[{"embeddable":true,"href":"https:\/\/www.invarena.cz\/index.php?rest_route=\/wp\/v2\/users\/3"}],"replies":[{"embeddable":true,"href":"https:\/\/www.invarena.cz\/index.php?rest_route=%2Fwp%2Fv2%2Fcomments&post=5089"}],"version-history":[{"count":0,"href":"https:\/\/www.invarena.cz\/index.php?rest_route=\/wp\/v2\/posts\/5089\/revisions"}],"wp:featuredmedia":[{"embeddable":true,"href":"https:\/\/www.invarena.cz\/index.php?rest_route=\/wp\/v2\/media\/14189"}],"wp:attachment":[{"href":"https:\/\/www.invarena.cz\/index.php?rest_route=%2Fwp%2Fv2%2Fmedia&parent=5089"}],"wp:term":[{"taxonomy":"category","embeddable":true,"href":"https:\/\/www.invarena.cz\/index.php?rest_route=%2Fwp%2Fv2%2Fcategories&post=5089"},{"taxonomy":"post_tag","embeddable":true,"href":"https:\/\/www.invarena.cz\/index.php?rest_route=%2Fwp%2Fv2%2Ftags&post=5089"}],"curies":[{"name":"wp","href":"https:\/\/api.w.org\/{rel}","templated":true}]}}