{"id":51050,"date":"2024-08-09T04:37:32","date_gmt":"2024-08-09T02:37:32","guid":{"rendered":"https:\/\/www.invarena.cz\/?p=51050"},"modified":"2024-08-09T04:37:32","modified_gmt":"2024-08-09T02:37:32","slug":"minimalni-mzda-se-zvysi","status":"publish","type":"post","link":"https:\/\/www.invarena.cz\/?p=51050","title":{"rendered":"Minim\u00e1ln\u00ed mzda\u00a0se zv\u00fd\u0161\u00ed\u00a0"},"content":{"rendered":"\n<p>\u010cT 1\u00a0&#8211; Ud\u00e1losti<br \/><br \/>Minim\u00e1ln\u00ed mzda se m\u00e1 p\u0159\u00ed\u0161t\u00ed rok zv\u00fd\u0161it o 17 stovek na 20 600 K\u010d m\u011bs\u00ed\u010dn\u011b. Vypl\u00fdv\u00e1 to z odhad\u016f ministerstva pr\u00e1ce. Rezort navrhl koeficient pro v\u00fdpo\u010det nejni\u017e\u0161\u00edho mo\u017en\u00e9ho v\u00fdd\u011blku na dal\u0161\u00ed dva roky, podle predikce jeho v\u00fd\u0161e p\u0159es\u00e1hne v roce 2026 22 000 K\u010d. Opozice mluv\u00ed o nedostate\u010dn\u00e9m r\u016fstu.<br \/><br \/>Marian Jure\u010dka, vicepremi\u00e9r,\u00a0<strong>ministr<\/strong>\u00a0<strong>pr\u00e1ce<\/strong>\u00a0a soc. v\u011bc\u00ed, p\u0159edseda strany \/KDU-\u010cSL\/<br \/>&#8212;&#8212;&#8212;&#8212;&#8212;&#8212;&#8211;<br \/>N\u00e1r\u016fst minim\u00e1ln\u00ed mzdy postupn\u011b na hodnotu a\u017e ke 47 procent\u016fm v\u016f\u010di pr\u016fm\u011brn\u00e9 mzd\u011b. Je n\u011bco, co tady posledn\u00edch 30 let nikdy nebylo. Tato zm\u011bna opravdu v\u00fdrazn\u011b pom\u016f\u017ee lidem s n\u00edzk\u00fdmi v\u00fdd\u011blky, ale z\u00e1rove\u0148 tak\u00e9 pot\u00e1hne r\u016fst plat\u016f i mezd v cel\u00e9 ekonomice.<br \/><br \/>Lucie \u0160afr\u00e1nkov\u00e1, m\u00edstop\u0159edsedkyn\u011b sn\u011bmovn\u00edho soci\u00e1ln\u00edho v\u00fdzkumu \/SPD\/<br \/>&#8212;&#8212;&#8212;&#8212;&#8212;&#8212;&#8211;<br \/>My bychom se cht\u011bli dostat a\u017e na 50 % pr\u016fm\u011brn\u00e9 mzdy vzhledem k tomu, \u017ee kolik stoj\u00ed dneska n\u00e1jemn\u00e9, kolik stoj\u00ed potraviny, slu\u017eby, pohonn\u00e9 hmoty a podobn\u011b, tak ta minim\u00e1ln\u00ed mzda je opravdu velmi n\u00edzk\u00e1.<\/p>\n","protected":false},"excerpt":{"rendered":"<div class=\"mh-excerpt\"><p>\u010cT 1\u00a0&#8211; Ud\u00e1losti Minim\u00e1ln\u00ed mzda se m\u00e1 p\u0159\u00ed\u0161t\u00ed rok zv\u00fd\u0161it o 17 stovek na 20 600 K\u010d m\u011bs\u00ed\u010dn\u011b. Vypl\u00fdv\u00e1 to z odhad\u016f ministerstva pr\u00e1ce. Rezort <a class=\"mh-excerpt-more\" href=\"https:\/\/www.invarena.cz\/?p=51050\" title=\"Minim\u00e1ln\u00ed mzda\u00a0se zv\u00fd\u0161\u00ed\u00a0\">[&#8230;]<\/a><\/p>\n<\/div>","protected":false},"author":1,"featured_media":24716,"comment_status":"open","ping_status":"closed","sticky":false,"template":"","format":"standard","meta":{"footnotes":""},"categories":[1],"tags":[],"class_list":["post-51050","post","type-post","status-publish","format-standard","has-post-thumbnail","hentry","category-nezarazene"],"_links":{"self":[{"href":"https:\/\/www.invarena.cz\/index.php?rest_route=\/wp\/v2\/posts\/51050","targetHints":{"allow":["GET"]}}],"collection":[{"href":"https:\/\/www.invarena.cz\/index.php?rest_route=\/wp\/v2\/posts"}],"about":[{"href":"https:\/\/www.invarena.cz\/index.php?rest_route=\/wp\/v2\/types\/post"}],"author":[{"embeddable":true,"href":"https:\/\/www.invarena.cz\/index.php?rest_route=\/wp\/v2\/users\/1"}],"replies":[{"embeddable":true,"href":"https:\/\/www.invarena.cz\/index.php?rest_route=%2Fwp%2Fv2%2Fcomments&post=51050"}],"version-history":[{"count":0,"href":"https:\/\/www.invarena.cz\/index.php?rest_route=\/wp\/v2\/posts\/51050\/revisions"}],"wp:featuredmedia":[{"embeddable":true,"href":"https:\/\/www.invarena.cz\/index.php?rest_route=\/wp\/v2\/media\/24716"}],"wp:attachment":[{"href":"https:\/\/www.invarena.cz\/index.php?rest_route=%2Fwp%2Fv2%2Fmedia&parent=51050"}],"wp:term":[{"taxonomy":"category","embeddable":true,"href":"https:\/\/www.invarena.cz\/index.php?rest_route=%2Fwp%2Fv2%2Fcategories&post=51050"},{"taxonomy":"post_tag","embeddable":true,"href":"https:\/\/www.invarena.cz\/index.php?rest_route=%2Fwp%2Fv2%2Ftags&post=51050"}],"curies":[{"name":"wp","href":"https:\/\/api.w.org\/{rel}","templated":true}]}}