{"id":5120,"date":"2013-05-18T12:01:06","date_gmt":"2013-05-18T10:01:06","guid":{"rendered":"http:\/\/www.invarena.cz\/?p=5120"},"modified":"2013-05-21T01:56:06","modified_gmt":"2013-05-20T23:56:06","slug":"vzp-zaplati-zenam-do-konce-listopadu-preventivni-vysetreni-prsou","status":"publish","type":"post","link":"https:\/\/www.invarena.cz\/?p=5120","title":{"rendered":"VZP zaplat\u00ed \u017een\u00e1m do konce listopadu preventivn\u00ed vy\u0161et\u0159en\u00ed prsou"},"content":{"rendered":"<p><strong>Pro mimo\u0159\u00e1dnou akci se rozhodla\u00a0VZP. Sv\u00fdm klientk\u00e1m mlad\u0161\u00edm 45 let zaplat\u00ed a\u017e do konce listopadu preventivn\u00ed vy\u0161et\u0159en\u00ed prsou. Za zbyl\u00e9 pen\u00edze z 1500 korun p\u0159\u00edsp\u011bvku si mohou koupit dal\u0161\u00ed vy\u0161et\u0159en\u00ed &#8211; t\u0159eba ko\u017en\u00edch znam\u00e9nek nebo dent\u00e1ln\u00ed hygienu.\u00a0<\/strong><\/p>\n<p><strong><!--more--><\/strong><\/p>\n<p>Zv\u00fd\u0161en\u00e9ho z\u00e1jmu \u017een o prevenci rakoviny prsu po ozn\u00e1men\u00ed here\u010dky Angeliny Jolie, \u017ee si kv\u016fli vysok\u00e9mu riziku dala preventivn\u011b odstranit prsa, vyu\u017eila V\u0161eobecn\u00e1 zdravotn\u00ed poji\u0161\u0165ovna k nab\u00eddce prevence &#8211; sv\u00fdm klientk\u00e1m zaplat\u00ed a\u017e do konce listopadu preventivn\u00ed vy\u0161et\u0159en\u00ed prsou.<\/p>\n<p>Uhrad\u00ed je i t\u011bm, kter\u00fdm je\u0161t\u011b nebylo 45 let, odkdy maj\u00ed n\u00e1rok na bezplatnou mamografii jednou za dva roky, anebo by ji po dosa\u017een\u00ed tohoto v\u011bku cht\u011bly podstoupit \u010dast\u011bji.<\/p>\n<p>\u0158ekl mluv\u010d\u00ed VZP Old\u0159ich Tich\u00fd.<\/p>\n<p>Mlad\u0161\u00edm \u017een\u00e1m odborn\u00edci doporu\u010duj\u00ed sonografick\u00e9 vy\u0161et\u0159en\u00ed, star\u0161\u00edm mamografii. V praxi to podle mluv\u010d\u00edho bude fungovat tak, \u017ee l\u00e9ka\u0159 rozhodne, zda \u017eena podstoup\u00ed sonografick\u00e9 nebo mamografick\u00e9 vy\u0161et\u0159en\u00ed. Klientka je zaplat\u00ed a s \u00fa\u010dtem pak p\u016fjde na kter\u00e9koli pracovi\u0161t\u011b VZP, poji\u0161\u0165ovna ho proplat\u00ed.<\/p>\n<p>&#8222;\u00dahrada je mo\u017en\u00e1 a\u017e do v\u00fd\u0161e 1500 korun, co\u017e by m\u011blo bohat\u011b sta\u010dit &#8211; mamografie stoj\u00ed obvykle 500 a\u017e 800 korun, ultrazvuk 250 a\u017e 400 korun,&#8220; \u0159ekl Tich\u00fd.<\/p>\n<p>Nevy\u010derpanou \u010d\u00e1st p\u0159\u00edsp\u011bvku, tedy rozd\u00edl mezi cenou za mamograf \u010di ultrazvuk, a \u010d\u00e1stkou 1500 korun, mohou \u017eeny a\u017e do poloviny pr\u00e1zdnin vyu\u017e\u00edt t\u0159eba na test zji\u0161\u0165uj\u00edc\u00ed krev ve stolici, co\u017e m\u016f\u017ee b\u00fdt p\u0159\u00edznak rakoviny tlust\u00e9ho st\u0159eva, mohou si z t\u011bchto pen\u011bz tak\u00e9 zaplatit vy\u0161et\u0159en\u00ed a o\u0161et\u0159en\u00ed ko\u017en\u00edch znam\u00e9nek \u010di dent\u00e1ln\u00ed hygienu. T\u011bhotn\u00e9 si mohou zaplatit vy\u0161et\u0159en\u00ed \u0161t\u00edtn\u00e9 \u017el\u00e1zy, kter\u00e9 nen\u00ed z poji\u0161t\u011bn\u00ed hrazeno.<\/p>\n<p>&#8222;Nab\u00eddka plat\u00ed nejen pro \u010dlenky preventivn\u00edho programu VZP Zdrav\u00fd \u017eivot, ale pro v\u0161echny \u017eeny &#8211; sta\u010d\u00ed, kdy\u017e p\u0159i \u017e\u00e1dosti o proplacen\u00ed \u00fa\u010dtu od l\u00e9ka\u0159e na pobo\u010dce poji\u0161\u0165ovny p\u0159ihl\u00e1\u0161ku do programu Zdrav\u00fd \u017eivot dodate\u010dn\u011b vypln\u00ed,&#8220; uvedl Tich\u00fd. Dodal, \u017ee VZP proplat\u00ed pouze ta vy\u0161et\u0159en\u00ed, kter\u00e1 \u017eeny zaplatily po 1. kv\u011btnu 2013, nikoliv d\u0159\u00edve.<\/p>\n<p>invArena<\/p>\n","protected":false},"excerpt":{"rendered":"<div class=\"mh-excerpt\"><p>Pro mimo\u0159\u00e1dnou akci se rozhodla\u00a0VZP. Sv\u00fdm klientk\u00e1m mlad\u0161\u00edm 45 let zaplat\u00ed a\u017e do konce listopadu preventivn\u00ed vy\u0161et\u0159en\u00ed prsou. Za zbyl\u00e9 pen\u00edze z 1500 korun p\u0159\u00edsp\u011bvku <a class=\"mh-excerpt-more\" href=\"https:\/\/www.invarena.cz\/?p=5120\" title=\"VZP zaplat\u00ed \u017een\u00e1m do konce listopadu preventivn\u00ed vy\u0161et\u0159en\u00ed prsou\">[&#8230;]<\/a><\/p>\n<\/div>","protected":false},"author":1,"featured_media":0,"comment_status":"open","ping_status":"open","sticky":false,"template":"","format":"standard","meta":{"footnotes":""},"categories":[1,11,9],"tags":[],"class_list":["post-5120","post","type-post","status-publish","format-standard","hentry","category-nezarazene","category-zdravi","category-zpravy"],"_links":{"self":[{"href":"https:\/\/www.invarena.cz\/index.php?rest_route=\/wp\/v2\/posts\/5120","targetHints":{"allow":["GET"]}}],"collection":[{"href":"https:\/\/www.invarena.cz\/index.php?rest_route=\/wp\/v2\/posts"}],"about":[{"href":"https:\/\/www.invarena.cz\/index.php?rest_route=\/wp\/v2\/types\/post"}],"author":[{"embeddable":true,"href":"https:\/\/www.invarena.cz\/index.php?rest_route=\/wp\/v2\/users\/1"}],"replies":[{"embeddable":true,"href":"https:\/\/www.invarena.cz\/index.php?rest_route=%2Fwp%2Fv2%2Fcomments&post=5120"}],"version-history":[{"count":0,"href":"https:\/\/www.invarena.cz\/index.php?rest_route=\/wp\/v2\/posts\/5120\/revisions"}],"wp:attachment":[{"href":"https:\/\/www.invarena.cz\/index.php?rest_route=%2Fwp%2Fv2%2Fmedia&parent=5120"}],"wp:term":[{"taxonomy":"category","embeddable":true,"href":"https:\/\/www.invarena.cz\/index.php?rest_route=%2Fwp%2Fv2%2Fcategories&post=5120"},{"taxonomy":"post_tag","embeddable":true,"href":"https:\/\/www.invarena.cz\/index.php?rest_route=%2Fwp%2Fv2%2Ftags&post=5120"}],"curies":[{"name":"wp","href":"https:\/\/api.w.org\/{rel}","templated":true}]}}