{"id":51231,"date":"2024-08-13T05:08:15","date_gmt":"2024-08-13T03:08:15","guid":{"rendered":"https:\/\/www.invarena.cz\/?p=51231"},"modified":"2024-08-13T05:08:16","modified_gmt":"2024-08-13T03:08:16","slug":"proverovani-podminek-obecnich-pronajmu","status":"publish","type":"post","link":"https:\/\/www.invarena.cz\/?p=51231","title":{"rendered":"Prov\u011b\u0159ov\u00e1n\u00ed podm\u00ednek obecn\u00edch pron\u00e1jm\u016f\u00a0\u00a0"},"content":{"rendered":"\n<p>\u00a0\u010cT 1\u00a0<\/p>\n\n\n\n<p><br \/>Zhruba u poloviny obecn\u00edch byt\u016f v Praze nen\u00ed z\u0159ejm\u00e9, pro\u010d je metropole nebo jej\u00ed \u010d\u00e1sti pronaj\u00edmaj\u00ed za zv\u00fdhodn\u011bn\u00fdch podm\u00ednek. Uk\u00e1zala to anal\u00fdza Institutu pl\u00e1nov\u00e1n\u00ed a rozvoje. Podle n\u00ed m\u016f\u017ee j\u00edt i o des\u00edtky let star\u00e9 smlouvy. T\u0159eba Praha 1 te\u010f za\u010dala prov\u011b\u0159ovat i letit\u00e9 smlouvy na nebytov\u00e9 prostory, a to hlavn\u011b kancel\u00e1\u0159e organizac\u00ed, kter\u00e9 se ozna\u010duj\u00ed jako neziskov\u00e9. U n\u011bkter\u00fdch u\u017e na\u0161la pochyben\u00ed.<br \/><br \/>17 korun za metr \u010dtvere\u010dn\u00ed. Takovou \u010d\u00e1stku platila \u00fadajn\u011b charitativn\u00ed spole\u010dnost za pron\u00e1jem lukrativn\u00edch prostor na Mal\u00e9 Stran\u011b. V\u00fdt\u011b\u017eek m\u011bl j\u00edt na ment\u00e1ln\u011b\u00a0<strong>posti\u017een\u00e9<\/strong>, jen\u017ee po kontrole \u00fa\u0159edn\u00edky se uk\u00e1zalo, \u017ee prostory jsou sp\u00ed\u0161e nevyu\u017e\u00edvan\u00e9. B\u011b\u017en\u00e1 v\u00fd\u0161e n\u00e1jmu je p\u0159itom v lokalit\u011b 400 korun za metr \u010dtvere\u010dn\u00ed, tedy v\u00edce ne\u017e dvacetin\u00e1sobek. Podobn\u011b nev\u00fdhodn\u00fdch smluv odhalila radnice na 260.<br \/><br \/>Terezie Radom\u011b\u0159sk\u00e1, starostka M\u010c Praha 1 \/TOP 09\/<br \/>&#8212;&#8212;&#8212;&#8212;&#8212;&#8212;&#8211;<br \/>Ty n\u00e1jmy jsou tak n\u00edzk\u00e9, \u017ee to nap\u0159\u00edklad nepokryje nejenom pojistku, ale taky t\u0159eba jenom p\u0159\u00edsp\u011bvek na \u00fadr\u017ebu toho domu.<br \/><br \/> redaktorka \u010cT<br \/>&#8212;&#8212;&#8212;&#8212;&#8212;&#8212;&#8211;<br \/>Radnice te\u010f \u017e\u00e1d\u00e1, aby dolo\u017eili, pro\u010d maj\u00ed m\u00edt n\u00e1rok na ni\u017e\u0161\u00ed n\u00e1jemn\u00e9.<br \/><br \/>Terezie Radom\u011b\u0159sk\u00e1, starostka M\u010c Praha 1 \/TOP 09\/<br \/>&#8212;&#8212;&#8212;&#8212;&#8212;&#8212;&#8211;<br \/>Komise obch\u00e1zej\u00ed ty jednotliv\u00e9 adresy a zji\u0161\u0165uj\u00ed, jestli re\u00e1ln\u011b ty organizace tam skute\u010dn\u011b funguj\u00ed, co p\u0159in\u00e1\u0161ej\u00ed m\u011bstsk\u00e9 \u010d\u00e1sti a jej\u00edm ob\u010dan\u016fm.<br \/><br \/>Kristina Kolovr\u00e1tkov\u00e1, redaktorka \u010cT<br \/>&#8212;&#8212;&#8212;&#8212;&#8212;&#8212;&#8211;<br \/>Nejasnosti jsou ale i v p\u0159\u00edpad\u011b p\u0159id\u011blov\u00e1n\u00ed obecn\u00edch byt\u016f. Ned\u00e1vn\u00e1 anal\u00fdza Institutu pl\u00e1nov\u00e1n\u00ed a rozvoje uk\u00e1zala, \u017ee u poloviny z nich nen\u00ed z\u0159ejm\u00e9, komu a pro\u010d je vlastn\u011b m\u011bstsk\u00e9 \u010d\u00e1sti za v\u00fdhodn\u00fdch podm\u00ednek pronaj\u00edmaj\u00ed. Potvrzuje to tento graf. \u0160ed\u00e1 barva zna\u010d\u00ed, \u017ee m\u011bstsk\u00e1 \u010d\u00e1st neobjasnila, komu obecn\u00ed byt pronaj\u00edm\u00e1. Informace chyb\u011bj\u00ed t\u0159eba u Prahy 4, 9 anebo 10.<br \/><br \/>Radek Lojda, m\u00edstostarosta, Praha 10 \/TOP 09\/<br \/>&#8212;&#8212;&#8212;&#8212;&#8212;&#8212;&#8211;<br \/>Jsou to star\u00e9 smlouvy ne\u0159e\u0161iteln\u00e9. My to te\u010f samoz\u0159ejm\u011b nahrazujeme smlouvami nov\u00fdmi, aktu\u00e1ln\u00edmi, kter\u00e9 jsou uzav\u00edran\u00fd na dobu ur\u010ditou na dva roky.<br \/><br \/> redaktorka \u010cT<br \/>&#8212;&#8212;&#8212;&#8212;&#8212;&#8212;&#8211;<br \/>Vypov\u011bd\u011bt ale n\u011bkter\u00e9 podle radn\u00edho nem\u016f\u017eou. Postupn\u011b tak zvedli alespo\u0148 n\u00e1jem na 165 korun za metr \u010dtvere\u010dn\u00ed. V\u00edc byt\u016f tak\u00e9 nab\u00edz\u00ed formou dra\u017eby.<br \/><br \/>Zde\u0148ka Havlov\u00e1, vedouc\u00ed kancel\u00e1\u0159e anal\u00fdz m\u011bsta, Institut pl\u00e1nov\u00e1n\u00ed a rozvoje<br \/>&#8212;&#8212;&#8212;&#8212;&#8212;&#8212;&#8211;<br \/>Jsou n\u011bkter\u00e9 m\u011bstsk\u00e9 \u010d\u00e1sti, kter\u00e9 maj\u00ed v\u011bt\u0161\u00ed pod\u00edl byt\u016f pro seniory. To je i vid\u011bt t\u0159eba tady v t\u00e9 jihov\u00fdchodn\u00ed, jihoz\u00e1padn\u00ed \u010d\u00e1sti m\u011bsta.<br \/><br \/> redaktorka \u010cT<br \/>&#8212;&#8212;&#8212;&#8212;&#8212;&#8212;&#8211;<br \/>T\u0159eba v Praze 9 p\u0159eva\u017euj\u00ed byty pro podporovan\u00e9 profese, policisty, zdravotn\u00edky \u010di u\u010ditele. Naopak v Mod\u0159anech, ale i v Praze 2 zase tr\u017en\u00ed pron\u00e1jmy. Za posledn\u00ed dva roky ubylo kv\u016fli privatizaci 504 byt\u016f. V sou\u010dasnosti tak tvo\u0159\u00ed 4 % bytov\u00e9ho fondu v Praze. Je\u0161t\u011b v roce 1991 to bylo 40 %.<br \/><br \/>Tom\u00e1\u0161 Novotn\u00fd, m\u00edstop\u0159edseda p\u0159edstavenstva, Technologie hl. m. Prahy<br \/>&#8212;&#8212;&#8212;&#8212;&#8212;&#8212;&#8211;<br \/>Vch\u00e1z\u00edme do b\u00fdval\u00e9m hotelu Opatov v osmn\u00e1ct\u00e9m pat\u0159e do bytov\u00e9 jednotky 4+kk o velikosti necel\u00fdch 80 metr\u016f \u010dtvere\u010dn\u00edch. Byty budou ur\u010deny pro zdravotn\u011b handicapovan\u00e9 osoby, pro mlad\u00e9 rodiny s d\u011btmi a pro pot\u0159ebn\u00e9 profese.<br \/><br \/>redaktorka \u010cT<br \/>&#8212;&#8212;&#8212;&#8212;&#8212;&#8212;&#8211;<br \/>V 22 podla\u017en\u00ed budov\u011b m\u00e1 do p\u0159\u00ed\u0161t\u00edho l\u00e9ta vzniknout p\u0159es 270 magistr\u00e1tn\u00edch byt\u016f pro 650 lid\u00ed. M\u011bsto te\u010f \u017e\u00e1d\u00e1 povolen\u00ed na v\u00fdstavbu dal\u0161\u00edch 450 byt\u016f. Pl\u00e1n je jich postavit t\u00e9m\u011b\u0159 8000 do roku 2035. <\/p>\n\n\n\n<p> \u010cesk\u00e1 televize.<\/p>\n\n\n\n<p><\/p>\n","protected":false},"excerpt":{"rendered":"<div class=\"mh-excerpt\"><p>\u00a0\u010cT 1\u00a0 Zhruba u poloviny obecn\u00edch byt\u016f v Praze nen\u00ed z\u0159ejm\u00e9, pro\u010d je metropole nebo jej\u00ed \u010d\u00e1sti pronaj\u00edmaj\u00ed za zv\u00fdhodn\u011bn\u00fdch podm\u00ednek. Uk\u00e1zala to anal\u00fdza Institutu <a class=\"mh-excerpt-more\" href=\"https:\/\/www.invarena.cz\/?p=51231\" title=\"Prov\u011b\u0159ov\u00e1n\u00ed podm\u00ednek obecn\u00edch pron\u00e1jm\u016f\u00a0\u00a0\">[&#8230;]<\/a><\/p>\n<\/div>","protected":false},"author":1,"featured_media":21032,"comment_status":"open","ping_status":"closed","sticky":false,"template":"","format":"standard","meta":{"footnotes":""},"categories":[7],"tags":[],"class_list":["post-51231","post","type-post","status-publish","format-standard","has-post-thumbnail","hentry","category-spolecnost"],"_links":{"self":[{"href":"https:\/\/www.invarena.cz\/index.php?rest_route=\/wp\/v2\/posts\/51231","targetHints":{"allow":["GET"]}}],"collection":[{"href":"https:\/\/www.invarena.cz\/index.php?rest_route=\/wp\/v2\/posts"}],"about":[{"href":"https:\/\/www.invarena.cz\/index.php?rest_route=\/wp\/v2\/types\/post"}],"author":[{"embeddable":true,"href":"https:\/\/www.invarena.cz\/index.php?rest_route=\/wp\/v2\/users\/1"}],"replies":[{"embeddable":true,"href":"https:\/\/www.invarena.cz\/index.php?rest_route=%2Fwp%2Fv2%2Fcomments&post=51231"}],"version-history":[{"count":0,"href":"https:\/\/www.invarena.cz\/index.php?rest_route=\/wp\/v2\/posts\/51231\/revisions"}],"wp:featuredmedia":[{"embeddable":true,"href":"https:\/\/www.invarena.cz\/index.php?rest_route=\/wp\/v2\/media\/21032"}],"wp:attachment":[{"href":"https:\/\/www.invarena.cz\/index.php?rest_route=%2Fwp%2Fv2%2Fmedia&parent=51231"}],"wp:term":[{"taxonomy":"category","embeddable":true,"href":"https:\/\/www.invarena.cz\/index.php?rest_route=%2Fwp%2Fv2%2Fcategories&post=51231"},{"taxonomy":"post_tag","embeddable":true,"href":"https:\/\/www.invarena.cz\/index.php?rest_route=%2Fwp%2Fv2%2Ftags&post=51231"}],"curies":[{"name":"wp","href":"https:\/\/api.w.org\/{rel}","templated":true}]}}