{"id":51246,"date":"2024-08-13T04:48:06","date_gmt":"2024-08-13T02:48:06","guid":{"rendered":"https:\/\/www.invarena.cz\/?p=51246"},"modified":"2024-08-13T04:48:06","modified_gmt":"2024-08-13T02:48:06","slug":"stavkova-pohotovost-v-socialnich-sluzbach","status":"publish","type":"post","link":"https:\/\/www.invarena.cz\/?p=51246","title":{"rendered":"St\u00e1vkov\u00e1 pohotovost v soci\u00e1ln\u00edch slu\u017eb\u00e1ch\u00a0\u00a0"},"content":{"rendered":"\n<p>\u00a0\u010cT 1<\/p>\n\n\n\n<p><br \/>3000 zam\u011bstnanc\u016f sch\u00e1zej\u00ed v soci\u00e1ln\u00edch slu\u017eb\u00e1ch nap\u0159\u00ed\u010d regiony. Uv\u00e1d\u00ed to Asociace jejich poskytovatel\u016f. Jedn\u00edm z hlavn\u00edch d\u016fvod\u016f jsou podle odbor\u00e1\u0159\u016f n\u00edzk\u00e9 platy. Po\u017eaduj\u00ed proto od ministerstva pr\u00e1ce a soci\u00e1ln\u00edch v\u011bc\u00ed jejich nav\u00fd\u0161en\u00ed o 10 % pro v\u0161echny pracovn\u00edky. Odbory jsou u\u017e kv\u016fli tomu ve st\u00e1vkov\u00e9 pohotovosti.<br \/><br \/>Jarmila \u010cern\u00e1, klientka t\u00fddenn\u00edho stacion\u00e1\u0159e Domovinka, Plze\u0148<br \/>&#8212;&#8212;&#8212;&#8212;&#8212;&#8212;&#8211;<br \/>Ti henleinovci chodili, to si pamatuju jako d\u00edt\u011b, chodili n\u00e1m pod oknama, h\u00e1zeli n\u00e1m kameny do oken.<br \/><br \/>redaktorka \u010cT<br \/>&#8212;&#8212;&#8212;&#8212;&#8212;&#8212;&#8211;<br \/>Vzpom\u00ednky jedenadevades\u00e1tilet\u00e9 Jarmily \u010cern\u00e9 na d\u011btstv\u00ed. Ve stacion\u00e1\u0159i \u017eije necel\u00fd rok.<br \/><br \/>Jarmila \u010cern\u00e1, klientka t\u00fddenn\u00edho stacion\u00e1\u0159e Domovinka, Plze\u0148<br \/>&#8212;&#8212;&#8212;&#8212;&#8212;&#8212;&#8211;<br \/>Jsem spokojen\u00e1, \u017ee se to v\u016fbec povedlo se sem dostat.<br \/><br \/>Bohumila Haj\u0161manov\u00e1, \u0159editelka, Domovinka &#8211; soci\u00e1ln\u00ed slu\u017eby<br \/>&#8212;&#8212;&#8212;&#8212;&#8212;&#8212;&#8211;<br \/>Samoz\u0159ejm\u011b m\u00e1me dlouh\u00fd po\u0159adn\u00edk. Pokud bychom mohli p\u0159ijmout pe\u010dovatelku a m\u011bli bychom dotace, tak samoz\u0159ejm\u011b tu kapacitu okam\u017eit\u011b vy\u010derp\u00e1me.<br \/><br \/> redaktorka \u010cT<br \/>&#8212;&#8212;&#8212;&#8212;&#8212;&#8212;&#8211;<br \/>Bez toho, \u017ee by pe\u010dovatel\u00e9 ze spolku Spolu doma denn\u011b nepom\u00e1hali, si starost o maminku nedovede p\u0159edstavit Stanislav Frank.<br \/><br \/>Stanislav Frank, obyvatel Plzn\u011b<br \/>&#8212;&#8212;&#8212;&#8212;&#8212;&#8212;&#8211;<br \/>Je to fyzicky i psychicky velmi n\u00e1ro\u010dn\u00fd a ty \u017eeny, kter\u00e9 tam pom\u00e1haj\u00ed, jsou vylo\u017een\u011b svat\u00fd.<br \/><br \/>Jana \u010cervenkov\u00e1, \u0159editelka, Spolu doma<br \/>&#8212;&#8212;&#8212;&#8212;&#8212;&#8212;&#8211;<br \/>V tuhletu chv\u00edli n\u00e1m chyb\u00ed \u010dty\u0159i pe\u010dovatelky. Jde taky o finan\u010dn\u00ed ohodnocen\u00ed, kter\u00e9 nen\u00ed zrovna \u00fapln\u011b nejlep\u0161\u00ed.<br \/><br \/> redaktorka \u010cT<br \/>&#8212;&#8212;&#8212;&#8212;&#8212;&#8212;&#8211;<br \/>Na jedn\u00e9 stran\u011b je velk\u00fd z\u00e1jem klient\u016f, na druh\u00e9 nedostatek pe\u010dovatel\u016f.<br \/><br \/>Ji\u0159\u00ed Boh\u00e1\u010dek, \u0159editel, Hewer, osobn\u00ed asistence<br \/>&#8212;&#8212;&#8212;&#8212;&#8212;&#8212;&#8211;<br \/>M\u00e1me kolem 450 klient\u016f te\u010fka aktu\u00e1ln\u011b v tento m\u011bs\u00edc, ale v po\u0159adn\u00edku jich je jednou tolik.<br \/><br \/> redaktorka \u010cT<br \/>&#8212;&#8212;&#8212;&#8212;&#8212;&#8212;&#8211;<br \/>V Heweru chyb\u00ed zhruba 10 % osobn\u00edch asistent\u016f. Pr\u00e1v\u011b zv\u00fd\u0161en\u00ed plat\u016f by mohlo p\u0159iv\u00e9st do soci\u00e1ln\u00edch slu\u017eeb v\u00edc pracovn\u00edk\u016f. Ministerstvo navrhuje zv\u00fd\u0161en\u00ed o sedm nebo 10 %, ale pro technick\u00e9 pracovn\u00edky v soci\u00e1ln\u00edch slu\u017eb\u00e1ch.<br \/><br \/>Dagmar \u017ditn\u00edkov\u00e1, Odborov\u00fd svaz zdravotnictv\u00ed a soci\u00e1ln\u00ed p\u00e9\u010de \u010cesk\u00e9 republiky<br \/>&#8212;&#8212;&#8212;&#8212;&#8212;&#8212;&#8211;<br \/>Chceme, aby se upravily tak\u00e9 platy pr\u00e1v\u011b pe\u010dovatelk\u00e1m a v\u0161em t\u011bm pracovn\u00edk\u016fm, kte\u0159\u00ed se staraj\u00ed o klienty v za\u0159\u00edzen\u00edch soci\u00e1ln\u00edch slu\u017eeb.<br \/><br \/>Kate\u0159ina Proch\u00e1zkov\u00e1, \u0159editelka odboru komunikace a mluv\u010d\u00ed MF<br \/>&#8212;&#8212;&#8212;&#8212;&#8212;&#8212;&#8211;<br \/>M\u016f\u017eeme potvrdit, \u017ee moment\u00e1ln\u011b prob\u00edhaj\u00ed vz\u00e1jemn\u00e1 jedn\u00e1n\u00ed, kter\u00e1 se t\u00fdkaj\u00ed st\u00e1tn\u00edho rozpo\u010dtu pro p\u0159\u00ed\u0161t\u00ed rok.<br \/><br \/>Marcela Durasov\u00e1, redaktorka \u010cT<br \/>&#8212;&#8212;&#8212;&#8212;&#8212;&#8212;&#8211;<br \/>Odbor\u00e1\u0159i by se s\u00a0<strong>ministrem<\/strong>\u00a0<strong>pr\u00e1ce<\/strong>\u00a0a soci\u00e1ln\u00edch v\u011bc\u00ed m\u011bli setkat a jednat u\u017e 19. srpna. <\/p>\n\n\n\n<p>\u010cesk\u00e1 televize, Plze\u0148.<\/p>\n\n\n\n<p><a href=\"https:\/\/monitoring.anopress.cz\/files\/dnload\/final\/medical_00322_82955770.htm#obsah\"><br \/><\/a><\/p>\n","protected":false},"excerpt":{"rendered":"<div class=\"mh-excerpt\"><p>\u00a0\u010cT 1 3000 zam\u011bstnanc\u016f sch\u00e1zej\u00ed v soci\u00e1ln\u00edch slu\u017eb\u00e1ch nap\u0159\u00ed\u010d regiony. Uv\u00e1d\u00ed to Asociace jejich poskytovatel\u016f. Jedn\u00edm z hlavn\u00edch d\u016fvod\u016f jsou podle odbor\u00e1\u0159\u016f n\u00edzk\u00e9 platy. Po\u017eaduj\u00ed <a class=\"mh-excerpt-more\" href=\"https:\/\/www.invarena.cz\/?p=51246\" title=\"St\u00e1vkov\u00e1 pohotovost v soci\u00e1ln\u00edch slu\u017eb\u00e1ch\u00a0\u00a0\">[&#8230;]<\/a><\/p>\n<\/div>","protected":false},"author":1,"featured_media":17814,"comment_status":"open","ping_status":"closed","sticky":false,"template":"","format":"standard","meta":{"footnotes":""},"categories":[9],"tags":[],"class_list":["post-51246","post","type-post","status-publish","format-standard","has-post-thumbnail","hentry","category-zpravy"],"_links":{"self":[{"href":"https:\/\/www.invarena.cz\/index.php?rest_route=\/wp\/v2\/posts\/51246","targetHints":{"allow":["GET"]}}],"collection":[{"href":"https:\/\/www.invarena.cz\/index.php?rest_route=\/wp\/v2\/posts"}],"about":[{"href":"https:\/\/www.invarena.cz\/index.php?rest_route=\/wp\/v2\/types\/post"}],"author":[{"embeddable":true,"href":"https:\/\/www.invarena.cz\/index.php?rest_route=\/wp\/v2\/users\/1"}],"replies":[{"embeddable":true,"href":"https:\/\/www.invarena.cz\/index.php?rest_route=%2Fwp%2Fv2%2Fcomments&post=51246"}],"version-history":[{"count":0,"href":"https:\/\/www.invarena.cz\/index.php?rest_route=\/wp\/v2\/posts\/51246\/revisions"}],"wp:featuredmedia":[{"embeddable":true,"href":"https:\/\/www.invarena.cz\/index.php?rest_route=\/wp\/v2\/media\/17814"}],"wp:attachment":[{"href":"https:\/\/www.invarena.cz\/index.php?rest_route=%2Fwp%2Fv2%2Fmedia&parent=51246"}],"wp:term":[{"taxonomy":"category","embeddable":true,"href":"https:\/\/www.invarena.cz\/index.php?rest_route=%2Fwp%2Fv2%2Fcategories&post=51246"},{"taxonomy":"post_tag","embeddable":true,"href":"https:\/\/www.invarena.cz\/index.php?rest_route=%2Fwp%2Fv2%2Ftags&post=51246"}],"curies":[{"name":"wp","href":"https:\/\/api.w.org\/{rel}","templated":true}]}}