{"id":51268,"date":"2024-08-13T20:53:30","date_gmt":"2024-08-13T18:53:30","guid":{"rendered":"https:\/\/www.invarena.cz\/?p=51268"},"modified":"2024-08-13T20:53:31","modified_gmt":"2024-08-13T18:53:31","slug":"letosni-beh-mestem-stastnych-lasek-pro-sdileni-opet-v-telci-lamal-rekordy","status":"publish","type":"post","link":"https:\/\/www.invarena.cz\/?p=51268","title":{"rendered":"Leto\u0161n\u00ed B\u011bh m\u011bstem \u0161\u0165astn\u00fdch l\u00e1sek pro Sd\u00edlen\u00ed op\u011bt v Tel\u010di l\u00e1mal rekordy"},"content":{"rendered":"\n<p>S p\u0159elomem pr\u00e1zdnin o\u017eilo tel\u010dsk\u00e9 n\u00e1m\u011bst\u00ed nejen festivalem Pr\u00e1zdniny v Tel\u010di, ale i tradi\u010dn\u00ed akc\u00ed Sd\u00edlen\u00ed s n\u00e1zvem B\u011bh m\u011bstem \u0161\u0165astn\u00fdch l\u00e1sek. Leto\u0161n\u00ed, u\u017e osm\u00fd ro\u010dn\u00edk p\u0159ekonal ty p\u0159edch\u00e1zej\u00edc\u00ed jak v celkov\u00e9m v\u00fdt\u011b\u017eku a po\u010dtu \u00fa\u010dastn\u00edk\u016f, tak i v po\u010dtu dobrovoln\u00edk\u016f, kte\u0159\u00ed na b\u011bhu pom\u00e1hali.<\/p>\n\n\n\n<p>P\u0159esn\u011b 949 b\u011b\u017ec\u016f, chodc\u016f, cyklist\u016f, d\u011bt\u00ed v ko\u010d\u00e1rku \u010di na odr\u00e1\u017eedle, ale i voz\u00ed\u010dk\u00e1\u0159\u016f absolvovalo krat\u0161\u00ed \u010di del\u0161\u00ed trasu b\u011bhu a za odm\u011bnu si navl\u00e9klo na krk tradi\u010dn\u00ed pern\u00edkovou medaili s logem Sd\u00edlen\u00ed. Ka\u017ed\u00e9mu z nich pat\u0159\u00ed obrovsk\u00e9 a up\u0159\u00edmn\u00e9 pod\u011bkov\u00e1n\u00ed, \u017ee se rozhodli j\u00edt \u010di b\u011b\u017eet pro ty, kte\u0159\u00ed ji\u017e sami nemohou.<\/p>\n\n\n\n<p>V\u00fdt\u011b\u017eek je 430 460 korun, co\u017e je t\u00e9m\u011b\u0159 o pades\u00e1t tis\u00edc v\u00edc ne\u017e v lo\u0148sk\u00e9m roce. \u010c\u00e1stka se skl\u00e1d\u00e1 jak z registrac\u00ed jednotlivc\u016f, tak i z finan\u010dn\u00edch dar\u016f podnikatel\u016f a firem.<\/p>\n\n\n\n<p>Dvaa\u010dty\u0159icet. To je po\u010det dobrovolnic a dobrovoln\u00edk\u016f, bez kter\u00fdch bychom b\u011bh Sd\u00edlen\u00ed v\u016fbec nezvl\u00e1dli zorganizovat. Tito lid\u00e9 dobr\u00e9 v\u016fle pom\u00e1hali p\u00e9ct, zdobit a navl\u00e9kat medaile, stav\u011bt a bourat br\u00e1nu na n\u00e1m\u011bst\u00ed, zna\u010dit trasu, zabezpe\u010dit slu\u017ebu na st\u00e1nku po celou dobu kon\u00e1n\u00ed b\u011bhu, zajistit ozvu\u010den\u00ed.<\/p>\n\n\n\n<p>Leto\u0161n\u00ed B\u011bh m\u011bstem \u0161\u0165astn\u00fdch l\u00e1sek byl d\u00edky v\u00e1m v\u0161em, kte\u0159\u00ed jste p\u0159i\u0161li, op\u011bt nezapomenuteln\u00fd. Tolik pozitivn\u00ed energie, \u00fasm\u011bv\u016f, hezk\u00fdch vzpom\u00ednek, objet\u00ed, p\u0159\u00e1telsk\u00fdch setk\u00e1n\u00ed. U\u017e nyn\u00ed se t\u011b\u0161\u00edme, co hezk\u00e9ho p\u0159inese p\u0159\u00ed\u0161t\u00ed, ji\u017e dev\u00e1t\u00fd ro\u010dn\u00edk.<\/p>\n\n\n\n<p>V\u0161em, kte\u0159\u00ed se do akce jak\u00fdmkoli zp\u016fsobem zapojili, moc d\u011bkujeme.<\/p>\n\n\n\n<p>Milena Kope\u010dn\u00e1<\/p>\n\n\n\n<p>Jihlavsk\u00fd den\u00edk<\/p>\n\n\n\n<p><a href=\"https:\/\/jihlavsky.denik.cz\" target=\"_blank\" rel=\"noreferrer noopener\">https:\/\/jihlavsky.denik.cz<\/a><\/p>\n","protected":false},"excerpt":{"rendered":"<div class=\"mh-excerpt\"><p>S p\u0159elomem pr\u00e1zdnin o\u017eilo tel\u010dsk\u00e9 n\u00e1m\u011bst\u00ed nejen festivalem Pr\u00e1zdniny v Tel\u010di, ale i tradi\u010dn\u00ed akc\u00ed Sd\u00edlen\u00ed s n\u00e1zvem B\u011bh m\u011bstem \u0161\u0165astn\u00fdch l\u00e1sek. Leto\u0161n\u00ed, u\u017e osm\u00fd <a class=\"mh-excerpt-more\" href=\"https:\/\/www.invarena.cz\/?p=51268\" title=\"Leto\u0161n\u00ed B\u011bh m\u011bstem \u0161\u0165astn\u00fdch l\u00e1sek pro Sd\u00edlen\u00ed op\u011bt v Tel\u010di l\u00e1mal rekordy\">[&#8230;]<\/a><\/p>\n<\/div>","protected":false},"author":1,"featured_media":30386,"comment_status":"open","ping_status":"closed","sticky":false,"template":"","format":"standard","meta":{"footnotes":""},"categories":[9],"tags":[],"class_list":["post-51268","post","type-post","status-publish","format-standard","has-post-thumbnail","hentry","category-zpravy"],"_links":{"self":[{"href":"https:\/\/www.invarena.cz\/index.php?rest_route=\/wp\/v2\/posts\/51268","targetHints":{"allow":["GET"]}}],"collection":[{"href":"https:\/\/www.invarena.cz\/index.php?rest_route=\/wp\/v2\/posts"}],"about":[{"href":"https:\/\/www.invarena.cz\/index.php?rest_route=\/wp\/v2\/types\/post"}],"author":[{"embeddable":true,"href":"https:\/\/www.invarena.cz\/index.php?rest_route=\/wp\/v2\/users\/1"}],"replies":[{"embeddable":true,"href":"https:\/\/www.invarena.cz\/index.php?rest_route=%2Fwp%2Fv2%2Fcomments&post=51268"}],"version-history":[{"count":0,"href":"https:\/\/www.invarena.cz\/index.php?rest_route=\/wp\/v2\/posts\/51268\/revisions"}],"wp:featuredmedia":[{"embeddable":true,"href":"https:\/\/www.invarena.cz\/index.php?rest_route=\/wp\/v2\/media\/30386"}],"wp:attachment":[{"href":"https:\/\/www.invarena.cz\/index.php?rest_route=%2Fwp%2Fv2%2Fmedia&parent=51268"}],"wp:term":[{"taxonomy":"category","embeddable":true,"href":"https:\/\/www.invarena.cz\/index.php?rest_route=%2Fwp%2Fv2%2Fcategories&post=51268"},{"taxonomy":"post_tag","embeddable":true,"href":"https:\/\/www.invarena.cz\/index.php?rest_route=%2Fwp%2Fv2%2Ftags&post=51268"}],"curies":[{"name":"wp","href":"https:\/\/api.w.org\/{rel}","templated":true}]}}