{"id":51281,"date":"2024-08-13T21:10:35","date_gmt":"2024-08-13T19:10:35","guid":{"rendered":"https:\/\/www.invarena.cz\/?p=51281"},"modified":"2024-08-13T21:10:35","modified_gmt":"2024-08-13T19:10:35","slug":"ochromila-jej-zahadna-choroba-ale-nevzdal-se-z-jeho-vonnych-svicek-je-hit","status":"publish","type":"post","link":"https:\/\/www.invarena.cz\/?p=51281","title":{"rendered":"Ochromila jej z\u00e1hadn\u00e1 choroba, ale nevzdal se. Z jeho vonn\u00fdch sv\u00ed\u010dek je hit"},"content":{"rendered":"\n<p>Je\u0161t\u011b p\u0159ed \u0161esti lety vypadal \u017eivot dvaat\u0159icetilet\u00e9ho Jakuba Strouhala zcela b\u011b\u017en\u011b. Studoval doktor\u00e1t na pr\u00e1vnick\u00e9 fakult\u011b v Brn\u011b, pracoval jako firemn\u00ed pr\u00e1vn\u00edk a chodil ven s kamar\u00e1dy. Kdy\u017e mu ov\u0161em v roce 2018 za\u010dalo v\u00fdrazn\u011b ub\u00fdvat sil, nemohl to dlouho ignorovat.<\/p>\n\n\n\n<p>Cel\u00fd \u010dl\u00e1nek naleznete na idnes.cz: <a href=\"https:\/\/www.idnes.cz\/brno\/zpravy\/jakub-strouhal-vonne-svicky-podnikani-choroba.A240809_811272_brno-zpravy_krut\" target=\"_blank\" rel=\"noreferrer noopener\">https:\/\/www.idnes.cz\/brno\/zpravy\/jakub-strouhal-vonne-svicky-podnikani-choroba.A240809_811272_brno-zpravy_krut<\/a><\/p>\n","protected":false},"excerpt":{"rendered":"<div class=\"mh-excerpt\"><p>Je\u0161t\u011b p\u0159ed \u0161esti lety vypadal \u017eivot dvaat\u0159icetilet\u00e9ho Jakuba Strouhala zcela b\u011b\u017en\u011b. Studoval doktor\u00e1t na pr\u00e1vnick\u00e9 fakult\u011b v Brn\u011b, pracoval jako firemn\u00ed pr\u00e1vn\u00edk a chodil ven <a class=\"mh-excerpt-more\" href=\"https:\/\/www.invarena.cz\/?p=51281\" title=\"Ochromila jej z\u00e1hadn\u00e1 choroba, ale nevzdal se. Z jeho vonn\u00fdch sv\u00ed\u010dek je hit\">[&#8230;]<\/a><\/p>\n<\/div>","protected":false},"author":1,"featured_media":14329,"comment_status":"open","ping_status":"closed","sticky":false,"template":"","format":"standard","meta":{"footnotes":""},"categories":[9],"tags":[],"class_list":["post-51281","post","type-post","status-publish","format-standard","has-post-thumbnail","hentry","category-zpravy"],"_links":{"self":[{"href":"https:\/\/www.invarena.cz\/index.php?rest_route=\/wp\/v2\/posts\/51281","targetHints":{"allow":["GET"]}}],"collection":[{"href":"https:\/\/www.invarena.cz\/index.php?rest_route=\/wp\/v2\/posts"}],"about":[{"href":"https:\/\/www.invarena.cz\/index.php?rest_route=\/wp\/v2\/types\/post"}],"author":[{"embeddable":true,"href":"https:\/\/www.invarena.cz\/index.php?rest_route=\/wp\/v2\/users\/1"}],"replies":[{"embeddable":true,"href":"https:\/\/www.invarena.cz\/index.php?rest_route=%2Fwp%2Fv2%2Fcomments&post=51281"}],"version-history":[{"count":0,"href":"https:\/\/www.invarena.cz\/index.php?rest_route=\/wp\/v2\/posts\/51281\/revisions"}],"wp:featuredmedia":[{"embeddable":true,"href":"https:\/\/www.invarena.cz\/index.php?rest_route=\/wp\/v2\/media\/14329"}],"wp:attachment":[{"href":"https:\/\/www.invarena.cz\/index.php?rest_route=%2Fwp%2Fv2%2Fmedia&parent=51281"}],"wp:term":[{"taxonomy":"category","embeddable":true,"href":"https:\/\/www.invarena.cz\/index.php?rest_route=%2Fwp%2Fv2%2Fcategories&post=51281"},{"taxonomy":"post_tag","embeddable":true,"href":"https:\/\/www.invarena.cz\/index.php?rest_route=%2Fwp%2Fv2%2Ftags&post=51281"}],"curies":[{"name":"wp","href":"https:\/\/api.w.org\/{rel}","templated":true}]}}