{"id":51297,"date":"2024-08-13T21:44:19","date_gmt":"2024-08-13T19:44:19","guid":{"rendered":"https:\/\/www.invarena.cz\/?p=51297"},"modified":"2024-08-13T21:44:19","modified_gmt":"2024-08-13T19:44:19","slug":"parkuju-tu-jen-chvilku-stani-na-miste-pro-invalidy-se-ridickam-nevyplatilo","status":"publish","type":"post","link":"https:\/\/www.invarena.cz\/?p=51297","title":{"rendered":"Parkuju tu jen chvilku. St\u00e1n\u00ed na m\u00edst\u011b pro invalidy se \u0159idi\u010dk\u00e1m nevyplatilo"},"content":{"rendered":"\n<p>Jedn\u00edm z \u010dast\u00fdch dopravn\u00edch p\u0159estupk\u016f v \u010cesk\u00fdch Bud\u011bjovic\u00edch je neopr\u00e1vn\u011bn\u00e9 st\u00e1n\u00ed na parkovi\u0161ti pro osoby se zdravotn\u00edm posti\u017een\u00edm.<\/p>\n\n\n\n<p>Na tento typ p\u0159estupk\u016f se zam\u011b\u0159ila v pond\u011bl\u00ed 12. srpna dopoledne p\u011b\u0161\u00ed hl\u00eddka m\u011bstsk\u00e9 policie. Mluv\u010d\u00ed str\u00e1\u017en\u00edk\u016f Jaroslav Pol\u00e1nsk\u00fd \u0159\u00edk\u00e1, \u017ee p\u0159estupky tohoto druhu \u0159e\u0161\u00ed hl\u00eddky pom\u011brn\u011b \u010dasto. \u201eNej\u010dast\u011bji se jedn\u00e1 o p\u0159estupek, kdy na vyhrazen\u00e9m m\u00edst\u011b parkuje vozidlo zcela bez ozna\u010den\u00ed nebo je na m\u00edst\u011b auto s platn\u00fdm pr\u016fkazem osoby p\u0159ev\u00e1\u017eej\u00edc\u00ed osobu se zdravotn\u00edm posti\u017een\u00edm, ale tato osoba se na m\u00edst\u011b nenach\u00e1z\u00ed,\u201c uv\u00e1d\u00ed mluv\u010d\u00ed.<\/p>\n\n\n\n<p>Prvn\u00ed p\u0159\u00edpad se stal na Senov\u00e1\u017en\u00e9m n\u00e1m\u011bst\u00ed, kde si \u017eena vy\u0159izovala sv\u00e9 z\u00e1le\u017eitosti na po\u0161t\u011b a ke sv\u00e9 sm\u016fle si nev\u0161imla dopravn\u00edho zna\u010den\u00ed, kter\u00e9 parkuj\u00edc\u00ed m\u00edsto rezervuje pro zdravotn\u011b znev\u00fdhodn\u011bn\u00e9 ob\u010dany. \u201eJej\u00ed omluva, \u017ee z\u00e1le\u017eitost na po\u0161t\u011b trvala jen p\u00e1r minut, neobst\u00e1la,\u201c dod\u00e1v\u00e1 mluv\u010d\u00ed.<\/p>\n\n\n\n<p>Druh\u00fd p\u0159\u00edpad pak str\u00e1\u017en\u00edci odhalili v Pek\u00e1rensk\u00e9 ulici. \u017dena tam sice parkovala s pr\u016fkazem, ale zdravotn\u011b posti\u017een\u00e9ho s sebou nem\u011bla. Tento p\u0159estupek mohou str\u00e1\u017en\u00edci \u0159e\u0161it p\u0159\u00edkazem na m\u00edst\u011b v rozmez\u00ed 2500 a\u017e 3500 korun. \u201e\u017dena ale s pokutou ulo\u017eenou na doln\u00ed hranici nesouhlasila a cht\u011bla p\u0159estupek postoupit spr\u00e1vn\u00edmu org\u00e1nu,\u201c \u0159\u00edk\u00e1 Jaroslav Pol\u00e1nsk\u00fd z m\u011bstsk\u00e9 policie.<\/p>\n\n\n\n<p>Neopr\u00e1vn\u011bn\u00e9 parkov\u00e1n\u00ed na m\u00edst\u011b vyhrazen\u00e9m pro osoby se zdravotn\u00edm posti\u017een\u00edm je jedn\u00edm ze z\u00e1va\u017en\u011bj\u0161\u00edch dopravn\u00edch p\u0159estupk\u016f. Na m\u00edst\u011b m\u016f\u017ee b\u00fdt p\u0159estupce pokutov\u00e1n v \u010d\u00e1stk\u00e1ch 2500 a\u017e 3500 korun, spr\u00e1vn\u00ed \u00fa\u0159ad pak pokutu zv\u00fd\u0161\u00ed na rozmez\u00ed 4000 a\u017e 10 000 korun. Od roku 2022 se pak \u0159idi\u010di do bodov\u00e9ho konta p\u0159i\u010d\u00edtaj\u00ed 2 body. Pokud str\u00e1\u017en\u00edk na m\u00edst\u011b uzn\u00e1, \u017ee vozidlo spl\u0148uje podm\u00ednky pro odstran\u011bn\u00ed vozidla, m\u016f\u017ee nav\u00edc na\u0159\u00eddit odtah.<\/p>\n\n\n\n<p>Mark\u00e9ta Trubkov\u00e1<\/p>\n\n\n\n<p>\u010ceskobud\u011bjovick\u00fd den\u00edk<\/p>\n\n\n\n<p><a href=\"https:\/\/ceskobudejovicky.denik.cz\" target=\"_blank\" rel=\"noreferrer noopener\">https:\/\/ceskobudejovicky.denik.cz<\/a><\/p>\n","protected":false},"excerpt":{"rendered":"<div class=\"mh-excerpt\"><p>Jedn\u00edm z \u010dast\u00fdch dopravn\u00edch p\u0159estupk\u016f v \u010cesk\u00fdch Bud\u011bjovic\u00edch je neopr\u00e1vn\u011bn\u00e9 st\u00e1n\u00ed na parkovi\u0161ti pro osoby se zdravotn\u00edm posti\u017een\u00edm. Na tento typ p\u0159estupk\u016f se zam\u011b\u0159ila v <a class=\"mh-excerpt-more\" href=\"https:\/\/www.invarena.cz\/?p=51297\" title=\"Parkuju tu jen chvilku. St\u00e1n\u00ed na m\u00edst\u011b pro invalidy se \u0159idi\u010dk\u00e1m nevyplatilo\">[&#8230;]<\/a><\/p>\n<\/div>","protected":false},"author":1,"featured_media":30317,"comment_status":"open","ping_status":"closed","sticky":false,"template":"","format":"standard","meta":{"footnotes":""},"categories":[9],"tags":[],"class_list":["post-51297","post","type-post","status-publish","format-standard","has-post-thumbnail","hentry","category-zpravy"],"_links":{"self":[{"href":"https:\/\/www.invarena.cz\/index.php?rest_route=\/wp\/v2\/posts\/51297","targetHints":{"allow":["GET"]}}],"collection":[{"href":"https:\/\/www.invarena.cz\/index.php?rest_route=\/wp\/v2\/posts"}],"about":[{"href":"https:\/\/www.invarena.cz\/index.php?rest_route=\/wp\/v2\/types\/post"}],"author":[{"embeddable":true,"href":"https:\/\/www.invarena.cz\/index.php?rest_route=\/wp\/v2\/users\/1"}],"replies":[{"embeddable":true,"href":"https:\/\/www.invarena.cz\/index.php?rest_route=%2Fwp%2Fv2%2Fcomments&post=51297"}],"version-history":[{"count":0,"href":"https:\/\/www.invarena.cz\/index.php?rest_route=\/wp\/v2\/posts\/51297\/revisions"}],"wp:featuredmedia":[{"embeddable":true,"href":"https:\/\/www.invarena.cz\/index.php?rest_route=\/wp\/v2\/media\/30317"}],"wp:attachment":[{"href":"https:\/\/www.invarena.cz\/index.php?rest_route=%2Fwp%2Fv2%2Fmedia&parent=51297"}],"wp:term":[{"taxonomy":"category","embeddable":true,"href":"https:\/\/www.invarena.cz\/index.php?rest_route=%2Fwp%2Fv2%2Fcategories&post=51297"},{"taxonomy":"post_tag","embeddable":true,"href":"https:\/\/www.invarena.cz\/index.php?rest_route=%2Fwp%2Fv2%2Ftags&post=51297"}],"curies":[{"name":"wp","href":"https:\/\/api.w.org\/{rel}","templated":true}]}}