{"id":51399,"date":"2024-08-20T14:06:36","date_gmt":"2024-08-20T12:06:36","guid":{"rendered":"https:\/\/www.invarena.cz\/?p=51399"},"modified":"2024-08-20T14:06:37","modified_gmt":"2024-08-20T12:06:37","slug":"navysi-se-platove-tarify-zitra-zase-zacnou-jednani","status":"publish","type":"post","link":"https:\/\/www.invarena.cz\/?p=51399","title":{"rendered":"Nav\u00fd\u0161\u00ed se platov\u00e9 tarify?\u00a0Z\u00edtra zase za\u010dnou jedn\u00e1n\u00ed\u00a0"},"content":{"rendered":"\n<p>Prima\u00a0<\/p>\n\n\n\n<p>Odbory usednou k jednac\u00edmu stolu o navy\u0161ov\u00e1n\u00ed nejni\u017e\u0161\u00edch platov\u00fdch tarif\u016f s premi\u00e9rem Fialou a\u00a0ministry\u00a0pr\u00e1ce\u00a0a soci\u00e1ln\u00edch v\u011bc\u00ed Jure\u010dkou a financ\u00ed Stanjurou hned po vl\u00e1dn\u00edch pr\u00e1zdnin\u00e1ch 21. srpna. <\/p>\n\n\n\n<p><br \/>Jan Skope\u010dek z ODS v po\u0159adu 360\u00b0 ozna\u010dil \u0161\u00e9fa odbor\u00e1\u0159\u016f St\u0159edulu za lh\u00e1\u0159e. Podle ekonom\u016f je st\u00e1tn\u00ed kasa v \u017ealostn\u00e9m stavu a nav\u00fd\u0161en\u00ed nep\u0159ipad\u00e1 v \u00favahu.<br \/><br \/>Nezvl\u00e1dnut\u00e1 inflace, tristn\u00ed d\u016fchodov\u00e1 reforma nebo zaveden\u00ed konsolida\u010dn\u00edho bal\u00ed\u010dku. To v\u0161e je podle odborov\u00e9ho p\u0159ed\u00e1ka Josefa St\u0159eduly d\u016fkazem, \u017ee vl\u00e1da nepracuje pro lidi.<br \/><br \/>Josef St\u0159edula, p\u0159edseda \u010cMKOS<br \/>&#8212;&#8212;&#8212;&#8212;&#8212;&#8212;&#8211;<br \/>To je \u00fapln\u00e1 katastrofa. Tato vl\u00e1da m\u00e1 unik\u00e1t. To je vl\u00e1da, kter\u00e1 zam\u011bstnanc\u016fm jen bere.<br \/><br \/> redaktor<br \/>&#8212;&#8212;&#8212;&#8212;&#8212;&#8212;&#8211;<br \/>A pr\u00fd tomu nep\u0159idala ani v\u00fdrok \u0161\u00e9fa st\u00e1tn\u00ed kasy Stanjury, \u017ee v rozpo\u010dtu nen\u00ed na zv\u00fd\u0161en\u00ed plat\u016f st\u00e1tn\u00edch zam\u011bstnanc\u016f s nejni\u017e\u0161\u00edm tarifem &#8211; ukl\u00edze\u010dek, \u0161koln\u00edk\u016f nebo t\u0159eba kucha\u0159ek.<br \/><br \/>Josef St\u0159edula, p\u0159edseda \u010cMKOS<br \/>&#8212;&#8212;&#8212;&#8212;&#8212;&#8212;&#8211;<br \/>ODS \u0159\u00edk\u00e1: Pan\u00ed zapisovatelce u soudu, kter\u00e1 m\u00e1 20 000 hrub\u00e9ho, nep\u0159id\u00e1m. Ona je hrozn\u00e1, to je ten stra\u0161n\u00fd \u00fa\u0159edn\u00edk st\u00e1tu. Kucha\u0159ce ve \u0161kole, nep\u0159id\u00e1m.<br \/><br \/> redaktor<br \/>&#8212;&#8212;&#8212;&#8212;&#8212;&#8212;&#8211;<br \/>To ale zvedlo ze \u017eidle ob\u010dansk\u00e9ho demokrata Skope\u010dka a nazval St\u0159edulu lh\u00e1\u0159em.<br \/><br \/>Jan Skope\u010dek, m\u00edstop\u0159edseda Poslaneck\u00e9 sn\u011bmovny \/ODS\/<br \/>&#8212;&#8212;&#8212;&#8212;&#8212;&#8212;&#8211;<br \/>Tady jste obvinil to, \u017ee jsem \u0159ekl, \u017ee soudn\u00ed \u00fa\u0159ednice je \u0161\u00edlen\u00fd \u010dlov\u011bk. J\u00e1 jsem to ne\u0159ekl. Jestli t\u00edmto zp\u016fsobem chcete vyjedn\u00e1vat a s vl\u00e1dou, jestli t\u00edmto zp\u016fsobem vedete jedn\u00e1n\u00ed, tak se nediv\u00edm, \u017ee jsou odbory ne\u00fasp\u011b\u0161n\u00e9.<br \/><br \/> redaktor<br \/>&#8212;&#8212;&#8212;&#8212;&#8212;&#8212;&#8211;<br \/>Ve h\u0159e doposud byly dv\u011b varianty, p\u0159idat vybran\u00fdm profes\u00edm, kter\u00e9 ostrouhaly hlavn\u011b o inflaci, a to o 7 nebo o 10 %. St\u00e1tn\u00ed pokladnu by sedmiprocentn\u00ed nav\u00fd\u0161en\u00ed v\u010detn\u011b v\u0161ech odvod\u016f vy\u0161lo do konce tohoto roku na zhruba 4,5 miliardy korun. Desetiprocentn\u00ed pak o dv\u011b miliardy v\u00edce. Ekonomov\u00e9 vn\u00edmaj\u00ed aktu\u00e1ln\u00ed rozpo\u010dtov\u00fd stav skepticky.<br \/><br \/>Petr Barto\u0148, datov\u00fd ekonom spole\u010dnosti Datarun<br \/>&#8212;&#8212;&#8212;&#8212;&#8212;&#8212;&#8211;<br \/>Ta situace je je\u0161t\u011b o n\u011bco hor\u0161\u00ed, ne\u017e jsme si mysleli. I ty rezervy tam v podstat\u011b nejsou. Hlavn\u00ed p\u0159\u00ed\u010dina je, \u017ee \u010desk\u00e1 ekonomika neroste tak, jak jsme si mysleli. A kdy\u017e neroste letos, tak to znamen\u00e1, \u017ee tam bude o to m\u00e9n\u011b pen\u011bz i p\u0159\u00ed\u0161t\u00ed rok.<br \/><br \/>Jana Matesov\u00e1, ekonomka, b\u00fdval\u00e1 z\u00e1stupkyn\u011b \u010cR p\u0159i Sv\u011btov\u00e9 bance<br \/>&#8212;&#8212;&#8212;&#8212;&#8212;&#8212;&#8211;<br \/><strong>Ministr<\/strong>\u00a0<strong>pr\u00e1ce<\/strong>\u00a0a soci\u00e1ln\u00edch v\u011bc\u00ed se ale, by se opravdu nem\u011bl ani politicky zavazovat k tomu, na co nen\u00ed schopen ve sv\u00e9 kapitole naj\u00edt pen\u00edze.<br \/><br \/>redaktor<br \/>&#8212;&#8212;&#8212;&#8212;&#8212;&#8212;&#8211;<br \/>A kv\u016fli tomu zu\u0159\u00ed opozice. P\u0159id\u00e1vat se pr\u00fd mus\u00ed. Podle Ale\u0161e Juchelky by pen\u00edze byly, kdyby vl\u00e1da nezru\u0161ila elektronickou evidenci tr\u017eeb.<br \/><br \/>Ale\u0161 Juchelka, m\u00edstop\u0159edseda poslaneck\u00e9ho klubu, \u010dlen sn\u011bmovn\u00edho v\u00fdboru pro soci\u00e1ln\u00ed politiku \/ANO\/<br \/>&#8212;&#8212;&#8212;&#8212;&#8212;&#8212;&#8211;<br \/>To st\u00e1lo skute\u010dn\u011b jakoby velk\u00e9 pen\u00edze. My odhadujeme, \u017ee to je 20 miliard korun, a to bylo \u00fapln\u011b na za\u010d\u00e1tku. V tuto chv\u00edli se domn\u00edv\u00e1m, \u017ee ta \u010d\u00e1stka je o mnohem vy\u0161\u0161\u00ed.<br \/><br \/><br \/>CNN. Prima<\/p>\n\n\n\n<p><a href=\"https:\/\/monitoring.anopress.cz\/files\/dnload\/final\/medical_00322_16326698.htm#obsah\"><br \/><\/a><\/p>\n","protected":false},"excerpt":{"rendered":"<div class=\"mh-excerpt\"><p>Prima\u00a0 Odbory usednou k jednac\u00edmu stolu o navy\u0161ov\u00e1n\u00ed nejni\u017e\u0161\u00edch platov\u00fdch tarif\u016f s premi\u00e9rem Fialou a\u00a0ministry\u00a0pr\u00e1ce\u00a0a soci\u00e1ln\u00edch v\u011bc\u00ed Jure\u010dkou a financ\u00ed Stanjurou hned po vl\u00e1dn\u00edch pr\u00e1zdnin\u00e1ch <a class=\"mh-excerpt-more\" href=\"https:\/\/www.invarena.cz\/?p=51399\" title=\"Nav\u00fd\u0161\u00ed se platov\u00e9 tarify?\u00a0Z\u00edtra zase za\u010dnou jedn\u00e1n\u00ed\u00a0\">[&#8230;]<\/a><\/p>\n<\/div>","protected":false},"author":1,"featured_media":18700,"comment_status":"open","ping_status":"closed","sticky":false,"template":"","format":"standard","meta":{"footnotes":""},"categories":[1],"tags":[],"class_list":["post-51399","post","type-post","status-publish","format-standard","has-post-thumbnail","hentry","category-nezarazene"],"_links":{"self":[{"href":"https:\/\/www.invarena.cz\/index.php?rest_route=\/wp\/v2\/posts\/51399","targetHints":{"allow":["GET"]}}],"collection":[{"href":"https:\/\/www.invarena.cz\/index.php?rest_route=\/wp\/v2\/posts"}],"about":[{"href":"https:\/\/www.invarena.cz\/index.php?rest_route=\/wp\/v2\/types\/post"}],"author":[{"embeddable":true,"href":"https:\/\/www.invarena.cz\/index.php?rest_route=\/wp\/v2\/users\/1"}],"replies":[{"embeddable":true,"href":"https:\/\/www.invarena.cz\/index.php?rest_route=%2Fwp%2Fv2%2Fcomments&post=51399"}],"version-history":[{"count":0,"href":"https:\/\/www.invarena.cz\/index.php?rest_route=\/wp\/v2\/posts\/51399\/revisions"}],"wp:featuredmedia":[{"embeddable":true,"href":"https:\/\/www.invarena.cz\/index.php?rest_route=\/wp\/v2\/media\/18700"}],"wp:attachment":[{"href":"https:\/\/www.invarena.cz\/index.php?rest_route=%2Fwp%2Fv2%2Fmedia&parent=51399"}],"wp:term":[{"taxonomy":"category","embeddable":true,"href":"https:\/\/www.invarena.cz\/index.php?rest_route=%2Fwp%2Fv2%2Fcategories&post=51399"},{"taxonomy":"post_tag","embeddable":true,"href":"https:\/\/www.invarena.cz\/index.php?rest_route=%2Fwp%2Fv2%2Ftags&post=51399"}],"curies":[{"name":"wp","href":"https:\/\/api.w.org\/{rel}","templated":true}]}}