{"id":51401,"date":"2024-08-24T06:40:06","date_gmt":"2024-08-24T04:40:06","guid":{"rendered":"https:\/\/www.invarena.cz\/?p=51401"},"modified":"2024-08-24T06:40:07","modified_gmt":"2024-08-24T04:40:07","slug":"zachranari-v-dobe-veder","status":"publish","type":"post","link":"https:\/\/www.invarena.cz\/?p=51401","title":{"rendered":"Z\u00e1chran\u00e1\u0159i v dob\u011b veder"},"content":{"rendered":"\n<p>\u00a0Radio\u017eurn\u00e1l\u00a0<\/p>\n\n\n\n<p><br \/>Minul\u00fd t\u00fdden byl podle meteorolog\u016f nejteplej\u0161\u00ed z cel\u00e9ho l\u00e9ta. Vedro je i na ji\u017en\u00ed Morav\u011b.  Tropick\u00e9 po\u010das\u00ed m\u016f\u017ee lidem zp\u016fsobit z\u00e1va\u017en\u00e9 zdravotn\u00ed komplikace, nejohro\u017een\u011bj\u0161\u00edmi skupinami jsou d\u011bti, senio\u0159i a tak\u00e9 chronicky nemocn\u00ed. To se prom\u00edt\u00e1 do pr\u00e1ce z\u00e1chran\u00e1\u0159\u016f. Ti jihomorav\u0161t\u00ed denn\u011b eviduj\u00ed vy\u0161\u0161\u00ed des\u00edtky p\u0159\u00edpad\u016f, kter\u00e9 souvisej\u00ed pr\u00e1v\u011b s horkem, a to te\u010f probereme s vedouc\u00ed l\u00e9ka\u0159kou Zdravotnick\u00e9 z\u00e1chrann\u00e9 slu\u017eby pro \u00fazemn\u00ed odbor Brno Evou Freyovou. Dobr\u00fd den.<br \/><br \/>Vy sama jezd\u00edte se z\u00e1chrankou. Volaj\u00ed v\u00e1s tedy k pacient\u016fm se zdravotn\u00edmi pot\u00ed\u017eemi z horka n\u011bjak v\u00fdznamn\u011b \u010dast\u011bji?<br \/><br \/>Eva Freyov\u00e1, vedouc\u00ed l\u00e9ka\u0159ka Zdravotnick\u00e9 z\u00e1chrann\u00e9 slu\u017eby pro \u00fazemn\u00ed odbor Brno<br \/>&#8212;&#8212;&#8212;&#8212;&#8212;&#8212;&#8211;<br \/>Samoz\u0159ejm\u011b. My jsme te\u010f zaznamenali v posledn\u00edm t\u00fddnu n\u00e1r\u016fst v\u00fdjezdu o 10 %, co\u017e nen\u00ed moc, ale z celkov\u00e9ho po\u010dtu v\u00fdjezd\u016f je 50 % ke kolapsov\u00fdm stav\u016fm, kter\u00fd maj\u00ed samoz\u0159ejm\u011b p\u0159\u00edmou souvislost s \u00fa\u010dinkem horka. Nej\u010dast\u011bj\u0161\u00ed v\u00fdjezdy jsou samoz\u0159ejm\u011b k chronick\u00fdm pacient\u016fm, jak jste u\u017e zm\u00ednil, kter\u00e9, samoz\u0159ejm\u011b dehydratace a \u00fa\u010dinek z horka zasahuje nejv\u00edce. D\u00e1le je to k osob\u00e1m, kter\u00e9 p\u0159ece\u0148uj\u00ed sv\u00e9 s\u00edly a mo\u017enosti. Druh\u00fd aspekt, kter\u00fd je velmi d\u016fle\u017eit\u00fd, je taky to, \u017ee to horko p\u016fsob\u00ed i na n\u00e1s, na\u0161e pr\u00e1ce neprob\u00edh\u00e1 v klimatizovan\u00fdch m\u00edstnostech, nem\u016f\u017eeme si vybrat \u010das, mus\u00edme pracovat kdykoliv, kdekoliv je pot\u0159eba a za jak\u00fdchkoliv podm\u00ednek.<br \/><br \/>moder\u00e1tor<br \/>&#8212;&#8212;&#8212;&#8212;&#8212;&#8212;&#8211;<br \/>A co m\u016f\u017eeme ud\u011blat my, kdy\u017e v na\u0161em okol\u00ed n\u011bkdo zkolabuje, jak se zachovat, ne\u017e p\u0159ijede z\u00e1chranka?<br \/><br \/>Eva Freyov\u00e1, vedouc\u00ed l\u00e9ka\u0159ka Zdravotnick\u00e9 z\u00e1chrann\u00e9 slu\u017eby pro \u00fazemn\u00ed odbor Brno<br \/>&#8212;&#8212;&#8212;&#8212;&#8212;&#8212;&#8211;<br \/>To znamen\u00e1, nejd\u016fle\u017eit\u011bj\u0161\u00ed je zjistit stav toho pacienta, to znamen\u00e1 stav v\u011bdom\u00ed, za\u010d\u00edt s n\u00edm komunikovat, d\u00e1le stav d\u00fdch\u00e1n\u00ed a stav ob\u011bhu. Pokud zjist\u00edme, \u017ee pacient komunikuje, je mu \u0161patn\u011b z horka, sna\u017e\u00edme se s n\u00edm nav\u00e1zat kontakt, zjistit tak\u00e9, jestli nen\u00ed poran\u011bn\u00fd a jak\u00fd je vlastn\u011b d\u016fvod toho, \u017ee je na m\u00edst\u011b zkolabovan\u00fd. Pot\u00e9 se, bu\u010f pacienta p\u0159eneseme do n\u011bjak\u00e9ho chladn\u00e9ho m\u00edsta, pokud k tomu m\u00e1me samoz\u0159ejm\u011b mo\u017enost, pokud tuto mo\u017enost nem\u00e1me, sna\u017e\u00edme se mu zajistit jak\u00fdkoliv st\u00edn z na\u0161eho oble\u010den\u00ed nebo z jeho oble\u010den\u00ed, pokud m\u00e1me u sebe n\u011bjak\u00fd zdroj vody, nebo jak\u00e9koliv tekutiny, sna\u017e\u00edme se jeho \u010d\u00e1st t\u011bla hlavu a trup tro\u0161i\u010dku ochladit, tekutiny pod\u00e1v\u00e1me pouze v p\u0159\u00edpad\u011b, \u017ee s n\u00e1mi komunikuje a m\u00e1me k tomu jeho svolen\u00ed.<br \/><br \/> moder\u00e1tor<br \/>&#8212;&#8212;&#8212;&#8212;&#8212;&#8212;&#8211;<br \/>\u0158\u00edkali jsme tedy, \u017ee ohro\u017een\u00ed jsou jak chronicky nemocn\u00ed, tak mal\u00e9 d\u011bti a senio\u0159i. Jak ti se maj\u00ed p\u0159ed horkem chr\u00e1nit?<br \/><br \/>Eva Freyov\u00e1, vedouc\u00ed l\u00e9ka\u0159ka Zdravotnick\u00e9 z\u00e1chrann\u00e9 slu\u017eby pro \u00fazemn\u00ed odbor Brno<br \/>&#8212;&#8212;&#8212;&#8212;&#8212;&#8212;&#8211;<br \/>Mus\u00edm \u0159\u00edct, \u017ee d\u011btsk\u00fdch pacient\u016f\u00a0<strong>posti\u017een\u00fdch<\/strong>\u00a0v d\u016fsledku horka nen\u00ed mnoho, z\u0159ejm\u011b je to z toho d\u016fvodu, \u017ee, a\u017e na v\u00fdjimky, rodi\u010de velice respektuj\u00ed doporu\u010den\u00ed a d\u011bti pe\u010dliv\u011b p\u0159ed horkem chr\u00e1n\u00ed, to znamen\u00e1, \u017ee d\u011bti maj\u00ed pokr\u00fdvky hlavy, jsou ve st\u00ednu, maj\u00ed dostatek tekutin a ur\u010dit\u011b v poledn\u00edch hodin\u00e1ch nevych\u00e1zej\u00ed ven. Toto doporu\u010den\u00ed samoz\u0159ejm\u011b plat\u00ed i pro seniory a star\u0161\u00ed osoby, nicm\u00e9n\u011b tam je tro\u0161ku pot\u00ed\u017e s t\u00edm, \u017ee i senio\u0159i z n\u011bkolika d\u016fvod\u016f nedodr\u017euj\u00ed pitn\u00fd re\u017eim tak, jak by m\u011bli. Za prv\u00e9, nemaj\u00ed pocit \u017e\u00edzn\u011b. A za druh\u00e9 je to obava z \u010dast\u00fdch \/nesrozumiteln\u00e9\/, zvl\u00e1\u0161\u0165 u pacient\u016f, kte\u0159\u00ed berou tzv. diuretika, l\u00e9ky na odvodn\u011bn\u00ed, ta pat\u0159\u00ed mezi z\u00e1kladn\u00ed onemocn\u011bn\u00ed, u medikac\u00ed u chronick\u00e9ho onemocn\u011bn\u00ed srdce, tak tam je tento probl\u00e9m vystup\u0148ovan\u00fd. A druh\u00e1 v\u011bc je ta, \u017ee i kdy\u017e dodr\u017euj\u00ed doporu\u010den\u00ed nevych\u00e1zet v extr\u00e9mn\u00edch tepl\u00fdch, v extr\u00e9mn\u011b tepl\u00fdch hodin\u00e1ch ven, neuv\u011bdomuj\u00ed si, \u017ee i doma pocen\u00edm tekutiny ztr\u00e1cej\u00ed a p\u0159\u00edjem tud\u00ed\u017e podce\u0148uj\u00ed a nedohrazuj\u00ed.<br \/><br \/>Petr Kr\u00e1l, moder\u00e1tor<br \/>&#8212;&#8212;&#8212;&#8212;&#8212;&#8212;&#8211;<br \/>\u0158ekn\u011bte mi, pros\u00edm, je\u0161t\u011b stru\u010dn\u011b. Ve vina\u0159sk\u00fdch oblastech je l\u00e1kav\u00e9 zaj\u00edt do chladn\u00e9ho skl\u00edpku. Jak riskantn\u00ed m\u016f\u017ee b\u00fdt ten n\u00e1vrat na slune\u010dn\u00ed v\u00fdhe\u0148?<br \/><br \/>Eva Freyov\u00e1, vedouc\u00ed l\u00e9ka\u0159ka Zdravotnick\u00e9 z\u00e1chrann\u00e9 slu\u017eby pro \u00fazemn\u00ed odbor Brno<br \/>&#8212;&#8212;&#8212;&#8212;&#8212;&#8212;&#8211;<br \/>Samoz\u0159ejm\u011b p\u0159\u00edjem alkoholu, nejenom ve skl\u00edpc\u00edch, ale i p\u0159\u00edjem piva a vesm\u011bs ve\u0161ker\u00e9ho alkoholu je velmi nebezpe\u010dn\u00fd, proto\u017ee u\u017e alkohol s\u00e1m t\u0159eba d\u011bl\u00e1 to, \u017ee doch\u00e1z\u00ed k tzv. vazodilataci, co\u017e je roz\u0161\u00ed\u0159en\u00ed c\u00e9v a tro\u0161ku k poklesu tlaku. Pokud takov\u00fd tro\u0161ku opil\u00fd nebo v\u00edce opil\u00fd \u010dlov\u011bk vyjde na slunce a do hork\u00e9ho po\u010das\u00ed, tak doch\u00e1z\u00ed je\u0161t\u011b k dal\u0161\u00edmu poklesu tlaku a pacient pot\u00e9 kolabuje.<br \/><br \/>Petr Kr\u00e1l, moder\u00e1tor<br \/>&#8212;&#8212;&#8212;&#8212;&#8212;&#8212;&#8211;<br \/>Vedouc\u00ed l\u00e9ka\u0159ka Zdravotnick\u00e9 z\u00e1chrann\u00e9 slu\u017eby pro \u00fazemn\u00ed odbor Brno. Mysl\u00edm, \u017ee jste to, pan\u00ed doktorko, popsala velmi barvit\u011b a um\u00edme si to p\u0159edstavit, ale nechceme to nikdo za\u017e\u00edt. Eva Freyov\u00e1 byla na\u0161\u00edm hostem. D\u011bkujeme za to. Tak a\u0165 je t\u011bch z\u00e1sah\u016f co nejm\u00e9n\u011b a kdy\u017e, tak a\u0165 jsou \u00fasp\u011b\u0161n\u00e9. Na sly\u0161enou.<br \/><br \/><a href=\"https:\/\/monitoring.anopress.cz\/files\/dnload\/final\/medical_00322_50461673.htm#obsah\"><br \/><\/a><\/p>\n","protected":false},"excerpt":{"rendered":"<div class=\"mh-excerpt\"><p>\u00a0Radio\u017eurn\u00e1l\u00a0 Minul\u00fd t\u00fdden byl podle meteorolog\u016f nejteplej\u0161\u00ed z cel\u00e9ho l\u00e9ta. Vedro je i na ji\u017en\u00ed Morav\u011b. Tropick\u00e9 po\u010das\u00ed m\u016f\u017ee lidem zp\u016fsobit z\u00e1va\u017en\u00e9 zdravotn\u00ed komplikace, nejohro\u017een\u011bj\u0161\u00edmi <a class=\"mh-excerpt-more\" href=\"https:\/\/www.invarena.cz\/?p=51401\" title=\"Z\u00e1chran\u00e1\u0159i v dob\u011b veder\">[&#8230;]<\/a><\/p>\n<\/div>","protected":false},"author":1,"featured_media":9102,"comment_status":"open","ping_status":"closed","sticky":false,"template":"","format":"standard","meta":{"footnotes":""},"categories":[12],"tags":[],"class_list":["post-51401","post","type-post","status-publish","format-standard","has-post-thumbnail","hentry","category-rozhovory"],"_links":{"self":[{"href":"https:\/\/www.invarena.cz\/index.php?rest_route=\/wp\/v2\/posts\/51401","targetHints":{"allow":["GET"]}}],"collection":[{"href":"https:\/\/www.invarena.cz\/index.php?rest_route=\/wp\/v2\/posts"}],"about":[{"href":"https:\/\/www.invarena.cz\/index.php?rest_route=\/wp\/v2\/types\/post"}],"author":[{"embeddable":true,"href":"https:\/\/www.invarena.cz\/index.php?rest_route=\/wp\/v2\/users\/1"}],"replies":[{"embeddable":true,"href":"https:\/\/www.invarena.cz\/index.php?rest_route=%2Fwp%2Fv2%2Fcomments&post=51401"}],"version-history":[{"count":0,"href":"https:\/\/www.invarena.cz\/index.php?rest_route=\/wp\/v2\/posts\/51401\/revisions"}],"wp:featuredmedia":[{"embeddable":true,"href":"https:\/\/www.invarena.cz\/index.php?rest_route=\/wp\/v2\/media\/9102"}],"wp:attachment":[{"href":"https:\/\/www.invarena.cz\/index.php?rest_route=%2Fwp%2Fv2%2Fmedia&parent=51401"}],"wp:term":[{"taxonomy":"category","embeddable":true,"href":"https:\/\/www.invarena.cz\/index.php?rest_route=%2Fwp%2Fv2%2Fcategories&post=51401"},{"taxonomy":"post_tag","embeddable":true,"href":"https:\/\/www.invarena.cz\/index.php?rest_route=%2Fwp%2Fv2%2Ftags&post=51401"}],"curies":[{"name":"wp","href":"https:\/\/api.w.org\/{rel}","templated":true}]}}