{"id":51486,"date":"2024-08-23T19:41:07","date_gmt":"2024-08-23T17:41:07","guid":{"rendered":"https:\/\/www.invarena.cz\/?p=51486"},"modified":"2024-08-23T19:41:08","modified_gmt":"2024-08-23T17:41:08","slug":"nedostatek-enzymu-mi-nici-plice-lekari-u-me-objevili-chopn","status":"publish","type":"post","link":"https:\/\/www.invarena.cz\/?p=51486","title":{"rendered":"Nedostatek enzymu mi ni\u010d\u00ed pl\u00edce, l\u00e9ka\u0159i u m\u011b objevili CHOPN"},"content":{"rendered":"\n<p>U\u017e jako relativn\u011b mlad\u00e1 jsem vn\u00edmala, \u017ee se hodn\u011b zad\u00fdch\u00e1v\u00e1m. L\u00e9ka\u0159 mi tvrdil, \u017ee to je mou kondic\u00ed. Nakonec se uk\u00e1zalo, \u017ee trp\u00edm chronickou obstruk\u010dn\u00ed plicn\u00ed nemoc\u00ed. \u010cten\u00e1\u0159ka Anna napsala dal\u0161\u00ed d\u00edl seri\u00e1lu M\u016fj boj s nemoc\u00ed.<\/p>\n\n\n\n<p>Kdy\u017e jsme \u0161li na vych\u00e1zku nebo na v\u00fdlet, tak jsem ostatn\u00edm nesta\u010dila \u2013 pr\u00e1v\u011b kv\u016fli dechu. Pozd\u011bji jsem se za\u010dala zad\u00fdch\u00e1vat do schod\u016f. To u\u017e jsem si post\u011b\u017eovala sv\u00e9mu l\u00e9ka\u0159i, kter\u00fd to ale p\u0159i\u010d\u00edtal sp\u00ed\u0161e slab\u00e9 kondici a v\u011bku.<\/p>\n\n\n\n<p>Cel\u00fd \u010dl\u00e1nek naleznete na idnes.cz: <a href=\"https:\/\/www.idnes.cz\/onadnes\/zdravi\/muj-boj-s-nemoci-chopn-plice.A240821_092209_zdravi_pet\" target=\"_blank\" rel=\"noreferrer noopener\">https:\/\/www.idnes.cz\/onadnes\/zdravi\/muj-boj-s-nemoci-chopn-plice.A240821_092209_zdravi_pet<\/a><\/p>\n","protected":false},"excerpt":{"rendered":"<div class=\"mh-excerpt\"><p>U\u017e jako relativn\u011b mlad\u00e1 jsem vn\u00edmala, \u017ee se hodn\u011b zad\u00fdch\u00e1v\u00e1m. L\u00e9ka\u0159 mi tvrdil, \u017ee to je mou kondic\u00ed. Nakonec se uk\u00e1zalo, \u017ee trp\u00edm chronickou obstruk\u010dn\u00ed <a class=\"mh-excerpt-more\" href=\"https:\/\/www.invarena.cz\/?p=51486\" title=\"Nedostatek enzymu mi ni\u010d\u00ed pl\u00edce, l\u00e9ka\u0159i u m\u011b objevili CHOPN\">[&#8230;]<\/a><\/p>\n<\/div>","protected":false},"author":1,"featured_media":19818,"comment_status":"open","ping_status":"closed","sticky":false,"template":"","format":"standard","meta":{"footnotes":""},"categories":[9],"tags":[],"class_list":["post-51486","post","type-post","status-publish","format-standard","has-post-thumbnail","hentry","category-zpravy"],"_links":{"self":[{"href":"https:\/\/www.invarena.cz\/index.php?rest_route=\/wp\/v2\/posts\/51486","targetHints":{"allow":["GET"]}}],"collection":[{"href":"https:\/\/www.invarena.cz\/index.php?rest_route=\/wp\/v2\/posts"}],"about":[{"href":"https:\/\/www.invarena.cz\/index.php?rest_route=\/wp\/v2\/types\/post"}],"author":[{"embeddable":true,"href":"https:\/\/www.invarena.cz\/index.php?rest_route=\/wp\/v2\/users\/1"}],"replies":[{"embeddable":true,"href":"https:\/\/www.invarena.cz\/index.php?rest_route=%2Fwp%2Fv2%2Fcomments&post=51486"}],"version-history":[{"count":0,"href":"https:\/\/www.invarena.cz\/index.php?rest_route=\/wp\/v2\/posts\/51486\/revisions"}],"wp:featuredmedia":[{"embeddable":true,"href":"https:\/\/www.invarena.cz\/index.php?rest_route=\/wp\/v2\/media\/19818"}],"wp:attachment":[{"href":"https:\/\/www.invarena.cz\/index.php?rest_route=%2Fwp%2Fv2%2Fmedia&parent=51486"}],"wp:term":[{"taxonomy":"category","embeddable":true,"href":"https:\/\/www.invarena.cz\/index.php?rest_route=%2Fwp%2Fv2%2Fcategories&post=51486"},{"taxonomy":"post_tag","embeddable":true,"href":"https:\/\/www.invarena.cz\/index.php?rest_route=%2Fwp%2Fv2%2Ftags&post=51486"}],"curies":[{"name":"wp","href":"https:\/\/api.w.org\/{rel}","templated":true}]}}