{"id":5155,"date":"2013-04-26T15:12:31","date_gmt":"2013-04-26T13:12:31","guid":{"rendered":"http:\/\/www.invarena.cz\/?p=5155"},"modified":"2013-05-28T11:53:50","modified_gmt":"2013-05-28T09:53:50","slug":"mpsv-provozovatelum-socialnich-sluzeb-prisypalo-dalsich-100-milionu-korun","status":"publish","type":"post","link":"https:\/\/www.invarena.cz\/?p=5155","title":{"rendered":"MPSV provozovatel\u016fm soci\u00e1ln\u00edch slu\u017eeb p\u0159isypalo dal\u0161\u00edch 100 milion\u016f korun"},"content":{"rendered":"<p><strong> O n\u011bco v\u00edc, ale po\u0159\u00e1d ne dost. Ministerstvo pr\u00e1ce a soci\u00e1ln\u00edch v\u011bc\u00ed p\u0159isypalo dal\u0161\u00edch 100 milion\u016f korun provozovatel\u016fm soci\u00e1ln\u00edch slu\u017eeb v cel\u00e9 republice, kter\u00fdm kv\u016fli chyb\u011bj\u00edc\u00edm pen\u011bz\u016fm hrozil z\u00e1nik. Ani to ale nesta\u010d\u00ed. V\u011bt\u0161ina z nich\u00a0 se d\u00e1l boj\u00ed o svoji existenci.<\/strong><\/p>\n<p><!--more--><br \/>\nSt\u0159edisko Betl\u00e9m v Klobouk\u00e1ch u Brna a jeho pobo\u010dka pro d\u011bti s posti\u017een\u00edm v Mork\u016fvk\u00e1ch pat\u0159\u00ed mezi ty \u0161\u0165astn\u011bj\u0161\u00ed. Ministerstvo pr\u00e1ce a soci\u00e1ln\u00edch v\u011bc\u00ed jim poslalo nav\u00edc p\u0159es milion korun. D\u00edky nim zat\u00edm nemus\u00ed nikoho propou\u0161t\u011bt, ani omezovat \u017e\u00e1dn\u00e9 slu\u017eby.<\/p>\n<p>&#8222;Po\u0159\u00e1d to nen\u00ed dostate\u010dn\u00e9 \u0159e\u0161en\u00ed, kter\u00e9 by n\u00e1m pokrylo financov\u00e1n\u00ed na cel\u00fd rok, proto\u017ee vlastn\u011b n\u00e1m posouv\u00e1 ohro\u017een\u00ed na\u0161ich poskytovan\u00fdch slu\u017eeb pouze ze z\u00e1\u0159\u00ed do listopadu,&#8220; uvedla \u010dlenka spr\u00e1vn\u00ed rady Betl\u00e9m Jana Lexov\u00e1.<\/p>\n<p>Jenom\u017ee na ji\u017en\u00ed Moravu p\u0159iputovalo jenom n\u011bco m\u00e1lo p\u0159es 3 miliony, kter\u00e9 si rozd\u011blilo \u0161est organizac\u00ed. Ten zbytek nedostal nic a d\u00e1l bojuje o p\u0159e\u017eit\u00ed. Jako t\u0159eba st\u0159ediska se symbolick\u00fdm n\u00e1zvem Nad\u011bje.<\/p>\n<p>&#8222;Ta finan\u010dn\u00ed \u010d\u00e1stka, kter\u00e1 n\u00e1m chyb\u00ed, d\u011bl\u00e1 p\u0159es t\u0159i miliony, do toho 30. 6. je\u0161t\u011b bysme byli schopni ty slu\u017eby financovat, zat\u00edm slu\u017eby neomezujeme, ani neru\u0161\u00edme,&#8220; \u0159ekla \u0159editelka Nad\u011bje Brno Jana Seberov\u00e1.<\/p>\n<p>Ur\u010ditou nad\u011bji ale je\u0161t\u011b Nad\u011bje i ostatn\u00ed za\u0159\u00edzen\u00ed maj\u00ed. Ministerstvo pr\u00e1ce a soci\u00e1ln\u00edch v\u011bc\u00ed dal\u0161\u00ed pen\u00edze sh\u00e1n\u00ed.<\/p>\n<p>&#8222;Moment\u00e1ln\u011b jedn\u00e1me o \u010d\u00e1stce 350 milion\u016f s ministerstvem financ\u00ed. Pokud se poda\u0159\u00ed z\u00edskat dal\u0161\u00ed finan\u010dn\u00ed prost\u0159edky, tak bychom je cht\u011bli rozd\u011blovat od \u010dervna,&#8220; sd\u011blila \u010cesk\u00e9 televizi mluv\u010d\u00ed ministerstva pr\u00e1ce a soci\u00e1ln\u00edch v\u011bc\u00ed \u0160t\u011bp\u00e1nka Filipov\u00e1.<\/p>\n<p>I kdy\u017e se v\u0161em za\u0159\u00edzen\u00edm poda\u0159\u00ed p\u0159e\u017e\u00edt leto\u0161ek. Nikdo jim nezaru\u010d\u00ed, \u017ee p\u0159\u00ed\u0161t\u00ed rok nebudou zase bojovat o ka\u017edou korunu. Ministerstvo \u0159\u00edk\u00e1 jen tolik, \u017ee pen\u00edze dostanou ti, kdo je opravdu pot\u0159ebuj\u00ed.<\/p>\n<p>&nbsp;<\/p>\n<h3><strong>Kraj\u016fm letos chyb\u00ed kolem p\u016fl miliardy korun na podporu soci\u00e1ln\u00edch slu\u017eeb<\/strong><\/h3>\n<p>Ministerstvo pr\u00e1ce a soci\u00e1ln\u00edch v\u011bc\u00ed sice po\u010d\u00edt\u00e1, \u017ee jim poskytne na zm\u00edn\u011bnou \u010dinnost p\u0159ibli\u017en\u011b stejnou sumu jako loni, je to ale vlivem vy\u0161\u0161\u00ed DPH a rostouc\u00edch vstup\u016f propad zm\u00edn\u011bn\u00e9 p\u016fl miliardy korun.<\/p>\n<p>&#8222;Jen na jihu \u010cech, pokud ministerstvo nezm\u011bn\u00ed sv\u016fj postoj, n\u00e1m bude sch\u00e1zet na podporu soci\u00e1ln\u00edch slu\u017eeb 35 mili\u00f3n\u016f korun. Na prvn\u00ed pohled dostaneme stejnou \u010d\u00e1stku jako loni, 386 mili\u00f3n\u016f, ale st\u00e1t po n\u00e1s fakticky chce za stejn\u00e9 mno\u017estv\u00ed pen\u011bz mnohem v\u00edce muziky. Klesaj\u00ed p\u0159\u00edjmy \u00fahrad od zdravotn\u00edch poji\u0161\u0165oven, vstupy obecn\u011b vzr\u016fstaj\u00ed a m\u00e1me nav\u00edc financovat dal\u0161\u00ed slu\u017eby,&#8220; konstatovala prvn\u00ed n\u00e1m\u011bstkyn\u011b jiho\u010desk\u00e9ho hejtmana Ivana Str\u00e1sk\u00e1 (\u010cSSD).<\/p>\n<p>Podotkla, \u017ee ministerstvo hraje s kraji hru, kter\u00e1 se u\u017e t\u0159i roky opakuje. Sna\u017e\u00ed se je p\u0159esv\u011bd\u010dit, \u017ee pen\u011bz je \u010d\u00edm d\u00e1l m\u00e9n\u011b a \u017ee mus\u00ed \u0161et\u0159it, d\u011bj se co d\u011bj.<\/p>\n<p>Asociace kraj\u016f zat\u00edm marn\u011b upozor\u0148ovala, \u017ee pokud chce alespo\u0148 udr\u017eet soci\u00e1ln\u00ed slu\u017eby na dosavadn\u00ed \u00farovni, je pot\u0159eba suma kolem 6,5 miliardy korun, co\u017e potvrzuj\u00ed zku\u0161enosti z p\u0159edchoz\u00edch let. Ministerstvo ale st\u00e1le po\u010d\u00edt\u00e1 jen se \u0161esti miliardami. Probl\u00e9m v\u0161ak za\u010d\u00edn\u00e1 u\u017e v samotn\u00e9m rozd\u011blov\u00e1n\u00ed pen\u011bz pro jednotliv\u00e9 kraje.<\/p>\n<p>&#8222;Osobn\u011b n\u011bkdy nepochopiteln\u00fd zp\u016fsob rozd\u011blov\u00e1n\u00ed kritizuji del\u0161\u00ed dobu, p\u0159edev\u0161\u00edm pro jeho nepr\u016fhlednost. Pokud na jedn\u00e9 stran\u011b ministerstvo po\u017eaduje po v\u0161ech kraj\u00edch ekonomick\u00e9 chov\u00e1n\u00ed, m\u011blo by se samo tak\u00e9 tak chovat a podporovat ty slu\u017eby, kter\u00e9 jsou nezbytn\u00e9, a ty, kter\u00e9 jsou nastaveny ekonomicky rozumn\u011b. Kdy\u017e chce n\u011bkdo vysok\u00fd ekonomick\u00fd nadstandard, a\u0165 jej zaplat\u00ed ze sv\u00e9ho,&#8220; zd\u016fraznila n\u00e1m\u011bstkyn\u011b.<\/p>\n<p>Ud\u011blala si porovn\u00e1n\u00ed mezi srovnateln\u00fdmi kraji co do rozlohy, po\u010dtu obyvatel, po\u010dtu p\u0159\u00edjemc\u016f i procentem nezam\u011bstnanosti a p\u0159\u00edsp\u011bvk\u016f na p\u00e9\u010di. \u010c\u00e1stky, kter\u00e9 z ministerstva putuj\u00ed, se li\u0161\u00ed v des\u00edtk\u00e1ch mili\u00f3n\u016f korun. Rozd\u00edln\u00e1 je od st\u00e1tu i podpora slu\u017eeb. M\u011bla by b\u00fdt n\u00e1kladov\u011b zhruba stejn\u00e1 a m\u00edt rozumn\u00e9 rozp\u011bt\u00ed. Opak je ale pravdou.<\/p>\n<p>&#8222;Obecn\u011b je v\u00fdhodn\u011bj\u0161\u00ed chovat se neekonomicky, nebo\u0165 dostanu vy\u0161\u0161\u00ed dotaci. Ta se u stejn\u00e9 slu\u017eby pohybuje v rozp\u011bt\u00ed nap\u0159\u00edklad na l\u016f\u017eko u domov\u016f pro osoby se zdravotn\u00edm posti\u017een\u00edm od 40 000 a\u017e do 88 000. Osobn\u011b si mysl\u00edm, \u017ee takov\u00fd rozd\u00edl je naprosto nelogick\u00fdm pl\u00fdtv\u00e1n\u00edm. Obdobn\u011b je tomu u dom\u016f pro seniory. N\u011bkde se dotace pohybuje na l\u016f\u017eko kolem 23 000, u jin\u00fdch 52 000. U chr\u00e1n\u011bn\u00e9ho bydlen\u00ed je rozd\u00edl je\u0161t\u011b vy\u0161\u0161\u00ed. Pohybuje se v rozmez\u00ed od 22 000 do 123 000. Je to nepochopiteln\u00e9. P\u0159ipou\u0161t\u00edm, \u017ee tam roli mohou hr\u00e1t ur\u010dit\u00e9 specifick\u00e9 faktory, ale rozhodn\u011b ne tak obrovsk\u00e9. Ministerstvo p\u0159ipou\u0161t\u00ed, \u017ee to tak je, a sl\u00edbilo, \u017ee na z\u00e1klad\u011b m\u00fdch p\u0159ipom\u00ednek p\u0159iprav\u00ed pr\u016fhledn\u011bj\u0161\u00ed pravidla,&#8220; shrnula Str\u00e1sk\u00e1 n\u011bkter\u00e9 z probl\u00e9m\u016f, kter\u00e9 rozd\u011blov\u00e1n\u00ed pen\u011bz doprov\u00e1zej\u00ed. P\u0159edt\u00edm je v\u0161ak, jak zd\u016fraznila, nutn\u00e1 anal\u00fdza, kolik d\u00e1v\u00e1 st\u00e1t, kolik kraj a kolik ostatn\u00ed subjekty.<\/p>\n<p>&nbsp;<\/p>\n<h3><strong>Na soci\u00e1ln\u00ed slu\u017eby chyb\u011bj\u00ed Plze\u0148sku stovky mili\u00f3n\u016f<\/strong><\/h3>\n<p>Necel\u00fdch dv\u011b st\u011b mili\u00f3n\u016f korun zat\u00edm chyb\u00ed poskytovatel\u016fm soci\u00e1ln\u00edch slu\u017eeb v Plze\u0148sk\u00e9m kraji.<\/p>\n<p>T\u0159eba Domovu pro osoby se zdravotn\u00edm posti\u017een\u00edm v Mil\u00ed\u0159\u00edch na leto\u0161n\u00ed rok chyb\u00ed v\u00edce ne\u017e 2,7 mili\u00f3nu \u2013 tamn\u00edmu \u0159editeli u\u017e tak\u00e9 do\u0161la trp\u011blivost a v polovin\u011b \u00fanora poslal na ministerstvo \u017e\u00e1dost o nav\u00fd\u0161en\u00ed dotace.<\/p>\n<p>&nbsp;<\/p>\n<h3><strong>V Libereck\u00e9m kraji m\u00ed\u0159\u00ed k provozovatel\u016fm azylov\u00fdch dom\u016f miliony, kter\u00fdm by bez rychl\u00e9 finan\u010dn\u00ed injekce hrozil z\u00e1nik<\/strong><\/h3>\n<p>Azylov\u00e9 domy, komunitn\u00ed centra. Pen\u00edze chyb\u011bj\u00ed prakticky v\u0161em. Kdo zdroj p\u0159\u00edjmu nenajde, mus\u00ed slu\u017eby omezit. V Libereck\u00e9m kraji m\u00e1 n\u011bco p\u0159es \u010dty\u0159i miliony pokr\u00fdt p\u0159edev\u0161\u00edm n\u00e1klady na platy t\u011bch, kte\u0159\u00ed se o klienty azylov\u00fdch center staraj\u00ed.<\/p>\n<p>&#8222;Tyto pen\u00edze jsou skute\u010dn\u011b takzvan\u011b krizov\u00e9. Ne\u0159e\u0161\u00ed celkovou problematiku,&#8220; m\u00edn\u00ed v \u010cesk\u00e9 televizi krajsk\u00fd radn\u00ed pro soci\u00e1ln\u00ed oblast \/SLK\/ Petr Tulpa.<\/p>\n<p>Kraj letos od st\u00e1tu \u017e\u00e1dal p\u0159es 300 milion\u016f. Z\u00edskal 245. Situaci n\u011bkter\u00fdch poskytovatel\u016f v soci\u00e1ln\u00ed pomoci, za\u010d\u00ednala b\u00fdt kritick\u00e1. Existen\u010dn\u00ed probl\u00e9my letos \u0159e\u0161\u00ed nap\u0159\u00edklad Farn\u00ed charita v \u010cesk\u00e9 L\u00edp\u011b, kter\u00e1 mimo jin\u00e9 provozuje D\u016fm pro matky s d\u011btmi, kter\u00e9 se do\u010dasn\u011b ocitly bez st\u0159echy nad hlavou.<\/p>\n<p>&#8222;Nejbolestn\u011bj\u0161\u00ed byly opat\u0159en\u00ed ty, kter\u00e9 se t\u00fdkaly zam\u011bstnanc\u016f. To znamen\u00e1 dv\u011b pracovnice dostaly v\u00fdpov\u011b\u010f,&#8220; poznamenala \u0159editelka Farn\u00ed charity \u010cesk\u00e1 L\u00edpa Eva Ortov\u00e1.<\/p>\n<p>Za\u0159\u00edzen\u00ed sice st\u00e1le nebude m\u00edt tolik, kolik by bylo pot\u0159eba. Leto\u0161n\u00ed rok ale p\u0159e\u017eije. \u0158ada klientek by jinak skon\u010dila na dla\u017eb\u011b.\u00a0 Jde jen o d\u00edl\u010d\u00ed \u0159e\u0161en\u00ed. Des\u00edtky milion\u016f na soci\u00e1ln\u00ed slu\u017eby toti\u017e st\u00e1le chyb\u011bj\u00ed.<\/p>\n<p>&#8222;Umo\u017en\u00ed n\u00e1m to poskytovat soci\u00e1ln\u00ed slu\u017ebu jaksi v pln\u00e9m rozsahu. Nicm\u00e9n\u011b do napln\u011bn\u00ed celoro\u010dn\u00edho rozpo\u010dtu n\u00e1m je\u0161t\u011b p\u0159ibli\u017en\u011b dv\u011b st\u011b tis\u00edc sch\u00e1z\u00ed,&#8220; \u0159ekl nap\u0159.\u00a0 \u0159editel azylov\u00e9ho domu N\u00e1vrat v Liberci Robert Prade.<\/p>\n<p>&#8222;J\u00e1 si ale mysl\u00edm, \u017ee t\u0159eba t\u011bch pades\u00e1t, \u0161edes\u00e1t milion\u016f se do toho Libereck\u00e9ho kraje dostane r\u016fzn\u00fdmi cestami,&#8220; m\u00edn\u00ed Petr Tulpa krajsk\u00fd radn\u00ed pro soci\u00e1ln\u00ed oblast \/SLK\/.<\/p>\n<p>Poskytovatel\u00e9 soci\u00e1ln\u00edch slu\u017eeb by na n\u011b ale mohli dos\u00e1hnout z\u0159ejm\u011b nejd\u0159\u00edv a\u017e v druh\u00e9 p\u016flce roku.<\/p>\n<p>&nbsp;<\/p>\n<p><strong>Dotaci dostali p\u0159ednostn\u011b ti poskytovatel\u00e9, kter\u00fdm bezprost\u0159edn\u011b hrozil z\u00e1nik<\/strong><\/p>\n<p>V leto\u0161n\u00edm druh\u00e9m kole Ministerstvo pr\u00e1ce a soci\u00e1ln\u00edch v\u011bc\u00ed rozd\u011blovalo celkem sto milion\u016f korun a kl\u00ed\u010d byl jasn\u00fd. Dotaci dostali p\u0159ednostn\u011b ti poskytovatel\u00e9, kter\u00fdm bezprost\u0159edn\u011b hrozil z\u00e1nik a za kter\u00e9 v regionu nebyla n\u00e1hrada. Rozd\u011blovaly se ve spolupr\u00e1ci s kraji a jak u\u017e vlastn\u011b zazn\u011blo i v report\u00e1\u017ei, letos by mohly n\u00e1sledovat dal\u0161\u00ed.<\/p>\n<p>&#8222;Ministerstvo pr\u00e1ce a soci\u00e1ln\u00edch v\u011bc\u00ed intenzivn\u011b jedn\u00e1 o nav\u00fd\u0161en\u00ed pen\u011bz na soci\u00e1ln\u00ed slu\u017eby. Moment\u00e1ln\u011b jedn\u00e1me o \u010d\u00e1stce 350 milion\u016f s Ministerstvem financ\u00ed. Pokud se poda\u0159\u00ed z\u00edskat dal\u0161\u00ed finan\u010dn\u00ed prost\u0159edky, tak bychom je cht\u011bli rozd\u011blovat od \u010dervna. Samoz\u0159ejm\u011b tak\u00e9 ve spolupr\u00e1ci s kraji,&#8220; up\u0159esnila mluv\u010d\u00ed MPSV \u0160t\u011bp\u00e1nka Filipov\u00e1.<\/p>\n<p>Mnoz\u00ed soci\u00e1ln\u00ed pracovn\u00edci maj\u00ed dojem, \u017ee se h\u0159e\u0161\u00ed na to, \u017ee \u0159ada lid\u00ed, kte\u0159\u00ed v soci\u00e1ln\u00edch slu\u017eb\u00e1ch p\u016fsob\u00ed, to neberou jen jako zam\u011bstn\u00e1n\u00ed, ale jakousi slu\u017ebu ve\u0159ejnosti. St\u00ed\u017enosti na nedostatek pen\u011bz se objevuj\u00ed prakticky ve v\u0161ech regionech. Nap\u0159\u00edklad na jihu \u010cech te\u010f hroz\u00ed omezen\u00ed, nebo dokonce konec hospice v Prachatic\u00edch, kter\u00e9mu letos chyb\u00ed dva miliony korun a podobn\u00e9 je to nap\u0159\u00edklad i u karlovarsk\u00e9 Farn\u00ed charity.<\/p>\n<p>&#8222;Dost\u00e1v\u00e1me se do jako bych \u0159ekl u\u017e krizov\u00e9ho sc\u00e9n\u00e1\u0159e, kdy opravdu nev\u00edme, co bude, nev\u00edme, jestli na\u0161ich p\u011btat\u0159icet zam\u011bstnanc\u016f p\u0159ijde o pr\u00e1ci,&#8220; podotkl \u0159editel Farn\u00ed charity Karlovy Vary Ale\u0161 Kl\u00fac.<\/p>\n<p>Karlovarsk\u00e1 Farn\u00ed charita zat\u00edm nemusela ru\u0161it ani jednu ze sv\u00fdch slu\u017eeb. Zv\u00fd\u0161ila ale n\u011bkter\u00e9 poplatky. Nap\u0159\u00edklad za ubytov\u00e1n\u00ed nebo stravu. St\u00e1t sice postupn\u011b p\u0159id\u00e1v\u00e1 pen\u00edze i v Karlovarsk\u00e9m kraji. Podle \u0159editele Farn\u00ed charity ale nejistota trv\u00e1, proto\u017ee nen\u00ed jasn\u00fd syst\u00e9m rozd\u011blov\u00e1n\u00ed.<\/p>\n<p>invArena<\/p>\n","protected":false},"excerpt":{"rendered":"<div class=\"mh-excerpt\"><p>O n\u011bco v\u00edc, ale po\u0159\u00e1d ne dost. Ministerstvo pr\u00e1ce a soci\u00e1ln\u00edch v\u011bc\u00ed p\u0159isypalo dal\u0161\u00edch 100 milion\u016f korun provozovatel\u016fm soci\u00e1ln\u00edch slu\u017eeb v cel\u00e9 republice, kter\u00fdm kv\u016fli <a class=\"mh-excerpt-more\" href=\"https:\/\/www.invarena.cz\/?p=5155\" title=\"MPSV provozovatel\u016fm soci\u00e1ln\u00edch slu\u017eeb p\u0159isypalo dal\u0161\u00edch 100 milion\u016f korun\">[&#8230;]<\/a><\/p>\n<\/div>","protected":false},"author":1,"featured_media":0,"comment_status":"open","ping_status":"open","sticky":false,"template":"","format":"standard","meta":{"footnotes":""},"categories":[1],"tags":[],"class_list":["post-5155","post","type-post","status-publish","format-standard","hentry","category-nezarazene"],"_links":{"self":[{"href":"https:\/\/www.invarena.cz\/index.php?rest_route=\/wp\/v2\/posts\/5155","targetHints":{"allow":["GET"]}}],"collection":[{"href":"https:\/\/www.invarena.cz\/index.php?rest_route=\/wp\/v2\/posts"}],"about":[{"href":"https:\/\/www.invarena.cz\/index.php?rest_route=\/wp\/v2\/types\/post"}],"author":[{"embeddable":true,"href":"https:\/\/www.invarena.cz\/index.php?rest_route=\/wp\/v2\/users\/1"}],"replies":[{"embeddable":true,"href":"https:\/\/www.invarena.cz\/index.php?rest_route=%2Fwp%2Fv2%2Fcomments&post=5155"}],"version-history":[{"count":0,"href":"https:\/\/www.invarena.cz\/index.php?rest_route=\/wp\/v2\/posts\/5155\/revisions"}],"wp:attachment":[{"href":"https:\/\/www.invarena.cz\/index.php?rest_route=%2Fwp%2Fv2%2Fmedia&parent=5155"}],"wp:term":[{"taxonomy":"category","embeddable":true,"href":"https:\/\/www.invarena.cz\/index.php?rest_route=%2Fwp%2Fv2%2Fcategories&post=5155"},{"taxonomy":"post_tag","embeddable":true,"href":"https:\/\/www.invarena.cz\/index.php?rest_route=%2Fwp%2Fv2%2Ftags&post=5155"}],"curies":[{"name":"wp","href":"https:\/\/api.w.org\/{rel}","templated":true}]}}