{"id":51647,"date":"2024-09-03T05:26:12","date_gmt":"2024-09-03T03:26:12","guid":{"rendered":"https:\/\/www.invarena.cz\/?p=51647"},"modified":"2024-09-03T05:26:13","modified_gmt":"2024-09-03T03:26:13","slug":"socialni-system-a-mzdy-ve-verejnem-sektoru","status":"publish","type":"post","link":"https:\/\/www.invarena.cz\/?p=51647","title":{"rendered":"Soci\u00e1ln\u00ed syst\u00e9m a mzdy ve ve\u0159ejn\u00e9m sektoru\u00a0\u00a0"},"content":{"rendered":"\n<p>\u010cT 24\u00a0&#8211; Ot\u00e1zky V\u00e1clava Moravce II.<br \/><br \/>Rozpo\u010det na roztrh\u00e1n\u00ed. Jak zabr\u00e1nit lidov\u00fdm bou\u0159\u00edm a z\u00e1rove\u0148 nezkrachovat? <br \/><br \/>Jakub Kom\u00e1rek, ekonom, PAQ Research<br \/>&#8212;&#8212;&#8212;&#8212;&#8212;&#8212;&#8211;<br \/>Majetek, tedy hodnota nemovitost\u00ed a finan\u010dn\u00edch aktiv, je v porovn\u00e1n\u00ed s jin\u00fdmi vysp\u011bl\u00fdmi zem\u011bmi u n\u00e1s rozd\u011blen velmi nerovnom\u011brn\u011b.<br \/><br \/>V\u00e1clav Moravec, moder\u00e1tor \u010cT<br \/>&#8212;&#8212;&#8212;&#8212;&#8212;&#8212;&#8211;<br \/>Nejv\u011bt\u0161\u00ed majetkov\u00e1 nerovnost v Evrop\u011b. Pro\u010d se v pod\u00edlu majetku nejbohat\u0161\u00edch \u010cesko posouv\u00e1 na v\u00fdchod? Diskuze poslanc\u016f Olgy Richterov\u00e9 a Patrika Nachera.<br \/><br \/>V\u00e1clav Moravec, moder\u00e1tor \u010cT<br \/>&#8212;&#8212;&#8212;&#8212;&#8212;&#8212;&#8211;<br \/>St\u00e1le jste v jedine\u010dn\u00e9m prostoru pro diskuzi, ve kter\u00e9m z\u016fst\u00e1vaj\u00ed vicepremi\u00e9r,\u00a0<strong>ministr<\/strong>\u00a0<strong>pr\u00e1ce<\/strong>\u00a0a soci\u00e1ln\u00edch v\u011bc\u00ed, p\u0159edseda lidovc\u016f Marian Jure\u010dka, p\u0159edseda nejsiln\u011bj\u0161\u00ed odborov\u00e9 centr\u00e1ly v zemi, p\u0159edseda \u010ceskomoravsk\u00e9 konfederace odborov\u00fdch svaz\u016f Josef St\u0159edula a ekonom z Institutu ekonomick\u00fdch studi\u00ed Fakulty soci\u00e1ln\u00edch v\u011bd Univerzity Karlovy v Praze a v\u00fdzkumn\u00edk v Centru inovac\u00ed, metav\u00fdzkumu Stanfordovy univerzity Tom\u00e1\u0161 Havr\u00e1nek. P\u00e1nov\u00e9, je\u0161t\u011b jednou, v\u00edtejte ve druh\u00e9 hodin\u011b Ot\u00e1zek na zpravodajsk\u00e9 \u010cty\u0159iadvac\u00edtce. Hezk\u00e9 odpoledne. Aby skon\u010dila ta p\u0159etahovan\u00e1 o platy lid\u00ed ve ve\u0159ejn\u00e9m sektoru. Vy jste, pane minist\u0159e, na konci t\u00fddne p\u0159iznal, \u017ee chyst\u00e1te z\u00e1sadn\u00ed zm\u011bnu zp\u016fsobu odm\u011b\u0148ov\u00e1n\u00ed zam\u011bstnanc\u016f st\u00e1tu. S nejv\u011bt\u0161\u00ed pravd\u011bpodobnost\u00ed je jasn\u00e9, \u017ee va\u0161e vl\u00e1da u\u017e ji neprosad\u00ed, nem\u011bl jste tuto v\u011bc cht\u00edt na za\u010d\u00e1tku sv\u00e9ho funk\u010dn\u00ed obdob\u00ed.<br \/><br \/>Marian Jure\u010dka, vicepremi\u00e9r,\u00a0<strong>ministr<\/strong>\u00a0<strong>pr\u00e1ce<\/strong>\u00a0a soci\u00e1ln\u00edch v\u011bc\u00ed, p\u0159edseda strany \/KDU-\u010cSL\/<br \/>&#8212;&#8212;&#8212;&#8212;&#8212;&#8212;&#8211;<br \/>Tak j\u00e1 kdy\u017e se pod\u00edv\u00e1m na to, co jsme odpracovali a je\u0161t\u011b d\u011bl\u00e1me na\u00a0<strong>MPSV<\/strong>, tak mysl\u00edm, \u017ee jsme bez diskuze ministerstvo, kter\u00e9 t\u00e1hne nejv\u00edc legislativn\u00edch zm\u011bn a ve sv\u00e9 podstat\u011b tak\u00e9 i nejv\u00edc z\u00e1sadn\u00ed z pohledu n\u011bjak\u00e9 dlouhodobosti, nen\u00ed to jen d\u016fchodov\u00e1 reforma, ale je to revize d\u00e1vek, digitalizace atd., tak\u017ee j\u00e1 zas mus\u00edm jako vid\u011bt, na co jsem schopen ty kapacity sm\u011b\u0159ovat, abych to fakt dot\u00e1hl. Pokud jde o odm\u011b\u0148ov\u00e1n\u00ed, j\u00e1 mysl\u00edm, \u017ee tady jako v z\u00e1sad\u011b se shodujeme na dvou z\u00e1kladn\u00edch v\u011bcech, m\u00e1me obrovsk\u00e9 rozt\u0159\u00ed\u0161t\u011bn\u00ed v odm\u011b\u0148ov\u00e1n\u00ed, lid\u00e9 se v tom jako nejsou schopni zorientovat. Nech\u00e1pou, pro\u010d n\u011bkdo, kdod\u011bl\u00e1 na obci s roz\u0161\u00ed\u0159enou p\u016fsobnost\u00ed soci\u00e1ln\u00ed agendu, tak m\u00e1 stejn\u00e9 vzd\u011bl\u00e1n\u00ed jako ten, kdo to d\u011bl\u00e1 v soci\u00e1ln\u00edch slu\u017eb\u00e1ch, tak pro\u010d je ve dvou r\u016fzn\u00fdch na\u0159\u00edzen\u00ed vl\u00e1dy nebo ve dvou r\u016fzn\u00fdch stupnic\u00edch? Tomu ti lid\u00e9 v\u016fbec nerozum\u00ed.Potom vlastn\u011b m\u00e1me opravdu dneska tu tarifn\u00ed strukturu nastavenou tak, \u017ee vlastn\u011b, kdy\u017e do toho zapo\u010dteme je\u0161t\u011b ty stupn\u011b, kter\u00e9 n\u00e1m vlastn\u011b oce\u0148uj\u00ed, \u0159ekn\u011bme, tu senioritu, tak jsem podle m\u011b jako v dob\u00e1ch Rakouska-Uherska, kdy j\u00e1 neum\u00edm lidem vysv\u011btlit a mysl\u00edm si, \u017ee oni maj\u00ed jako naprosto spr\u00e1vn\u00fd odhad, v \u010dem je opravdu ten \u010dlov\u011bk tak jako v\u00fdznamn\u011b kvalitn\u011bj\u0161\u00ed v t\u00e9 sv\u00e9 pr\u00e1ci, kdy\u017e to d\u011bl\u00e1 patn\u00e1ct\u00fd, dvac\u00e1t\u00fd rok, mo\u017en\u00e1 v n\u011bkter\u00fdch oblastech m\u016f\u017eeme \u0159\u00edct, \u017ee mo\u017en\u00e1 i v\u00edc vyho\u0159el\u00fd ne\u017e \u010dlov\u011bk, kter\u00fd t\u0159eba po prvn\u00edch dvou, t\u0159ech, \u010dty\u0159ech, p\u011bti letech nabude tu zku\u0161enost, je po \u0161kole a pot\u0159ebuje m\u00edt tak\u00e9 zaji\u0161t\u011bn\u00ed, aby zaplatili hypot\u00e9ku, n\u00e1klady na d\u011bti a podobn\u011b. To znamen\u00e1, my ten syst\u00e9m fakt m\u00e1me jako rozkol\u00edsan\u00fd, ale ta reforma nen\u00ed jednoduch\u00e1 v tom, \u017ee ud\u011blat ji spr\u00e1vn\u011b, ud\u011blat ji dob\u0159e a z\u00e1rove\u0148 t\u0159eba ty, kte\u0159\u00ed v tom syst\u00e9mu jsou a kte\u0159\u00ed maj\u00ed legitimn\u00ed o\u010dek\u00e1v\u00e1n\u00ed, tak je nepodseknout, znamen\u00e1 tak\u00e9 potom m\u00edt k tomu tak\u00e9 adekv\u00e1tn\u00ed finan\u010dn\u00ed prost\u0159edky z pohledu st\u00e1tu. Tak\u017ee j\u00e1 \u0159\u00edk\u00e1m&#8230;<br \/><br \/>moder\u00e1tor \u010cT<br \/>&#8212;&#8212;&#8212;&#8212;&#8212;&#8212;&#8211;<br \/>Jin\u00fdmi slovy, jin\u00fdmi slovy, p\u0159iprav\u00edte to sv\u00e9mu n\u00e1stupci? Nebo je je\u0161t\u011b mo\u017en\u00e9, \u017ee by tato vl\u00e1da n\u011bco takov\u00e9ho&#8230;?<br \/><br \/>Marian Jure\u010dka, vicepremi\u00e9r,\u00a0<strong>ministr<\/strong>\u00a0<strong>pr\u00e1ce<\/strong>\u00a0a soci\u00e1ln\u00edch v\u011bc\u00ed, p\u0159edseda strany \/KDU-\u010cSL\/<br \/>&#8212;&#8212;&#8212;&#8212;&#8212;&#8212;&#8211;<br \/>J\u00e1 mysl\u00edm, \u017ee te\u010f jako opravdu v tomhle volebn\u00edm obdob\u00ed na to ta kapacita u\u017e nen\u00ed. My k tomu m\u00e1me t\u00fdm lid\u00ed, kter\u00fd na tom pracuje, proto\u017ee to nen\u00ed ot\u00e1zka ministerstev, to je ot\u00e1zka obc\u00ed, m\u011bst, kraj\u016f a hled\u00e1me, jak\u00fdm zp\u016fsobem je, jak to vyv\u00e1\u017eit a jak to opravdu jako hledat n\u011bjakou cestu zjednodu\u0161en\u00ed, sjednocen\u00ed, nastaven\u00ed v\u011bt\u0161\u00ed transparentnosti a f\u00e9rovosti, ale \u0159\u00edk\u00e1m, ta debata v\u016fbec nebude jednoduch\u00e1, proto\u017ee u\u017e dneska zase naopak chod\u00ed t\u0159eba lid\u00e9, kte\u0159\u00ed mn\u011b \u0159\u00edkaj\u00ed, no, nechcete naopak ty stupn\u011b prot\u00e1hnout, aby to nebylo po t\u011bch 30 nebo 30 letech, ale aby tam bylo je\u0161t\u011b, aby to rostlo d\u00e1l. No, j\u00e1 lidsky ch\u00e1pu, jo, ale pak jak m\u00e1 vysv\u011btlovat mlad\u00e9mu \u010dlov\u011bkovi po vysok\u00e9 \u0161kole, kter\u00fd za\u010dne n\u011bjakou pr\u00e1ci po dvou letech, je vlastn\u011b odborn\u011b na tom stejn\u011b kvalitn\u011b jako ten, kdo to d\u011bl\u00e1 10 nebo 15 let, \u017ee vlastn\u011b nem\u016f\u017ee m\u00edt stejn\u00fd v\u00fdd\u011blek, jo, a to te\u010fka, toto mus\u00edm n\u011bjak\u00fdm zp\u016fsobem jako dob\u0159e vyv\u00e1\u017eit.<br \/><br \/> moder\u00e1tor \u010cT<br \/>&#8212;&#8212;&#8212;&#8212;&#8212;&#8212;&#8211;<br \/>Prosp\u011bla by zm\u011bna tomu syst\u00e9mu odm\u011b\u0148ov\u00e1n\u00ed a jeho komplikovanost, kter\u00e1 m\u016f\u017ee b\u00fdt i neefektivn\u00ed, pane profesore?<br \/><br \/>Tom\u00e1\u0161 Havr\u00e1nek, ekonom, IES FSV UK, Stanfordova univerzita<br \/>&#8212;&#8212;&#8212;&#8212;&#8212;&#8212;&#8211;<br \/>Vy v\u00edte, co v\u00e1m odpov\u00edm.<br \/><br \/>V\u00e1clav Moravec, moder\u00e1tor \u010cT<br \/>&#8212;&#8212;&#8212;&#8212;&#8212;&#8212;&#8211;<br \/>\u017de ano. A samoz\u0159ejm\u011b tohle je v\u011bc ale, kter\u00e1 mimochodem by nem\u011bla um\u0159\u00edt s p\u0159\u00edpadnou v\u00fdm\u011bnou vl\u00e1dy, ke kter\u00e9 m\u016f\u017ee, nemus\u00ed doj\u00edt, proto\u017ee to jsou v\u011bci, na kter\u00fdch se jako shodne podle m\u011b dost \u0161irok\u00e1 v\u011bt\u0161ina spole\u010dnosti. Mo\u017en\u00e1 ne. Samoz\u0159ejm\u011b ne \u00fapln\u011b na v\u0161em, ale to, \u017ee pot\u0159ebujeme ty lidi zaplatit v\u00edc, ale \u017ee by to placen\u00ed l\u00e9pe m\u011blo b\u00fdt l\u00e9pe nav\u00e1z\u00e1no na v\u00fdkon opravdu a ne na ty tabulkov\u00e9 jaksi propo\u010dty podle seniority, na tom se shodne asi \u0159ada da\u0148ov\u00fdch poplatn\u00edk\u016f, kte\u0159\u00ed to v\u0161echno financuj\u00ed ten syst\u00e9m, proto jsme se bavili o t\u011bch dotazn\u00edc\u00edch, n\u011bjakou zp\u011btnou vazbu atd. Tak\u017ee j\u00e1 mysl\u00edm, \u017ee to d\u011bl\u00e1te dob\u0159e, chci v\u00e1s za to pochv\u00e1lit i dal\u0161\u00ed v\u011bci, co jste p\u0159ipravil b\u011bhem toho va\u0161eho funk\u010dn\u00edho obdob\u00ed. A mysl\u00edm, \u017ee to bude snad pokra\u010dovat potom d\u00e1le i za jak\u00e9koliv dal\u0161\u00ed vl\u00e1dy.<br \/><br \/>V\u00e1clav Moravec, moder\u00e1tor \u010cT<br \/>&#8212;&#8212;&#8212;&#8212;&#8212;&#8212;&#8211;<br \/>Je to i to, co byste cht\u011bli jako odbory, pane p\u0159edsedo, aby ten syst\u00e9m se zjednodu\u0161il, byl efektivn\u011bj\u0161\u00ed a aby takov\u00e1 reforma odm\u011b\u0148ov\u00e1n\u00ed p\u0159i\u0161la?<br \/><br \/>Josef St\u0159edula, p\u0159edseda \u010ceskomoravsk\u00e9 konfederace odborov\u00fdch svaz\u016f<br \/>&#8212;&#8212;&#8212;&#8212;&#8212;&#8212;&#8211;<br \/>Mn\u011b to p\u0159ipad\u00e1 jako dva naprosto rozd\u00edln\u00e9 sv\u011bty. Jeden sv\u011bt \u0159\u00edk\u00e1 t\u0159eba toto, poj\u010fme ud\u011blat syst\u00e9m motiva\u010dn\u00ed, v\u0161echno, aby to tam bylo, to bylo fajn, ten druh\u00fd sv\u011bt, kter\u00fd sed\u00ed v Letensk\u00e9 32, \u0159\u00edk\u00e1 ani korunu v\u00e1m ned\u00e1me.<br \/><br \/>V\u00e1clav Moravec, moder\u00e1tor \u010cT<br \/>&#8212;&#8212;&#8212;&#8212;&#8212;&#8212;&#8211;<br \/>To je ministerstvo financ\u00ed.<br \/><br \/>Josef St\u0159edula, p\u0159edseda \u010ceskomoravsk\u00e9 konfederace odborov\u00fdch svaz\u016f<br \/>&#8212;&#8212;&#8212;&#8212;&#8212;&#8212;&#8211;<br \/>To je naprosto zbyte\u010dn\u00e9 d\u011blat, proto\u017ee tyto zm\u011bny budou vy\u017eadovat. J\u00e1 to opravdu te\u010f st\u0159el\u00edm n\u011bkde mezi 15\u201330 miliardami korun nav\u00edc.<br \/><br \/>V\u00e1clav Moravec, moder\u00e1tor \u010cT<br \/>&#8212;&#8212;&#8212;&#8212;&#8212;&#8212;&#8211;<br \/>Pokud by si Marian Jure\u010dka prosadil.<br \/><br \/>Josef St\u0159edula, p\u0159edseda \u010ceskomoravsk\u00e9 konfederace odborov\u00fdch svaz\u016f<br \/>&#8212;&#8212;&#8212;&#8212;&#8212;&#8212;&#8211;<br \/>Pokud by se to opravdu m\u011blo ud\u011blat tak, a\u0165 to m\u00e1 v\u00fdznam, a\u0165 jsou ty lidi ocen\u011bn\u00ed, a\u0165 opravdu maj\u00ed tu mzdu, kter\u00e1 zodpov\u00edd\u00e1 t\u00e9 \u0161pi\u010dkovosti, vemte si t\u0159eba zam\u011bstnanec pod st\u00e1tn\u00ed slu\u017ebou nesm\u00ed vykon\u00e1vat \u017e\u00e1dnou dal\u0161\u00ed pr\u00e1ci, obzvl\u00e1\u0161t\u011b pokud je ona ve st\u0159etu s tou prac\u00ed, kterou vykon\u00e1v\u00e1, mus\u00ed to b\u00fdt odsouhlaseno. Nesm\u00ed se to t\u0159\u00ed\u0161tit. Tak\u017ee on si nem\u016f\u017ee nikde p\u0159ivyd\u011blat a tak d\u00e1l a tak d\u00e1l, to prost\u011b nen\u00ed mo\u017en\u00e9. My jsme odhad 15 miliard plus m\u011bli u\u017e v dob\u011b, kdy se zav\u00e1d\u011bl z\u00e1kon o st\u00e1tn\u00ed slu\u017eb\u011b, sed\u011bl kolem stolu pan tehdej\u0161\u00ed p\u0159edseda B\u011blobr\u00e1dek, pan tehdej\u0161\u00ed ministr financ\u00ed Babi\u0161 a premi\u00e9r Sobotka. A tehdy jsme se ptali, kolik do toho chcete d\u00e1t, aby to d\u00e1valo smysl? A ten odhad byl 15 miliard, n\u011bkdo \u0159ekl, nev\u00ed, n\u011bkdo \u0159ekl tak p\u011bt a n\u011bkdo \u0159ekl asi 10, ale po\u0159\u00e1d tam byla deficit, tak\u017ee j\u00e1 upozor\u0148uju, \u017ee jak\u00e9koliv zm\u011bny v odm\u011b\u0148ov\u00e1n\u00ed nejsou bez pen\u011bz mysliteln\u00e9. Tam mus\u00ed doj\u00edt k nav\u00fd\u0161en\u00ed, proto\u017ee potom ten v\u00fdkon mus\u00edte ocenit, ale mus\u00edte taky myslet na to, \u017ee ve ve\u0159ejn\u00e9 spr\u00e1v\u011b pracuj\u00ed na r\u016fzn\u00fdch stupn\u00edch r\u016fzn\u00ed lid\u00e9. Hasi\u010de za to, \u017ee has\u00ed? On m\u00e1 p\u0159\u00edplatky, proto to m\u00e1 nastaveno, nejlep\u0161\u00ed hasi\u010d bude v tom, \u017ee nebude muset vyj\u00ed\u017ed\u011bt nikam, proto\u017ee po\u017e\u00e1r nebude a bude zabezpe\u010deno, \u017ee on bude pom\u00e1hat.<br \/><br \/>V\u00e1clav Moravec, moder\u00e1tor \u010cT<br \/>&#8212;&#8212;&#8212;&#8212;&#8212;&#8212;&#8211;<br \/>On to asi pan pan profesor nemyslel&#8230;<br \/><br \/>Tom\u00e1\u0161 Havr\u00e1nek, ekonom, IES FSV UK, Stanfordova univerzita<br \/>&#8212;&#8212;&#8212;&#8212;&#8212;&#8212;&#8211;<br \/>Ale v \u0159ad\u011b profes\u00ed v nemocnic\u00edch, ve \u0161kol\u00e1ch byste mohli daleko zintenzivnit tu zp\u011btnou vazbu.<br \/><br \/>Josef St\u0159edula, p\u0159edseda \u010ceskomoravsk\u00e9 konfederace odborov\u00fdch svaz\u016f<br \/>&#8212;&#8212;&#8212;&#8212;&#8212;&#8212;&#8211;<br \/>Ale j\u00e1 chci jenom uk\u00e1zat, \u017ee ti zam\u011bstnanci st\u00e1tu jsou opravdu obrovsk\u00e1 paleta r\u016fzn\u00fdch profes\u00ed, a proto nem\u00e1m r\u00e1d, kdy\u017e se to takto zjednodu\u0161uje, proto\u017ee ono to potom nezodpov\u00edd\u00e1 i dokonce ta seniorita. Seniorita p\u0159ece nen\u00ed \u0161patn\u00e1. Zku\u0161en\u00fd \u010dlov\u011bk, kter\u00fd ovl\u00e1d\u00e1 svou profesi, je nesm\u00edrn\u011b cenn\u00fd a dneska to m\u00e1me dokonce tak, \u017ee s ohledem na to, \u017ee se prodlu\u017euje v\u011bk pro odchod do d\u016fchodu, tak se stopuje mo\u017enost posunu t\u00e9 hranice a zv\u00fd\u0161en\u00ed t\u00e9 jeho tarifn\u00ed mzdy na 50 letech a potom u\u017e se k tomu dal\u0161\u00edch 15 let ani nep\u0159ihl\u00ed\u017e\u00ed. To taky nen\u00ed dob\u0159e.<br \/><br \/>V\u00e1clav Moravec, moder\u00e1tor \u010cT<br \/>&#8212;&#8212;&#8212;&#8212;&#8212;&#8212;&#8211;<br \/>Pane vicepremi\u00e9re, pot\u0159ebovala by ta zm\u011bna n\u011bjak\u00e9 pen\u00edze, a proto to nechci \u0159\u00edct, \u017ee odkl\u00e1d\u00e1te, ale&#8230;<br \/><br \/>Josef St\u0159edula, p\u0159edseda \u010ceskomoravsk\u00e9 konfederace odborov\u00fdch svaz\u016f<br \/>&#8212;&#8212;&#8212;&#8212;&#8212;&#8212;&#8211;<br \/>3,7 %.<br \/><br \/>Marian Jure\u010dka, vicepremi\u00e9r,\u00a0<strong>ministr<\/strong>\u00a0<strong>pr\u00e1ce<\/strong>\u00a0a soci\u00e1ln\u00edch v\u011bc\u00ed, p\u0159edseda strany \/KDU-\u010cSL\/<br \/>&#8212;&#8212;&#8212;&#8212;&#8212;&#8212;&#8211;<br \/>J\u00e1 jsem pam\u011btn\u00edk t\u00e9 debaty, kter\u00e1 tady byla zm\u00edn\u011bn\u00e1 za vl\u00e1dy Bohuslava Sobotky, j\u00e1 jsem tam tenkr\u00e1t taky sed\u011bl na t\u00e9 K3 a opravdu ztroskotalo to na tom, \u017ee u\u017e tehdy nebyla ochota do toho ty finan\u010dn\u00ed zdroje d\u00e1t. A j\u00e1 poctiv\u011b \u0159\u00edk\u00e1m, tady se nesm\u00edme chovat jako \u00fa\u010detn\u00ed, a tady si mus\u00edme \u0159\u00edct, \u017ee to je kvalitativn\u00ed zm\u011bna, zm\u011bna, kter\u00e1 p\u0159inese motivace, aby ten st\u00e1t byl efektivn\u00ed. A tady n\u011bjak\u00e9 pen\u00edze do toho d\u00e1t budeme muset v budoucnu. My tomu neute\u010deme, jo, proto\u017ee j\u00e1 u\u017e dneska&#8230;<br \/><br \/>V\u00e1clav Moravec, moder\u00e1tor \u010cT<br \/>&#8212;&#8212;&#8212;&#8212;&#8212;&#8212;&#8211;<br \/>A t\u011bch 30 miliard je odhad, kter\u00fd vy vid\u00edte jako realistick\u00fd?<br \/><br \/>Josef St\u0159edula, p\u0159edseda \u010ceskomoravsk\u00e9 konfederace odborov\u00fdch svaz\u016f<br \/>&#8212;&#8212;&#8212;&#8212;&#8212;&#8212;&#8211;<br \/>Kdy\u017e to tehdy bylo 15. Mezit\u00edm m\u00e1te 30, 40.<br \/><br \/>Marian Jure\u010dka, vicepremi\u00e9r,\u00a0<strong>ministr<\/strong>\u00a0<strong>pr\u00e1ce<\/strong>\u00a0a soci\u00e1ln\u00edch v\u011bc\u00ed, p\u0159edseda strany \/KDU-\u010cSL\/<br \/>&#8212;&#8212;&#8212;&#8212;&#8212;&#8212;&#8211;<br \/>To, \u017ee to bude ur\u010dit\u011b n\u011bkde v intervalu 20, 30 miliard korun, to si mysl\u00edm, \u017ee pravdou je. Jo, to je ot\u00e1zka, jak to rozlo\u017e\u00edme v \u010dase. J\u00e1 tam si um\u00edm p\u0159edstavit n\u011bkolik sc\u00e9n\u00e1\u0159\u016f, ale prost\u011b jako toto je v\u011bc, kter\u00e1 tuto spole\u010dnost jako nemine. Proto\u017ee j\u00e1 \u0159eknu p\u0159\u00edklad, j\u00e1 jsem t\u0159eba ke mn\u011b na\u00a0<strong>MPSV<\/strong>\u00a0dot\u00e1hl ty aj\u0165\u00e1ky ve fin\u00e1le za situace, kdy oni v z\u00e1sad\u011b \u0161pi\u010dkov\u00ed v\u0161ichni v\u00ed, \u017ee kdyby dneska byli v tom priv\u00e1tu, tak maj\u00ed ro\u010dn\u011b o milion korun doma na \u00fa\u010dtu v\u00edc. Ty lidi to \u0161li d\u011blat, proto\u017ee \u0159ekli, hele, my u\u017e jsme tady jako v tom byznysu docela dost dlouho, te\u010f n\u00e1m z\u00e1le\u017e\u00ed na tom st\u00e1tu a jdeme do toho, ale j\u00e1 jsem je tam nenal\u00e1kal, proto\u017ee bych \u0159ekl, borci, poj\u010fte, j\u00e1 v\u00e1s dok\u00e1\u017eu krom\u011b toho, \u017ee v\u00e1m d\u00e1m jako mo\u0159e pr\u00e1ce a velkou zodpov\u011bdnost, spole\u010densk\u00fd tlak, ale d\u00e1m v\u00e1m prost\u011b pen\u011bz \/nesrozumiteln\u00e9\/, proto\u017ee j\u00e1 je nem\u00e1m, i kdy\u017e jsem ud\u011blal ve st\u00e1t\u011b to, co nen\u00ed b\u011b\u017en\u00e9, vlastn\u011b vyu\u017eil jsem v\u0161echny n\u00e1stroje, kter\u00fd mi d\u00e1v\u00e1 st\u00e1tn\u00ed slu\u017eba, v\u010detn\u011b c\u00edlov\u00fdch odm\u011bn a pak jsem byl schopen to aspo\u0148 dorovnat, aby oni jako na to k\u00fdvli. Ale je blb\u00fd, kdy\u017e ten st\u00e1t by v mnoha ohledech m\u011bl m\u00edt ty nejlep\u0161\u00ed lidi pro to, aby byl v t\u011bch agend\u00e1ch p\u0159esn\u011b.<br \/><br \/>Tom\u00e1\u0161 Havr\u00e1nek, ekonom, IES FSV UK, Stanfordova univerzita<br \/>&#8212;&#8212;&#8212;&#8212;&#8212;&#8212;&#8211;<br \/>Pan vicepremi\u00e9r \u0159\u00edk\u00e1 spr\u00e1vn\u011b nebu\u010fme \u00fa\u010detn\u00ed, nebaz\u00edrujme, samoz\u0159ejm\u011b pen\u00edze jsou d\u016fle\u017eit\u00e9, ale nebaz\u00edrujme na jednotk\u00e1ch miliard, n\u011bkdy na des\u00edtk\u00e1ch, a\u017e to zn\u00ed mo\u017en\u00e1 \u0161patn\u011b, v dan\u00e9m roce, proto\u017ee to d\u016fle\u017eit\u00e9 je ten, ta dlouhodob\u00e1 trajektorie kvality t\u00e9 st\u00e1tn\u00ed spr\u00e1vy, i t\u011bch rozpo\u010dt\u016f a dojem, \u017ee u n\u00e1s, my se moc fixujeme na to jedno \u010d\u00edslo ka\u017ed\u00fd rok a ka\u017edou miliardu takhle obrac\u00edme, co\u017e je v z\u00e1sad\u011b spr\u00e1vn\u00e9, a ned\u00edv\u00e1me se dost dob\u0159e&#8230;<br \/><br \/>Marian Jure\u010dka, vicepremi\u00e9r,\u00a0<strong>ministr<\/strong>\u00a0<strong>pr\u00e1ce<\/strong>\u00a0a soci\u00e1ln\u00edch v\u011bc\u00ed, p\u0159edseda strany \/KDU-\u010cSL\/<br \/>&#8212;&#8212;&#8212;&#8212;&#8212;&#8212;&#8211;<br \/>Ten \/nesrozumiteln\u00e9\/ tam b\u00fdt mus\u00ed. J\u00e1 ho chci u m\u00fdch lid\u00ed a v\u017edycky, co za t\u011bch 3\u20135 let ud\u011bl\u00e1me, d\u00edky tomu, \u017ee investici ud\u011bl\u00e1me. Jasn\u011b.<br \/><br \/>Tom\u00e1\u0161 Havr\u00e1nek, ekonom, IES FSV UK, Stanfordova univerzita<br \/>&#8212;&#8212;&#8212;&#8212;&#8212;&#8212;&#8211;<br \/>Ale u n\u00e1s to je p\u0159\u00edli\u0161 p\u0159evr\u00e1cen\u00e9 na stranu toho \u00fa\u010detnictv\u00ed toho dan\u00e9ho roku a to hl\u00edd\u00e1n\u00ed t\u00e9 koruny, i kdy\u017e by ten t\u0159eba malinko vy\u0161\u0161\u00ed deficit mohlo prost\u011b vyd\u011blat v\u00edc pen\u011bz.<br \/><br \/>Josef St\u0159edula, p\u0159edseda \u010ceskomoravsk\u00e9 konfederace odborov\u00fdch svaz\u016f<br \/>&#8212;&#8212;&#8212;&#8212;&#8212;&#8212;&#8211;<br \/>Ale potom je ten vzkaz, kter\u00fd \u0159\u00edk\u00e1, kdy\u017e neseberete tady toto m\u00e1lo, tak nedostanete v\u016fbec nic. Jedna \u010d\u00e1st druh\u00e1 te\u010f, ani\u017e bych prozradil ten \u00fa\u0159ad nebo tu \u010d\u00e1st ve\u0159ejn\u00e9 spr\u00e1v, jsou tam zam\u011bstnanci, kte\u0159\u00ed zabezpe\u010duj\u00ed n\u011bco, co b\u00fdv\u00e1 sou\u010d\u00e1st\u00ed v\u00e1lky nebo, nebo takov\u00e9 sekund\u00e1rn\u00ed v\u00e1lky mezi st\u00e1ty a tito lid\u00e9 tam p\u0159ijdou s vysokou kvalifikac\u00ed, cht\u011bj\u00ed d\u011blat pro ten st\u00e1t, necht\u011bj\u00ed d\u011blat pro priv\u00e1t tu svou odbornost \u0161pi\u010dkovou. Je to v oblasti IT, jen\u017ee ti lid\u00e9 po roce nebo dvou odejdou, proto\u017ee za t\u011bch podm\u00ednek, kter\u00e9 jim nab\u00e1snili, ale potom ve fin\u00e1le dali, tak nejsou ochotni d\u011blat, proto\u017ee ta nab\u00eddka je n\u011bkde \u00fapln\u011b jinde, a p\u0159itom to jsou lid\u00e9, kte\u0159\u00ed opravdu skoro by se dalo \u0159\u00edct, bd\u00ed nad t\u00edm, aby se n\u011bco nestalo, n\u011bco daleko z\u00e1va\u017en\u011bj\u0161\u00edho. A j\u00e1 si mysl\u00edm, \u017ee ta debata, o kter\u00e9 tady pan ministr \u0159\u00edk\u00e1, se mus\u00ed otev\u0159\u00edt a ono je to jedno, za kter\u00e9 vl\u00e1dy, \u010d\u00edm d\u0159\u00edve se otev\u0159e spolu s debatou o da\u0148ov\u00e9m syst\u00e9mu, ne odd\u011blen\u011b, spolu, proto\u017ee my se nem\u016f\u017eeme bavit jenom o tom, kde vyd\u00e1me, ale taky, jak ty pen\u00edze p\u0159ijmeme. A jestli\u017ee v nejhor\u0161\u00ed rok \u010desk\u00e9 ekonomiky v roce 22 ode\u0161lo ze zem\u011b 465 miliard korun, a to jenom ta ofici\u00e1ln\u00ed \u010d\u00e1st, tak to znamen\u00e1, \u017ee v \u010cesk\u00e9 republice se opravdu tvo\u0159\u00ed nemal\u00e9 zdroje a my si, \u0159ekn\u011bme, jak to ud\u011bl\u00e1me, abychom to, co se tady vyd\u011bl\u00e1, taky v\u00fdznamn\u011b v \u010cesk\u00e9 republice spot\u0159ebovalo, aby z toho m\u011bli ob\u010dan\u00e9, podnikatel\u00e9 a ve fin\u00e1le cel\u00e1 ta spole\u010dnost, to by byla ide\u00e1ln\u00ed kombinace.<br \/><br \/>V\u00e1clav Moravec, moder\u00e1tor \u010cT<br \/>&#8212;&#8212;&#8212;&#8212;&#8212;&#8212;&#8211;<br \/>Tak tady se ale na tom shodnete, v\u010detn\u011b toho, \u017ee je do toho zapot\u0159eb\u00ed d\u00e1t pen\u00edze. A vra\u0165me se k t\u00e9matu, kter\u00fdm jsme kon\u010dili prvn\u00ed \u010d\u00e1st Ot\u00e1zek, pane profesore Havr\u00e1nku, pro\u010d jste mluvil o tom, \u017ee za chv\u00edli v\u0161ichni budeme na d\u00e1vce z bydlen\u00ed?<br \/><br \/>Tom\u00e1\u0161 Havr\u00e1nek, ekonom, IES FSV UK, Stanfordova univerzita<br \/>&#8212;&#8212;&#8212;&#8212;&#8212;&#8212;&#8211;<br \/>Prvn\u011b d\u011bkuju panu vicepremi\u00e9rovi za tu reformu, kterou chyst\u00e1, j\u00e1 mysl\u00edm, \u017ee to zjednodu\u0161en\u00ed je pot\u0159eba.<br \/><br \/>V\u00e1clav Moravec, moder\u00e1tor \u010cT<br \/>&#8212;&#8212;&#8212;&#8212;&#8212;&#8212;&#8211;<br \/>Super d\u00e1vky jedn\u00e9?<br \/><br \/>Tom\u00e1\u0161 Havr\u00e1nek, ekonom, IES FSV UK, Stanfordova univerzita<br \/>&#8212;&#8212;&#8212;&#8212;&#8212;&#8212;&#8211;<br \/>T\u00e9 super, promi\u0148te&#8230;<br \/><br \/>V\u00e1clav Moravec, moder\u00e1tor \u010cT<br \/>&#8212;&#8212;&#8212;&#8212;&#8212;&#8212;&#8211;<br \/>Tak vy zat\u00edm napijte. Tady p\u0159ed n\u00e1mi je ten n\u00e1vrh z\u00e1kona.<br \/><br \/>Tom\u00e1\u0161 Havr\u00e1nek, ekonom, IES FSV UK, Stanfordova univerzita<br \/>&#8212;&#8212;&#8212;&#8212;&#8212;&#8212;&#8211;<br \/>U\u017e jsem v po\u0159\u00e1dku.<br \/><br \/>V\u00e1clav Moravec, moder\u00e1tor \u010cT<br \/>&#8212;&#8212;&#8212;&#8212;&#8212;&#8212;&#8211;<br \/>U\u017e jste v po\u0159\u00e1dku.<br \/><br \/>Tom\u00e1\u0161 Havr\u00e1nek, ekonom, IES FSV UK, Stanfordova univerzita<br \/>&#8212;&#8212;&#8212;&#8212;&#8212;&#8212;&#8211;<br \/>Jsem v po\u0159\u00e1dku. Kdy\u017e moje \u017eena \u017e\u00e1dala o \u010dtvrtou rodi\u010dovskou se \u010dtvrt\u00fdm d\u00edt\u011btem, tak dokl\u00e1dala 24 dokument\u016f. Tak jenom pro p\u0159edstavu, jak to m\u016f\u017ee b\u00fdt jednoduch\u00e9 ob\u010das. To samoz\u0159ejm\u011b nen\u00ed k t\u00e9 super d\u00e1vce, ale to zjednodu\u0161en\u00ed, kter\u00e9 pl\u00e1nujete, je dobr\u00e9. Trochu bych se b\u00e1l toho, u t\u00e9 d\u00e1vky na bydlen\u00ed, kde ten limit je 30 % \u010dist\u00fdch p\u0159\u00edjm\u016f, v\u00fddaj na bydlen\u00ed v\u010detn\u011b energi\u00ed atd. To je opravdu limit, kter\u00fd nen\u00ed moc omezuj\u00edc\u00ed, proto\u017ee je i b\u011b\u017en\u00e1 rodina ve st\u0159edn\u00ed t\u0159\u00edd\u011b. Velmi \u010dasto tohle p\u0159ekro\u010d\u00ed, ani\u017e by m\u011bla n\u011bjak\u00fd majetkov\u00fd probl\u00e9m. V zahrani\u010d\u00ed je to ve vysp\u011bl\u00fdch bohat\u00fdch zem\u00edch je to \u00fapln\u011b b\u011b\u017en\u00e9 d\u00e1vat 30 % i v\u00edc pen\u011bz z \u010dist\u00e9ho p\u0159\u00edjmu na bydlen\u00ed, \u017ee ta d\u00e1vka je jako velmi \u0161t\u011bdr\u00e1 a je k zamy\u0161len\u00ed, jestli chceme, i v tom nov\u00e9m syst\u00e9mu po\u0159\u00e1d ten limit bude takhle nastaven. Jestli chceme my z pen\u011bz zam\u011bstnanc\u016f, \u010dlen\u016f odbor\u016f a dal\u0161\u00edch, co pracuj\u00ed, financovat vlastn\u011b tohle, kde to dost\u00e1vaj\u00ed lidi, co to fakt pot\u0159ebuj\u00ed a potom i lidi, kte\u0159\u00ed sice tam bude majetkov\u00fd test, ale dv\u011b auta, dva domy.To nen\u00ed \u00fapln\u011b dvakr\u00e1t omezuj\u00edc\u00ed. \u010cili tohle jsem m\u011bl na mysli, \u017ee 30 % \u010dist\u00fdch p\u0159\u00edjm\u016f nen\u00ed \u017e\u00e1dn\u00e1 hranice chudoby v \u017e\u00e1dn\u00e9 zemi a je to opravdu velmi velkoryse nastaven\u00e9. Pak vyu\u010d\u00edme statis\u00edce a mo\u017en\u00e1 miliony lid\u00ed br\u00e1t d\u00e1vky, a\u010dkoliv jenom zlomek z nich to opravdu pot\u0159ebuje. A plat\u00ed to potom lidi, kte\u0159\u00ed si to bydlen\u00ed kalibruj\u00ed tak, aby na to m\u011bli, kte\u0159\u00ed bydl\u00ed t\u0159eba v men\u0161\u00edch bytech, kte\u0159\u00ed prost\u011b se chovaj\u00ed zodpov\u011bdn\u011b, plat\u00ed ty dan\u011b a z t\u011bch dan\u00ed potom plat\u00edme tyhle d\u00e1vky, jo. \u010cili j\u00e1 d\u011bkuju za ty va\u0161e zm\u011bny, za to nav\u00e1z\u00e1n\u00ed na motivaci k pr\u00e1ci. Ale po\u0159\u00e1d ten samotn\u00fd limit s\u00e1m o sob\u011b je p\u0159\u00edli\u0161 velkorys\u00fd.<br \/><br \/>V\u00e1clav Moravec, moder\u00e1tor \u010cT<br \/>&#8212;&#8212;&#8212;&#8212;&#8212;&#8212;&#8211;<br \/>Pane minist\u0159e.<br \/><br \/>Marian Jure\u010dka, vicepremi\u00e9r,\u00a0<strong>ministr<\/strong>\u00a0<strong>pr\u00e1ce<\/strong>\u00a0a soci\u00e1ln\u00edch v\u011bc\u00ed, p\u0159edseda strany \/KDU-\u010cSL\/<br \/>&#8212;&#8212;&#8212;&#8212;&#8212;&#8212;&#8211;<br \/>Je to tak, \u017ee vlastn\u011b ten syst\u00e9m dneska takhle funguje, fungovaly v minulosti, \u017ee vlastn\u011b ta kl\u00ed\u010dov\u00e1 hodnota byla t\u011bch 30 % v\u00fddaj\u016f t\u00e9 dom\u00e1cnosti na to bydlen\u00ed, pokud ty v\u00fddaje byly nad 30 %, tak potom ta dom\u00e1cnost m\u011bla n\u00e1rok o tu d\u00e1vku po\u017e\u00e1dat. J\u00e1 jenom chci \u0159\u00edct, \u017ee pro n\u00e1s je ale d\u016fle\u017eit\u00e9 to, \u017ee my \u0159\u00edk\u00e1me, to je prvn\u00ed vstupn\u00ed parametr a pak bude druh\u00fd, kter\u00fd \u0159\u00edk\u00e1, my se v\u00e1m pod\u00edv\u00e1me na ty va\u0161e n\u00e1klady, porovn\u00e1me to s cel\u00fdm t\u00edm zbytkem toho spektra t\u011bch \u017eadatel\u016f, ale budeme v\u00e1s stropovat na tom p\u00e1t\u00e9m decilu. A p\u0159\u00edpadn\u011b, pokud jste \u010dlov\u011bk, kter\u00fd m\u00e1 opravdu n\u00edzk\u00e9 p\u0159\u00edjmy, tak tam potom m\u00e1me individu\u00e1ln\u00ed mechanismus, abysme tomu \u010dlov\u011bku pomohli, p\u0159\u00edpadn\u011b v\u00edc, pokud to opravdu jako pot\u0159ebuje, ale tento krok, kter\u00fd tady jsme zm\u00ednili, kl\u00ed\u010dov\u00fd proto, \u017ee t\u00edm vlastn\u011b vyp\u00edn\u00e1me nemalou \u010d\u00e1st toho byznysu s chudobou, kdy n\u00e1m \u010dasto lid\u00e9 bydl\u00ed v naprosto mizern\u00fdch podm\u00ednk\u00e1ch a dost \u010dasto v tom m\u011bst\u011b, ale za jedny z nejvy\u0161\u0161\u00edch cen toho n\u00e1jmu, jo.<br \/><br \/>V\u00e1clav Moravec, moder\u00e1tor \u010cT<br \/>&#8212;&#8212;&#8212;&#8212;&#8212;&#8212;&#8211;<br \/>Tak\u017ee ten syst\u00e9m nebude tak vst\u0159\u00edcn\u00fd, jak ho tady kritizuje pan profesor?<br \/><br \/>Marian Jure\u010dka, vicepremi\u00e9r,\u00a0<strong>ministr<\/strong>\u00a0<strong>pr\u00e1ce<\/strong>\u00a0a soci\u00e1ln\u00edch v\u011bc\u00ed, p\u0159edseda strany \/KDU-\u010cSL\/<br \/>&#8212;&#8212;&#8212;&#8212;&#8212;&#8212;&#8211;<br \/>Nebude zdaleka tak vst\u0159\u00edcn\u00fd, proto\u017ee to je to, a to je ta vstupn\u00ed hodnota, kter\u00e1 \u0159\u00edk\u00e1, m\u016f\u017eete si v\u016fbec po\u017e\u00e1r? A pak je ta druh\u00e1, co v\u00e1m proplat\u00edme, a tam budeme daleko p\u0159\u00edsn\u011bj\u0161\u00ed, ale budeme to srovn\u00e1vat na z\u00e1klad\u011b opravdu re\u00e1ln\u00fdch dat. My m\u00e1me dneska opravdu jako statis\u00edce dat, p\u0159esn\u00e1 struktura, kolik je n\u00e1jemn\u00fd, kolik je elekt\u0159iny, kolik plyn, kolik jsou p\u0159\u00edpadn\u011b dal\u0161\u00ed, dal\u0161\u00ed prostory. ale my budeme schopni b\u00fdt daleko adresn\u011bj\u0161\u00ed a p\u0159esn\u011bj\u0161\u00ed.<br \/><br \/>Tom\u00e1\u0161 Havr\u00e1nek, ekonom, IES FSV UK, Stanfordova univerzita<br \/>&#8212;&#8212;&#8212;&#8212;&#8212;&#8212;&#8211;<br \/>A ty cenov\u00e9 mapy, promi\u0148te, budete pou\u017e\u00edvat cenov\u00e9 mapy p\u0159\u00edmo za&#8230;?<br \/><br \/>Marian Jure\u010dka, vicepremi\u00e9r,\u00a0<strong>ministr<\/strong>\u00a0<strong>pr\u00e1ce<\/strong>\u00a0a soci\u00e1ln\u00edch v\u011bc\u00ed, p\u0159edseda strany \/KDU-\u010cSL\/<br \/>&#8212;&#8212;&#8212;&#8212;&#8212;&#8212;&#8211;<br \/>My budeme pou\u017e\u00edvat ty cenov\u00e9 mapy, kter\u00e9 nejsou \u00fapln\u011b p\u0159esn\u00e9, proto\u017ee ty jsou dopo\u010d\u00edt\u00e1van\u00e9, my budeme br\u00e1t tvrd\u00e1 data, kter\u00fd dneska m\u00e1me zhruba p\u0159es 300 000, kter\u00e1 n\u00e1m \u0159\u00edkaj\u00ed, jak\u00e9 jsou konkr\u00e9tn\u00ed polo\u017eky p\u0159esn\u011b v t\u011bch dan\u00fdch lokalit\u00e1ch, tak\u017ee my budeme vlastn\u011b tu datovou z\u00e1kladnu, kterou to ministerstvo je\u0161t\u011b p\u0159ed 2,5 lety nem\u011blo, proto\u017ee to nem\u011blo zdigitalizovan\u00e9, tak tuhle my vyu\u017eijeme pro to, abychom stanovovali, kde jsou ty hodnoty, kter\u00e9 jsou, \u0159ekn\u011bme, pr\u016fm\u011brn\u00e9, a kde jsou ty hodnoty, kter\u00e9 fakt ust\u0159eluj\u00ed, a my tady \/nesrozumiteln\u00e9\/.<br \/><br \/>V\u00e1clav Moravec, moder\u00e1tor \u010cT<br \/>&#8212;&#8212;&#8212;&#8212;&#8212;&#8212;&#8211;<br \/>Je\u0161t\u011b vte\u0159inku.<br \/><br \/>Marian Jure\u010dka, vicepremi\u00e9r,\u00a0<strong>ministr<\/strong>\u00a0<strong>pr\u00e1ce<\/strong>\u00a0a soci\u00e1ln\u00edch v\u011bc\u00ed, p\u0159edseda strany \/KDU-\u010cSL\/<br \/>&#8212;&#8212;&#8212;&#8212;&#8212;&#8212;&#8211;<br \/>Ale lidem, kdy\u017e vezmu sou\u010det p\u0159\u00edsp\u011bvk\u016f a doplatku na bydlen\u00ed, plat\u00edme opravdu jako \u010d\u00e1stky, kter\u00e9 jako nikdo z n\u00e1s by jako nech\u00e1pal, \u017ee jsou v\u016fbec jako proplatiteln\u00e9, ale souvis\u00ed s tou kvalitou toho bydlen\u00ed. To se zm\u011bn\u00ed, to se dramaticky zm\u011bn\u00ed.<br \/><br \/>V\u00e1clav Moravec, moder\u00e1tor \u010cT<br \/>&#8212;&#8212;&#8212;&#8212;&#8212;&#8212;&#8211;<br \/>Pane vicepremi\u00e9re, kdy\u017e \u0159\u00edk\u00e1te, \u017ee se to zm\u011bn\u00ed, vy to chcete zm\u011bnit od 1. \u010dervence p\u0159\u00ed\u0161t\u00edho roku, kdy\u017e jste byl v tomto po\u0159adu, tak jste pl\u00e1noval, \u017ee do konce pr\u00e1zdnin bude na vl\u00e1d\u011b projedn\u00e1n z\u00e1kon, kter\u00fd je p\u0159ed n\u00e1mi, to je ten, zjednodu\u0161en\u011b \u0159e\u010deno, z\u00e1kon o jedn\u00e9 soci\u00e1ln\u00ed d\u00e1vce, soci\u00e1ln\u00ed pomoci. V\u00fdhrady k n\u00ed m\u00e1 nejen opozice, ale i soci\u00e1ln\u00ed partne\u0159i, respektive i koali\u010dn\u00ed partne\u0159i.<br \/><br \/>V\u00edt Raku\u0161an, vicepremi\u00e9r, ministr vnitra, p\u0159edseda hnut\u00ed \/STAN\/, 29. 8. 2024<br \/>&#8212;&#8212;&#8212;&#8212;&#8212;&#8212;&#8211;<br \/><strong>MPSV<\/strong>\u00a0odvedlo velik\u00fd kus pr\u00e1ce. Ale je tam n\u011bkolik z\u00e1le\u017eitost\u00ed, o kter\u00fdch je\u0161t\u011b chceme jako n\u00e1\u0161 resort diskutovat, a j\u00e1 douf\u00e1m, \u017ee to vypo\u0159\u00e1d\u00e1me je\u0161t\u011b p\u0159ed zased\u00e1n\u00edm vl\u00e1dy.<br \/><br \/>V\u00e1clav Moravec, moder\u00e1tor \u010cT<br \/>&#8212;&#8212;&#8212;&#8212;&#8212;&#8212;&#8211;<br \/>Kdy to d\u00e1te na vl\u00e1du, tedy kdy\u017e u\u017e to m\u00e1 zpo\u017ed\u011bn\u00ed?<br \/><br \/>Marian Jure\u010dka, vicepremi\u00e9r,\u00a0<strong>ministr<\/strong>\u00a0<strong>pr\u00e1ce<\/strong>\u00a0a soci\u00e1ln\u00edch v\u011bc\u00ed, p\u0159edseda strany \/KDU-\u010cSL\/<br \/>&#8212;&#8212;&#8212;&#8212;&#8212;&#8212;&#8211;<br \/>D\u00e1me to 18. z\u00e1\u0159\u00ed na vl\u00e1du. J\u00e1 jsem se sv\u00fdmi koali\u010dn\u00edmi partnery i na \u00farovni p\u0159edsed\u016f stran vedl to vypo\u0159\u00e1d\u00e1n\u00ed t\u011bch p\u0159ipom\u00ednek, na cel\u00e9 \u0159ad\u011b z nich jsme se dok\u00e1zali dohodnout, vysv\u011btlit p\u0159\u00edpadn\u00fd kompromis.<br \/><br \/>V\u00e1clav Moravec, moder\u00e1tor \u010cT<br \/>&#8212;&#8212;&#8212;&#8212;&#8212;&#8212;&#8211;<br \/>A kdy\u017e kup\u0159\u00edkladu MMR chce zachovat p\u0159\u00edsp\u011bvek na bydlen\u00ed a chce v\u00e1m to vyjmout z t\u00e9 jednotn\u00e9 soci\u00e1ln\u00ed d\u00e1vky?<br \/><br \/>Marian Jure\u010dka, vicepremi\u00e9r,\u00a0<strong>ministr<\/strong>\u00a0<strong>pr\u00e1ce<\/strong>\u00a0a soci\u00e1ln\u00edch v\u011bc\u00ed, p\u0159edseda strany \/KDU-\u010cSL\/<br \/>&#8212;&#8212;&#8212;&#8212;&#8212;&#8212;&#8211;<br \/>To jsme si opravdu, si mysl\u00edm, \u017ee vysv\u011btlili, byl tam nejenom pan ministr Barto\u0161, ale byl tam i t\u0159eba, byl tam i \u0159editel Agentury pro soci\u00e1ln\u00ed za\u010dle\u0148ov\u00e1n\u00ed, abysme vysv\u011btlili i na konkr\u00e9tn\u00edm p\u0159\u00edkladu, oni n\u00e1m dodali modelov\u00fd p\u0159\u00edklady, my jsme p\u0159esn\u011b dopo\u010d\u00edtali a \u0159ekli jsme, pro\u010d to je tak nastaveno. A je d\u016fle\u017eit\u00e9 vn\u00edmat to, \u017ee ta d\u00e1vka je jedna, ona se neskl\u00e1d\u00e1 ze \u010dty\u0159 r\u016fzn\u00fdch d\u00e1vek, ona je prost\u011b jedna. A ona v\u00e1m posuzuje, kolik vyd\u011bl\u00e1v\u00e1te, kolik m\u00e1te \u010dlen\u016f dom\u00e1cnosti, jak\u00e9 m\u00e1te n\u00e1klady, jestli tam je zranitelnost, a d\u00e1v\u00e1 tam tu d\u016fle\u017eitou komponentu, a to je ten pracovn\u00ed bonus za tu pracovn\u00ed aktivitu, to znamen\u00e1, jasn\u011b \u0159\u00edk\u00e1me, to nelze \u0159\u00edct, jako poj\u010fme vyjmout z toho ten, jenom to bydlen\u00ed, ale my \u0159\u00edk\u00e1me prost\u011b tohle v\u0161echno, co ta dom\u00e1cnost, jak vyd\u011bl\u00e1, tak pot\u0159ebuje uhradit, posuzujeme dohromady, a to je podle m\u011b jako f\u00e9r a vede to jenom k tomu zjednodu\u0161en\u00ed, ale k t\u00e9 v\u011bt\u0161\u00ed adresnosti, abychom opravdu pom\u00e1hali tam, kde pomoci pot\u0159eba je.<br \/><br \/>V\u00e1clav Moravec, moder\u00e1tor \u010cT<br \/>&#8212;&#8212;&#8212;&#8212;&#8212;&#8212;&#8211;<br \/>Tak\u017ee to bude jedna d\u00e1vka?<br \/><br \/>Marian Jure\u010dka, vicepremi\u00e9r,\u00a0<strong>ministr<\/strong>\u00a0<strong>pr\u00e1ce<\/strong>\u00a0a soci\u00e1ln\u00edch v\u011bc\u00ed, p\u0159edseda strany \/KDU-\u010cSL\/<br \/>&#8212;&#8212;&#8212;&#8212;&#8212;&#8212;&#8211;<br \/>Ano.<br \/><br \/>Josef St\u0159edula, p\u0159edseda \u010ceskomoravsk\u00e9 konfederace odborov\u00fdch svaz\u016f<br \/>&#8212;&#8212;&#8212;&#8212;&#8212;&#8212;&#8211;<br \/>J\u00e1 to te\u010f zjednodu\u0161\u00edm, my se tady bav\u00edme o tom, jak pomoci, nebylo by l\u00e9pe \u0159e\u0161it tu p\u0159\u00ed\u010dinu? M\u00e1me jedny z nejvy\u0161\u0161\u00edch cen energi\u00ed v parit\u011b kupn\u00ed s\u00edly, m\u00e1me velmi vysok\u00e9 ceny potravin, m\u00e1me n\u00edzk\u00e9 mzdy ve srovn\u00e1n\u00ed se zem\u011bma, kde maj\u00ed t\u0159eba potraviny dokonce ni\u017e\u0161\u00ed cenu ne\u017e u n\u00e1s. Nebylo by l\u00e9pe \u0159e\u0161it toto, proto\u017ee potom nemus\u00edme \u0159e\u0161it tyto d\u00e1vky, nen\u00ed l\u00e9pe \u0159e\u0161it nav\u00fd\u0161en\u00ed plat\u016f zam\u011bstnanc\u016fm st\u00e1tu. Proto\u017ee j\u00e1 jsem byl t\u0159eba v N\u00e1rodn\u00edm muzeu, byl tam kur\u00e1tor, mlad\u00fd \u010dlov\u011bk, kter\u00fd m\u011bl dv\u011b vysok\u00e9 \u0161koly. A j\u00e1 jsem \u0159\u00edkal: jak na tom jste? On \u0159\u00edkal. No, j\u00e1 m\u00e1m ten p\u0159\u00edsp\u011bvek na bydlen\u00ed, jinak bych to nedal. Pardon? Ten \u010dlov\u011bk pracuje pro st\u00e1t, chr\u00e1n\u00ed n\u00e1rodn\u00ed pam\u00e1tky, je\u0161t\u011b m\u00e1 vysokou zodpov\u011bdnost a v\u00fdsledek je, \u017ee on si jde pro d\u00e1vku? Tak\u017ee my vlastn\u011b zam\u011b\u0148ujeme plat za soci\u00e1ln\u00ed d\u00e1vku. To je teda jako fakt v\u00fdsledek jako vynikaj\u00edc\u00ed. Kdy\u017e jsem sv\u00e9ho \u010dasu \u0161el, sv\u00e9ho \u010dasu \u0161el po V\u00e1clavsk\u00e9 n\u00e1m\u011bst\u00ed, kde bych ne\u010dekal, byl billboard vlastn\u011b. Nesty\u010fte se zaj\u00edt si pro d\u00e1vky.Jsem \u0159\u00edkal, to je u\u017e extr\u00e9m, to je \u0161patn\u011b. Jestli \u010dlov\u011bk pracuje, m\u00e1 m\u00edt dostatek prost\u0159edk\u016f na to, aby mohl slu\u0161n\u011b \u017e\u00edt a ne t\u00edmto syst\u00e9mem. To znamen\u00e1, omlouv\u00e1m se, j\u00e1 do toho sice d\u00e1v\u00e1m \u00fapln\u011b&#8230; Ale tam to pat\u0159\u00ed.<br \/><br \/>V\u00e1clav Moravec, moder\u00e1tor \u010cT<br \/>&#8212;&#8212;&#8212;&#8212;&#8212;&#8212;&#8211;<br \/>Vrac\u00edte tam znovu&#8230;<br \/><br \/>Tom\u00e1\u0161 Havr\u00e1nek, ekonom, IES FSV UK, Stanfordova univerzita<br \/>&#8212;&#8212;&#8212;&#8212;&#8212;&#8212;&#8211;<br \/>J\u00e1 jsem, na kolika v\u011bcech se shodnu s panem p\u0159edsedou odbor\u016f, teda mus\u00edm \u0159\u00edct, tyhlety billboardy m\u011b taky znechutili, proto\u017ee u\u010dit lidi br\u00e1t si d\u00e1vky, ten \u010dlov\u011bk, kdo opravdu je ve velk\u00e9 hmotn\u00e9 nouzi, si tu d\u00e1vku najde. Tohle, ale sly\u0161el jsem to od tolika lid\u00ed, kte\u0159\u00ed byli znechuceni, kter\u00e1 byla opravdu jako pro m\u011b, pro m\u011b zdrcuj\u00edc\u00ed jako ekonoma.<br \/><br \/>V\u00e1clav Moravec, moder\u00e1tor \u010cT<br \/>&#8212;&#8212;&#8212;&#8212;&#8212;&#8212;&#8211;<br \/>J\u00e1 se p\u0159izn\u00e1m, \u017ee u n\u00e1s na vsi to nebylo. Tak, o jak\u00e9 kampani mluv\u00edte?<br \/><br \/>Tom\u00e1\u0161 Havr\u00e1nek, ekonom, IES FSV UK, Stanfordova univerzita<br \/>&#8212;&#8212;&#8212;&#8212;&#8212;&#8212;&#8211;<br \/>Tak kampa\u0148 na to b\u011b\u017ete si&#8230;<br \/><br \/>Josef St\u0159edula, p\u0159edseda \u010ceskomoravsk\u00e9 konfederace odborov\u00fdch svaz\u016f<br \/>&#8212;&#8212;&#8212;&#8212;&#8212;&#8212;&#8211;<br \/>Aby se lid\u00e9 neb\u00e1li j\u00edt pro soci\u00e1ln\u00ed d\u00e1vky, kdy\u017e na n\u011b maj\u00ed n\u00e1rok.<br \/><br \/>Marian Jure\u010dka, vicepremi\u00e9r,\u00a0<strong>ministr<\/strong>\u00a0<strong>pr\u00e1ce<\/strong>\u00a0a soci\u00e1ln\u00edch v\u011bc\u00ed, p\u0159edseda strany \/KDU-\u010cSL\/<br \/>&#8212;&#8212;&#8212;&#8212;&#8212;&#8212;&#8211;<br \/>J\u00e1 si dovol\u00edm to jako vysv\u011btlit.<br \/><br \/>V\u00e1clav Moravec, moder\u00e1tor \u010cT<br \/>&#8212;&#8212;&#8212;&#8212;&#8212;&#8212;&#8211;<br \/>To nen\u00ed kampa\u0148 Ministerstva pr\u00e1ce a soci\u00e1ln\u00edch v\u011bc\u00ed.<br \/><br \/>Marian Jure\u010dka, vicepremi\u00e9r,\u00a0<strong>ministr<\/strong>\u00a0<strong>pr\u00e1ce<\/strong>\u00a0a soci\u00e1ln\u00edch v\u011bc\u00ed, p\u0159edseda strany \/KDU-\u010cSL\/<br \/>&#8212;&#8212;&#8212;&#8212;&#8212;&#8212;&#8211;<br \/>J\u00e1 nev\u00edm, kterou kampa\u0148 mysl\u00edte, j\u00e1 v\u016fbec nev\u00edm, \u017ee na V\u00e1clav\u00e1ku jsou billboardy, mo\u017en\u00e1 n\u011bjak\u00e1 osv\u011btov\u00e1 reklama, ale te\u010f jako zcela v\u00e1\u017en\u011b. Soci\u00e1ln\u00ed syst\u00e9m tady m\u00e1 b\u00fdt proto, aby za prv\u00e9, ve v\u00fdjime\u010dn\u00fdch situac\u00edch pom\u00e1hal a posledn\u00ed dva roky byla v\u00fdjime\u010dn\u00e1 situace. A jestli j\u00e1 jsem N\u011bcondy komunikoval, tak jsem \u0159\u00edkal, \u017ee jestli lid\u00e9 te\u010f v t\u00e9hle v\u00fdjime\u010dn\u00e9 situaci, kte\u0159\u00ed p\u0159edt\u00edm nem\u011bli probl\u00e9m s \u00fahradou t\u0159eba jako na bydlen\u00ed a te\u010f je maj\u00ed, a\u0165 se neboj\u00ed obr\u00e1tit na \u00da\u0159ad pr\u00e1ce. Proto\u017ee p\u0159esn\u011b ten moment je povode\u0148, torn\u00e1do. Extr\u00e9mn\u011b vysok\u00fd v\u00fdkyv inflace, tak maj\u00ed opravdu jako da\u0148ov\u00ed poplatn\u00edci, kte\u0159\u00ed roky p\u0159edt\u00edm platili a te\u010f to prost\u011b jako n\u011bjak\u00fd kr\u00e1tk\u00fd moment prost\u011b nevych\u00e1z\u00ed, tak maj\u00ed se na tenhle st\u00e1t obr\u00e1tit, nemaj\u00ed z toho m\u00edt v\u016fbec \u017e\u00e1dn\u00fd jako pocit, \u017ee by tam nem\u011bli jako pat\u0159it v ten dan\u00fd moment. A my jsme \u0159\u00edkali, poj\u010fme sundat jako to, co ti lid\u00e9 \u010dasto \u0159\u00edkaj\u00ed, my vlastn\u011b jako m\u00e1me t\u0159eba velk\u00fd probl\u00e9m j\u00edt t\u0159eba na obec s roz\u0161\u00ed\u0159enou p\u016fsobnost\u00ed, kter\u00e1 je mal\u00e1, kde j\u00e1 p\u0159ijdu k p\u0159ep\u00e1\u017ece, tam sed\u00ed t\u0159eba m\u016fj soused a j\u00e1 s t\u00edm m\u00e1m \u0159e\u0161it svoji jako velkou situaci, proto mimochodem d\u011bl\u00e1me revizi, proto d\u011bl\u00e1me digitalizaci a j\u00e1 jako si zase, \u0159ekn\u011bme otev\u0159en\u011b, v\u017edycky bude i super vysp\u011bl\u00e9 spole\u010dnosti N\u011bmecka, \u0160v\u00fdcarska a podobn\u011b, n\u011bjak\u00e1 skupina lid\u00ed, kte\u0159\u00ed v n\u011bjak\u00fd moment sv\u00e9ho \u017eivota pot\u0159ebuj\u00ed n\u011bjakou pomoc. A j\u00e1 jsem ten, kdo m\u00e1 zajistit, \u017ee ta pomoc bude efektivn\u00ed, nebudeme to p\u00e1lit k lidem, kte\u0159\u00ed si tu pomoc opravdu jako nepot\u0159ebuj\u00ed, nezaslou\u017e\u00ed proto, \u017ee by sami mohli pracovat. Dneska n\u00e1m sed\u00ed na kanape, maj\u00ed zdrav\u00e9 ruce, nohy a hlavu, nejdou pracovat. O tom je revize d\u00e1vek. Tohle j\u00e1 dramaticky m\u011bn\u00edm a nastavuju tyto motivace.<br \/><br \/>V\u00e1clav Moravec, moder\u00e1tor \u010cT<br \/>&#8212;&#8212;&#8212;&#8212;&#8212;&#8212;&#8211;<br \/>A garantujete tedy, \u017ee to za\u010dne platit 1. \u010dervence?<br \/><br \/>Josef St\u0159edula, p\u0159edseda \u010ceskomoravsk\u00e9 konfederace odborov\u00fdch svaz\u016f<br \/>&#8212;&#8212;&#8212;&#8212;&#8212;&#8212;&#8211;<br \/>Ale to nikdo nezpochyb\u0148uje. J\u00e1 jenom \u0159\u00edk\u00e1m, \u017ee jestli tady m\u00e1me zam\u011bstnance, kte\u0159\u00ed poctiv\u011b pracuj\u00ed, nesed\u00ed doma, jak \u0159\u00edk\u00e1te, nezah\u0159\u00edvaj\u00ed kanape m\u00edsto toho, aby \u0161li pracovat, ale oni maj\u00ed tak n\u00edzkou mzdu, \u017ee mus\u00ed pro tu d\u00e1vku, tak to je prost\u011b ned\u016fstojn\u00e9, tak se to nem\u00e1 d\u011blat, tak\u017ee j\u00e1 budu r\u00e1d, kdy\u017e i po dne\u0161n\u00edm po\u0159adu my dva se t\u0159eba sejdeme a \u0159ekneme si, jak budeme spole\u010dn\u011b postupovat, abychom b\u011bhem t\u011bch t\u0159ech t\u00fddn\u016f zm\u011bnili sou\u010dasn\u00fd postoj vl\u00e1dy t\u0159eba k nav\u00fd\u0161en\u00ed plat\u016f. To je ide\u00e1ln\u00ed kombinace.<br \/><br \/>Tom\u00e1\u0161 Havr\u00e1nek, ekonom, IES FSV UK, Stanfordova univerzita<br \/>&#8212;&#8212;&#8212;&#8212;&#8212;&#8212;&#8211;<br \/>M\u016f\u017eu je\u0161t\u011b k tomu n\u011bco? Pane minist\u0159e, nem\u00e1te obavu z toho, \u017ee jak to zjednodu\u0161\u00ed, bude snaz\u0161\u00ed o tu d\u00e1vku po\u017e\u00e1dat, \u017ee najednou vlastn\u011b lidi, co se na n\u00e1s te\u010fko d\u00edvaj\u00ed a zjist\u00ed, \u017ee te\u010f j\u00e1 se o to taky m\u016f\u017eu, j\u00e1 plat\u00edm v\u00edc jak 30 % \u010dist\u00fdch p\u0159\u00edjm\u016f na bydlen\u00ed najednou budete m\u00edt statis\u00edce nov\u00fdch \u017e\u00e1dost\u00ed, kter\u00fd te\u010fko jsou malinko t\u0159eba odrazen\u00ed, jednak t\u00edm studem, kter\u00fd podle m\u011b je spr\u00e1vn\u00fd, styd\u011bt se br\u00e1t soci\u00e1ln\u00ed d\u00e1vky od lid\u00ed, co plat\u00ed ty dan\u011b. A z\u00e1rove\u0148 ale je trochu odrad\u00ed ta komplikovanost toho syst\u00e9mu. Nem\u00e1te z tohohle obavy? To m\u016f\u017ee vyrobit dal\u0161\u00ed miliardy.<br \/><br \/>Marian Jure\u010dka, vicepremi\u00e9r,\u00a0<strong>ministr<\/strong>\u00a0<strong>pr\u00e1ce<\/strong>\u00a0a soci\u00e1ln\u00edch v\u011bc\u00ed, p\u0159edseda strany \/KDU-\u010cSL\/<br \/>&#8212;&#8212;&#8212;&#8212;&#8212;&#8212;&#8211;<br \/>Jsem kritizov\u00e1n, \u0159eknu, kdyby \/nesrozumiteln\u00e9\/ je\u0161t\u011b n\u011bkdo jin\u00fd, m\u011b bude kritizovat za to, \u017ee jsem jako moc p\u0159\u00edsn\u00fd, to je nemal\u00e1 \u010d\u00e1st t\u00e9 kritiky, kter\u00e1 n\u00e1m jde, \u017ee v tom nastaven\u00e9m syst\u00e9mu t\u00e9 revize d\u00e1vkov\u00e9 jsem daleko p\u0159\u00edsn\u011bj\u0161\u00ed, nejenom z pohledu toho majetkov\u00e9ho testu, kter\u00fd tam dost \u010dasto u n\u011bkter\u00fdch d\u00e1vek dneska v\u016fbec nen\u00ed, jo, ale jsem t\u0159eba p\u0159\u00edsn\u00fd na to, \u017ee pova\u017euju za norm\u00e1ln\u00ed, aby \u010dlov\u011bk, kter\u00fd mohl pracovat, \u017ee prost\u011b pracovat bude, \u017ee prost\u011b vyvine pracovn\u00ed aktivitu, jinak j\u00e1 mu tu podporu o\u0159e\u017eu, ale v\u00fdznamn\u011b.<br \/><br \/>Josef St\u0159edula, p\u0159edseda \u010ceskomoravsk\u00e9 konfederace odborov\u00fdch svaz\u016f<br \/>&#8212;&#8212;&#8212;&#8212;&#8212;&#8212;&#8211;<br \/>Vy to sice nebudete, pane minist\u0159e.<br \/><br \/>Marian Jure\u010dka, vicepremi\u00e9r,\u00a0<strong>ministr<\/strong>\u00a0<strong>pr\u00e1ce<\/strong>\u00a0a soci\u00e1ln\u00edch v\u011bc\u00ed, p\u0159edseda strany \/KDU-\u010cSL\/<br \/>&#8212;&#8212;&#8212;&#8212;&#8212;&#8212;&#8211;<br \/>Tak ono to bude od prvn\u00edho sedm\u00fd.<br \/><br \/>Josef St\u0159edula, p\u0159edseda \u010ceskomoravsk\u00e9 konfederace odborov\u00fdch svaz\u016f<br \/>&#8212;&#8212;&#8212;&#8212;&#8212;&#8212;&#8211;<br \/>To bude ze z\u00e1kona, \u017ee jo.<br \/><br \/>Marian Jure\u010dka, vicepremi\u00e9r,\u00a0<strong>ministr<\/strong>\u00a0<strong>pr\u00e1ce<\/strong>\u00a0a soci\u00e1ln\u00edch v\u011bc\u00ed, p\u0159edseda strany \/KDU-\u010cSL\/<br \/>&#8212;&#8212;&#8212;&#8212;&#8212;&#8212;&#8211;<br \/>Tak pardon, jo, tak \u0159ekl jsem to takto, jak to navrhuji nebo pova\u017euju za naprosto norm\u00e1ln\u00ed, \u017ee oce\u0148uji \u010dlov\u011bka, kter\u00fd nejenom, \u017ee chod\u00ed do pr\u00e1ce, kdy\u017e m\u016f\u017ee nebo m\u00e1 pracovn\u00ed aktivitu, ale \u017ee t\u0159eba pos\u00edl\u00e1 sv\u00e9 d\u011bti do \u0161koly. To jsou z\u00e1kladn\u00ed zm\u011bny, kter\u00e9 jako p\u0159in\u00e1\u0161\u00ed \/nesrozumiteln\u00e9\/, aby do\u0161lo v\u016fbec k n\u011bjak\u00e9 kvalitativn\u00ed zm\u011bn\u011b do budoucna.<br \/><br \/>V\u00e1clav Moravec, moder\u00e1tor \u010cT<br \/>&#8212;&#8212;&#8212;&#8212;&#8212;&#8212;&#8211;<br \/>Je to opravdu velmi zaj\u00edmav\u00e1, v\u011bcn\u00e1 debata, za kterou v\u00e1m hodn\u011b d\u011bkuji, \u017ee jste p\u0159i\u0161li do Ot\u00e1zek. Vicepremi\u00e9r,\u00a0<strong>ministr<\/strong>\u00a0<strong>pr\u00e1ce<\/strong>\u00a0a soci\u00e1ln\u00edch v\u011bc\u00ed Marian Jure\u010dka, p\u0159edseda \u010ceskomoravsk\u00e9 konfederace odborov\u00fdch svaz\u016f Josef St\u0159edula a ekonom z Institutu ekonomick\u00fdch studi\u00ed Fakulty soci\u00e1ln\u00edch v\u011bd Univerzity Karlovy a v\u00fdzkumn\u00edk Centra inovac\u00ed meta v\u00fdzkumu Stanfordovy univerzity Tom\u00e1\u0161 Havr\u00e1nek. Budu r\u00e1d, kdy\u017e se zase setk\u00e1me, d\u00edky, na shledanou.<br \/><br \/><br \/><br \/><\/p>\n","protected":false},"excerpt":{"rendered":"<div class=\"mh-excerpt\"><p>\u010cT 24\u00a0&#8211; Ot\u00e1zky V\u00e1clava Moravce II. Rozpo\u010det na roztrh\u00e1n\u00ed. Jak zabr\u00e1nit lidov\u00fdm bou\u0159\u00edm a z\u00e1rove\u0148 nezkrachovat? Jakub Kom\u00e1rek, ekonom, PAQ Research&#8212;&#8212;&#8212;&#8212;&#8212;&#8212;&#8211;Majetek, tedy hodnota nemovitost\u00ed a <a class=\"mh-excerpt-more\" href=\"https:\/\/www.invarena.cz\/?p=51647\" title=\"Soci\u00e1ln\u00ed syst\u00e9m a mzdy ve ve\u0159ejn\u00e9m sektoru\u00a0\u00a0\">[&#8230;]<\/a><\/p>\n<\/div>","protected":false},"author":1,"featured_media":24197,"comment_status":"open","ping_status":"closed","sticky":false,"template":"","format":"standard","meta":{"footnotes":""},"categories":[12],"tags":[],"class_list":["post-51647","post","type-post","status-publish","format-standard","has-post-thumbnail","hentry","category-rozhovory"],"_links":{"self":[{"href":"https:\/\/www.invarena.cz\/index.php?rest_route=\/wp\/v2\/posts\/51647","targetHints":{"allow":["GET"]}}],"collection":[{"href":"https:\/\/www.invarena.cz\/index.php?rest_route=\/wp\/v2\/posts"}],"about":[{"href":"https:\/\/www.invarena.cz\/index.php?rest_route=\/wp\/v2\/types\/post"}],"author":[{"embeddable":true,"href":"https:\/\/www.invarena.cz\/index.php?rest_route=\/wp\/v2\/users\/1"}],"replies":[{"embeddable":true,"href":"https:\/\/www.invarena.cz\/index.php?rest_route=%2Fwp%2Fv2%2Fcomments&post=51647"}],"version-history":[{"count":0,"href":"https:\/\/www.invarena.cz\/index.php?rest_route=\/wp\/v2\/posts\/51647\/revisions"}],"wp:featuredmedia":[{"embeddable":true,"href":"https:\/\/www.invarena.cz\/index.php?rest_route=\/wp\/v2\/media\/24197"}],"wp:attachment":[{"href":"https:\/\/www.invarena.cz\/index.php?rest_route=%2Fwp%2Fv2%2Fmedia&parent=51647"}],"wp:term":[{"taxonomy":"category","embeddable":true,"href":"https:\/\/www.invarena.cz\/index.php?rest_route=%2Fwp%2Fv2%2Fcategories&post=51647"},{"taxonomy":"post_tag","embeddable":true,"href":"https:\/\/www.invarena.cz\/index.php?rest_route=%2Fwp%2Fv2%2Ftags&post=51647"}],"curies":[{"name":"wp","href":"https:\/\/api.w.org\/{rel}","templated":true}]}}