{"id":51657,"date":"2024-09-04T09:45:35","date_gmt":"2024-09-04T07:45:35","guid":{"rendered":"https:\/\/www.invarena.cz\/?p=51657"},"modified":"2024-09-04T09:45:55","modified_gmt":"2024-09-04T07:45:55","slug":"omezeni-pomoci-pro-uprchliky-z-ukrajiny","status":"publish","type":"post","link":"https:\/\/www.invarena.cz\/?p=51657","title":{"rendered":"\u00a0Omezen\u00ed pomoci pro uprchl\u00edky z Ukrajiny\u00a0\u00a0"},"content":{"rendered":"\n<p>\u010cT 1\u00a0&#8211; Ud\u00e1losti<br \/><br \/>Dal\u0161\u00ed omezen\u00ed pomoci pro uprchl\u00edky z Ukrajiny. Od ned\u011ble bydlen\u00ed zdarma v \u010cesku dostanou u\u017e jenom ti nov\u011b p\u0159\u00edchoz\u00ed, a to maxim\u00e1ln\u011b na 90 dn\u016f. Ostatn\u00ed si budou muset ubytov\u00e1n\u00ed hradit sami v\u010detn\u011b zraniteln\u00fdch skupin, jako jsou matky s d\u011btmi,\u00a0<strong>zdravotn\u011b<\/strong>\u00a0<strong>posti\u017een\u00ed<\/strong>\u00a0anebo senio\u0159i.<br \/><br \/>Proch\u00e1zka se synem j\u00ed pom\u00e1h\u00e1 zapom\u00ednat na starosti. Od z\u00e1\u0159\u00ed toti\u017e nebudou m\u00edt kde bydlet. Dosud \u017eili v nouzov\u00e9m ubytov\u00e1n\u00ed. Za nocleh platila pouze za sebe.<br \/><br \/>Vita Sonov\u00e1, uprchlice z Ukrajiny<br \/>&#8212;&#8212;&#8212;&#8212;&#8212;&#8212;&#8211;<br \/>Od z\u00e1\u0159\u00ed u\u017e za ka\u017ed\u00e9ho zaplat\u00edme 8 000 K\u010d. D\u00e1vka dnes \u010din\u00ed 11 420 K\u010d. U\u017e te\u010f je to t\u011b\u017ek\u00e9, nem\u00e1me dost pen\u011bz na j\u00eddlo.<br \/><br \/>redaktorka<br \/>&#8212;&#8212;&#8212;&#8212;&#8212;&#8212;&#8211;<br \/>V srpnu vl\u00e1da pomoc pro uprchl\u00edky zv\u00fd\u0161ila. P\u0159esto na pokryt\u00ed \u017eivotn\u00edch n\u00e1klad\u016f t\u00e9to rodin\u011b nesta\u010d\u00ed. Kv\u016fli pracovn\u00edmu \u00farazu te\u010f matka nevyd\u011bl\u00e1v\u00e1.<br \/><br \/>Vita Sonov\u00e1, uprchlice z Ukrajiny<br \/>&#8212;&#8212;&#8212;&#8212;&#8212;&#8212;&#8211;<br \/>Nem\u00e1me \u017e\u00e1dn\u00e9 varianty, kam se p\u0159est\u011bhovat. N\u00e1vrat (na Ukrajinu) nep\u0159ipad\u00e1 v \u00favahu, proto\u017ee m\u016fj byt v Charkov\u011b je zni\u010den\u00fd.<br \/><br \/>Natalia Kosjakov\u00e1, redaktorka<br \/>&#8212;&#8212;&#8212;&#8212;&#8212;&#8212;&#8211;<br \/>V nouzov\u00e9m ubytov\u00e1n\u00ed \u017eije 11 500 ukrajinsk\u00fdch uprchl\u00edk\u016f. \u010cty\u0159i p\u011btiny jsou pr\u00e1v\u011b zraniteln\u00ed, kte\u0159\u00ed m\u011bli dosud ubytov\u00e1n\u00ed zdarma.<br \/><br \/>Marian Jure\u010dka, vicepremi\u00e9r,\u00a0<strong>ministr<\/strong>\u00a0<strong>pr\u00e1ce<\/strong>\u00a0a soci\u00e1ln\u00edch v\u011bc\u00ed \/KDU-\u010cSL\/<br \/>&#8212;&#8212;&#8212;&#8212;&#8212;&#8212;&#8211;<br \/>Jsme schopni individu\u00e1ln\u00ed p\u0159\u00edpady \u0159e\u0161it z pohledu mimo\u0159\u00e1dn\u00e9 okam\u017eit\u00e9 pomoci, to znamen\u00e1, my m\u00e1me mechanismy, m\u00e1me n\u00e1stroje tomu, jak pomoci.<br \/><br \/>Natalia Kosjakov\u00e1, redaktorka<br \/>&#8212;&#8212;&#8212;&#8212;&#8212;&#8212;&#8211;<br \/>Kv\u016fli zm\u011bn\u00e1m uprchl\u00edci v n\u011bkter\u00fdch kraj\u00edch dos\u00e1hnou tak\u00e9 na jednor\u00e1zovou pomoc z unijn\u00edho programu. Dostala ji u\u017e Julija Andrejeva se t\u0159emi d\u011btmi. Penzion tak vym\u011bnila za n\u00e1jemn\u00e9 bydlen\u00ed nedaleko Brna.<br \/><br \/>Julija Andrejevov\u00e1, uprchlice z Ukrajiny<br \/>&#8212;&#8212;&#8212;&#8212;&#8212;&#8212;&#8211;<br \/>P\u0159ijeli jsme z Ukrajiny jen s kufry, tak\u017ee jsme pot\u0159ebovali n\u00e1bytek, spot\u0159ebi\u010de, lo\u017en\u00ed pr\u00e1dlo.<br \/><br \/>Alena Krej\u010d\u00ed (\u0159editelka, Centrum pro cizince Jihomoravsk\u00e9ho kraje),<br \/>&#8212;&#8212;&#8212;&#8212;&#8212;&#8212;&#8211;<br \/>Moment\u00e1ln\u011b jsme vy\u0159e\u0161ili 35 p\u0159\u00edpad\u016f, co\u017e znamen\u00e1, \u017ee to je p\u0159es 100 osob, kter\u00e9 se takto p\u0159em\u00edstily.<br \/><br \/>Mat\u011bj \u0160ulc, vedouc\u00ed ter\u00e9nn\u00edch program\u016f, Organizace pro pomoc uprchl\u00edk\u016fm<br \/>&#8212;&#8212;&#8212;&#8212;&#8212;&#8212;&#8211;<br \/>Dlouhodob\u011b jedin\u00e9 mo\u017en\u00e9 \u0159e\u0161en\u00ed je vpu\u0161t\u011bn\u00ed t\u011bch lid\u00ed do standardn\u00edho \u010desk\u00fdho soci\u00e1ln\u00edho syst\u00e9mu, ve kter\u00fdm by ty nejzraniteln\u011bj\u0161\u00ed m\u011bli n\u00e1rok nap\u0159\u00edklad na p\u0159\u00edsp\u011bvek na p\u00e9\u010di.<br \/><br \/>Natalia Kosjakov\u00e1, redaktorka<br \/>&#8212;&#8212;&#8212;&#8212;&#8212;&#8212;&#8211;<br \/>Pro pomoc nejv\u00edc ohro\u017een\u00fdm vyhl\u00e1sili sb\u00edrku. Na tuto podporu spol\u00e9haj\u00ed i Sonovi. <\/p>\n\n\n\n<p>\u010cesk\u00e1 televize.<\/p>\n\n\n\n<p><a href=\"https:\/\/monitoring.anopress.cz\/files\/dnload\/final\/medical_00322_31627434.htm#obsah\"><br \/><\/a><\/p>\n","protected":false},"excerpt":{"rendered":"<div class=\"mh-excerpt\"><p>\u010cT 1\u00a0&#8211; Ud\u00e1losti Dal\u0161\u00ed omezen\u00ed pomoci pro uprchl\u00edky z Ukrajiny. Od ned\u011ble bydlen\u00ed zdarma v \u010cesku dostanou u\u017e jenom ti nov\u011b p\u0159\u00edchoz\u00ed, a to maxim\u00e1ln\u011b <a class=\"mh-excerpt-more\" href=\"https:\/\/www.invarena.cz\/?p=51657\" title=\"\u00a0Omezen\u00ed pomoci pro uprchl\u00edky z Ukrajiny\u00a0\u00a0\">[&#8230;]<\/a><\/p>\n<\/div>","protected":false},"author":1,"featured_media":14875,"comment_status":"open","ping_status":"closed","sticky":false,"template":"","format":"standard","meta":{"footnotes":""},"categories":[7],"tags":[],"class_list":["post-51657","post","type-post","status-publish","format-standard","has-post-thumbnail","hentry","category-spolecnost"],"_links":{"self":[{"href":"https:\/\/www.invarena.cz\/index.php?rest_route=\/wp\/v2\/posts\/51657","targetHints":{"allow":["GET"]}}],"collection":[{"href":"https:\/\/www.invarena.cz\/index.php?rest_route=\/wp\/v2\/posts"}],"about":[{"href":"https:\/\/www.invarena.cz\/index.php?rest_route=\/wp\/v2\/types\/post"}],"author":[{"embeddable":true,"href":"https:\/\/www.invarena.cz\/index.php?rest_route=\/wp\/v2\/users\/1"}],"replies":[{"embeddable":true,"href":"https:\/\/www.invarena.cz\/index.php?rest_route=%2Fwp%2Fv2%2Fcomments&post=51657"}],"version-history":[{"count":0,"href":"https:\/\/www.invarena.cz\/index.php?rest_route=\/wp\/v2\/posts\/51657\/revisions"}],"wp:featuredmedia":[{"embeddable":true,"href":"https:\/\/www.invarena.cz\/index.php?rest_route=\/wp\/v2\/media\/14875"}],"wp:attachment":[{"href":"https:\/\/www.invarena.cz\/index.php?rest_route=%2Fwp%2Fv2%2Fmedia&parent=51657"}],"wp:term":[{"taxonomy":"category","embeddable":true,"href":"https:\/\/www.invarena.cz\/index.php?rest_route=%2Fwp%2Fv2%2Fcategories&post=51657"},{"taxonomy":"post_tag","embeddable":true,"href":"https:\/\/www.invarena.cz\/index.php?rest_route=%2Fwp%2Fv2%2Ftags&post=51657"}],"curies":[{"name":"wp","href":"https:\/\/api.w.org\/{rel}","templated":true}]}}