{"id":51739,"date":"2024-09-05T00:07:22","date_gmt":"2024-09-04T22:07:22","guid":{"rendered":"https:\/\/www.invarena.cz\/?p=51739"},"modified":"2024-09-05T00:07:23","modified_gmt":"2024-09-04T22:07:23","slug":"na-charitaku-se-letos-bude-pomahat-trem-rodinam-s-postizenymi-detmi","status":"publish","type":"post","link":"https:\/\/www.invarena.cz\/?p=51739","title":{"rendered":"Na Chari\u0165\u00e1ku se letos bude pom\u00e1hat t\u0159em rodin\u00e1m s posti\u017een\u00fdmi d\u011btmi"},"content":{"rendered":"\n<p>V Mercandinov\u00fdch sadech v Klatovech se bude v sobotu 7. z\u00e1\u0159\u00ed op\u011bt pom\u00e1hat. Uskute\u010dn\u00ed se tam ji\u017e tradi\u010dn\u00ed akce Chari\u0165\u00e1k a letos p\u016fjde o pomoc pro t\u0159i mal\u00e9 d\u011bti se zdravotn\u00edm posti\u017een\u00edm. U\u017e nyn\u00ed jsou pro n\u011b zalo\u017eeny sb\u00edrky, kam je mo\u017en\u00e9 p\u0159isp\u00edvat, pokud se na akci nedostanete. Chari\u0165\u00e1k bude jako ka\u017ed\u00fd rok o b\u011bhu a chyb\u011bt nebude dostatek z\u00e1bavy.<\/p>\n\n\n\n<p>\u201eChari\u0165\u00e1k by v roce 2024 r\u00e1d pomohl t\u0159em rodin\u00e1m se zdravotn\u011b posti\u017een\u00fdmi d\u011btmi. Pevn\u011b douf\u00e1me, \u017ee to spole\u010dn\u011b s v\u00e1mi, stejn\u011b jako v p\u0159edchoz\u00edch letech, zvl\u00e1dneme. P\u0159isp\u00edvat m\u016f\u017eete na jednotliv\u00e9 sb\u00edrky u\u017e nyn\u00ed. Chari\u0165\u00e1k pak vyvrchol\u00ed 7. z\u00e1\u0159\u00ed v Klatovech na Kolon\u00e1d\u011b,\u201c uvedl za po\u0159adatele Ji\u0159\u00ed Zav\u0159el.<\/p>\n\n\n\n<p>A komu se letos bude pom\u00e1hat? Mart\u00ednkovi (4) ze Su\u0161icka se vz\u00e1cn\u00fdm Pitt-Hopkins syndromem, t\u011b\u017ekou ment\u00e1ln\u00ed retardac\u00ed, hypotoni\u00ed, hypoplazi\u00ed a\u017e atrofi\u00ed obou front\u00e1ln\u00edch lalok\u016f. To v\u0161e zp\u016fsobuje, \u017ee nemluv\u00ed a pohybovat se m\u016f\u017ee jen pomoc\u00ed plazen\u00ed. D\u00edky pravideln\u00fdm terapi\u00edm a rehabilita\u010dn\u00edm pobyt\u016fm v\u0161ak d\u011bl\u00e1 pokroky. Ve\u0161ker\u00e9 zdravotn\u00ed terapie (fyzioterapie, hipoterapie, rehabilitace) a l\u00e9\u010debn\u00e9 pobyty, kter\u00e9 Mart\u00ednek absolvuje, jsou zna\u010dn\u011b finan\u010dn\u011b n\u00e1kladn\u00e9, av\u0161ak z\u00e1rove\u0148 velmi d\u016fle\u017eit\u00e9 k jeho rozpohybov\u00e1n\u00ed. Touto sb\u00edrkou bychom cht\u011bli rodin\u011b v tomto sm\u011bru pomoci. V p\u0159\u00edpad\u011b, \u017ee by se poda\u0159ila vybrat v\u011bt\u0161\u00ed finan\u010dn\u00ed \u010d\u00e1stka, byla by u\u017eita na n\u00e1kup speci\u00e1ln\u00edho zdravotn\u00edho ko\u010d\u00e1rku. Sb\u00edrku najdete ZDE: <a href=\"https:\/\/www.znesnaze21.cz\/sbirka\/terapie-pro-martinka-s-tezkou-mentalni-retardaci?fbclid=IwY2xjawFA921leHRuA2FlbQIxMAABHU6J3yOFCnfSSxh92sepov7her4t34MSj1mIRV73g_FWaT3dgZAExMnmyQ_aem_NZGEq0INMFMg3pnciO084Q\" target=\"_blank\" rel=\"noreferrer noopener\">https:\/\/www.znesnaze21.cz\/sbirka\/terapie-pro-martinka-s-tezkou-mentalni-retardaci?fbclid=IwY2xjawFA921leHRuA2FlbQIxMAABHU6J3yOFCnfSSxh92sepov7her4t34MSj1mIRV73g_FWaT3dgZAExMnmyQ_aem_NZGEq0INMFMg3pnciO084Q<\/a><\/p>\n\n\n\n<p>Pomoc poputuje tak\u00e9 Jakubovi (6) z Janovic nad \u00dahlavou, kter\u00fd trp\u00ed poruchou autistick\u00e9ho spektra s t\u011b\u017ekou ment\u00e1ln\u00ed retardac\u00ed. Kv\u016fli n\u00ed m\u00e1 sn\u00ed\u017een\u00fd intelekt a trp\u00ed poruchou \u0159e\u010di &#8211; nemluv\u00ed, negestikuluje. Aktu\u00e1ln\u011b by rodina ze v\u0161eho nejv\u00edce pot\u0159ebovala speci\u00e1ln\u00ed voz\u00edk za kolo, kter\u00fd se d\u00e1 pou\u017e\u00edt i jako klasick\u00fd ko\u010d\u00e1rek pro v\u011bt\u0161\u00ed d\u011bti a iPad pro speci\u00e1ln\u00ed vzd\u011bl\u00e1vac\u00ed aplikace, kter\u00e9 c\u00edl\u00ed na ment\u00e1ln\u00ed rozvoj d\u011bt\u00ed s obdobn\u00fdmi probl\u00e9my. V p\u0159\u00edpad\u011b, \u017ee by se poda\u0159ilo vybrat v\u00edce financ\u00ed, byly by u\u017eity k \u00fahrad\u011b speci\u00e1ln\u00edho l\u00e9\u010debn\u00e9ho pobytu pro d\u011bti se zdravotn\u00edm posti\u017een\u00edm, p\u0159\u00edpadn\u011b k n\u00e1kupu l\u00e9k\u016f, rehabilita\u010dn\u00edch a ortopedick\u00fdch pom\u016fcek, fyzioterapi\u00ed a rehabilitac\u00ed. Sb\u00edrku najdete ZDE: <a href=\"https:\/\/www.znesnaze21.cz\/sbirka\/pro-kubicka-s-autismem-potrebuje-specialni-kocarek-a-rozvojove-pomucky?fbclid=IwY2xjawFA91RleHRuA2FlbQIxMAABHb_i1E6TSzDcAwpJOLt8EH7zn6C7php6ZR2hzJTPeK-sTdQGoY-T0ElEnw_aem_u8yGY_uIi1O0T3zdI8SqDg\" target=\"_blank\" rel=\"noreferrer noopener\">https:\/\/www.znesnaze21.cz\/sbirka\/pro-kubicka-s-autismem-potrebuje-specialni-kocarek-a-rozvojove-pomucky?fbclid=IwY2xjawFA91RleHRuA2FlbQIxMAABHb_i1E6TSzDcAwpJOLt8EH7zn6C7php6ZR2hzJTPeK-sTdQGoY-T0ElEnw_aem_u8yGY_uIi1O0T3zdI8SqDg<\/a><\/p>\n\n\n\n<p>T\u0159et\u00edm je \u0160imon (2) z Vr\u00e1nova u Sta\u0148kova, kter\u00fd se narodil se vz\u00e1cn\u00fdm genetick\u00fdm onemocn\u011bn\u00edm a vrozenou srde\u010dn\u00ed vadou. P\u0159ed rokem absolvoval \u0160imonek operaci srd\u00ed\u010dka z d\u016fvodu vrozen\u00e9 srde\u010dn\u00ed vady (otev\u0159en\u00e1 Bottalova du\u010dej). Letos ho \u010dek\u00e1 dal\u0161\u00ed operace, a to o\u010d\u00ed. Jeho onemocn\u011bn\u00ed je natolik v\u00e1\u017en\u00e9, \u017ee z proveden\u00fdch vy\u0161et\u0159en\u00ed zat\u00edm nebyla stanovena p\u0159esn\u00e1 diagn\u00f3za. Z d\u016fvodu genetick\u00e9ho onemocn\u011bn\u00ed je pro udr\u017een\u00ed \u0160imonkovi fyzick\u00e9 kondice nutn\u00e9 pravideln\u011b absolvovat r\u016fzn\u00e9 fyzioterapie, rehabilitace a l\u00e1ze\u0148sk\u00e9 pobyty, kter\u00e9 v\u017edy nejsou pln\u011b hrazeny poji\u0161\u0165ovnou. Sb\u00edrku najdete ZDE: <a href=\"https:\/\/www.znesnaze21.cz\/sbirka\/podporme-simunka-se-vzacnym-genetickym-onemocnenim-potrebuje-terapie?fbclid=IwY2xjawFA94JleHRuA2FlbQIxMAABHVJa50cZzEzDoJiviX3TWvgZtxM6T0X10L5vhmaLlCXdJK9ZuBZnzes-Tw_aem_QUZv_HNo2VtMMBBIf9wcyg\" target=\"_blank\" rel=\"noreferrer noopener\">https:\/\/www.znesnaze21.cz\/sbirka\/podporme-simunka-se-vzacnym-genetickym-onemocnenim-potrebuje-terapie?fbclid=IwY2xjawFA94JleHRuA2FlbQIxMAABHVJa50cZzEzDoJiviX3TWvgZtxM6T0X10L5vhmaLlCXdJK9ZuBZnzes-Tw_aem_QUZv_HNo2VtMMBBIf9wcyg<\/a><\/p>\n\n\n\n<p>Chari\u0165\u00e1k bude jako ka\u017ed\u00fd rok pestr\u00fd. Za\u010d\u00edn\u00e1 se sportovn\u011b a n\u00e1sledn\u011b se p\u0159ejde na z\u00e1bavu. \u201eM\u016f\u017eete se t\u011b\u0161it na tradi\u010dn\u00ed b\u011b\u017eeckou \u010d\u00e1st, kter\u00e1 bude pro rodi\u010de s ko\u010d\u00e1rky o d\u00e9lce 300 m, d\u011bti od 3 do 7 let tak\u00e9 300 m, d\u011bti od 8 do 12 let pak 800 m a na ty, kte\u0159\u00ed si troufnou na tra\u0165 V\u00e1clava And\u011bla pak \u010dek\u00e1 tra\u0165 4000 m. N\u00e1sledovat bude hudebn\u00ed \u010d\u00e1st, na kter\u00e9 se p\u0159edstav\u00ed kapela Kamuflon, Revival Gang a Fiasko,\u201c pozval Zav\u0159el a dodal: \u201eStartovn\u00e9 b\u011bhu V\u00e1clava And\u011bla je doporu\u010den\u00e9 ve v\u00fd\u0161i 150 K\u010d\/osobu, vstupn\u00e9 na hudebn\u00ed \u010d\u00e1st je dobrovoln\u00e9. Ve\u0161ker\u00e1 \u010d\u00e1stka jde rovnou do zape\u010det\u011bn\u00fdch kasi\u010dek od M\u011b\u00da Klatovy a n\u00e1sledn\u011b budou finance p\u0159eposl\u00e1ny na jednotliv\u00e9 sb\u00edrky podle jejich aktu\u00e1ln\u00edch pot\u0159eb.\u201c<\/p>\n\n\n\n<p>Program<\/p>\n\n\n\n<p>14:00 registrace b\u011b\u017ec\u016f<\/p>\n\n\n\n<p>15:00 b\u011bh pro d\u011bti (rodi\u010de s ko\u010d\u00e1rky 300m, d\u011bti od 3 do 7 let 300m a d\u011bti od 8 do 12 let 800m)<\/p>\n\n\n\n<p>16:00 b\u011bh V\u00e1clava And\u011bla (4000m pod\u00e9l Drnov\u00e9ho potoka)<\/p>\n\n\n\n<p>16:00 &#8211; 22:00 nab\u00eddka v\u00edn Klatovsk\u00e9ho spolku vina\u0159\u016f (ve\u0161ker\u00fd zisk bude v\u011bnov\u00e1n na sb\u00edrky)<\/p>\n\n\n\n<p>17:00 vyhl\u00e1\u0161en\u00ed v\u00fdsledk\u016f b\u011bhu V\u00e1clava And\u011bla<\/p>\n\n\n\n<p>17:15 KAMUFLON \/ blues-folk<\/p>\n\n\n\n<p>19:00 REVIVAL GANG \/ rock-pop<\/p>\n\n\n\n<p>20:45 FIASKO \/ punk-rock<\/p>\n\n\n\n<p>Daniela Loudov\u00e1<\/p>\n\n\n\n<p>Doma\u017elick\u00fd den\u00edk<\/p>\n\n\n\n<p><a href=\"https:\/\/domazlicky.denik.cz\" target=\"_blank\" rel=\"noreferrer noopener\">https:\/\/domazlicky.denik.cz<\/a><\/p>\n","protected":false},"excerpt":{"rendered":"<div class=\"mh-excerpt\"><p>V Mercandinov\u00fdch sadech v Klatovech se bude v sobotu 7. z\u00e1\u0159\u00ed op\u011bt pom\u00e1hat. Uskute\u010dn\u00ed se tam ji\u017e tradi\u010dn\u00ed akce Chari\u0165\u00e1k a letos p\u016fjde o pomoc <a class=\"mh-excerpt-more\" href=\"https:\/\/www.invarena.cz\/?p=51739\" title=\"Na Chari\u0165\u00e1ku se letos bude pom\u00e1hat t\u0159em rodin\u00e1m s posti\u017een\u00fdmi d\u011btmi\">[&#8230;]<\/a><\/p>\n<\/div>","protected":false},"author":1,"featured_media":14145,"comment_status":"open","ping_status":"closed","sticky":false,"template":"","format":"standard","meta":{"footnotes":""},"categories":[9],"tags":[],"class_list":["post-51739","post","type-post","status-publish","format-standard","has-post-thumbnail","hentry","category-zpravy"],"_links":{"self":[{"href":"https:\/\/www.invarena.cz\/index.php?rest_route=\/wp\/v2\/posts\/51739","targetHints":{"allow":["GET"]}}],"collection":[{"href":"https:\/\/www.invarena.cz\/index.php?rest_route=\/wp\/v2\/posts"}],"about":[{"href":"https:\/\/www.invarena.cz\/index.php?rest_route=\/wp\/v2\/types\/post"}],"author":[{"embeddable":true,"href":"https:\/\/www.invarena.cz\/index.php?rest_route=\/wp\/v2\/users\/1"}],"replies":[{"embeddable":true,"href":"https:\/\/www.invarena.cz\/index.php?rest_route=%2Fwp%2Fv2%2Fcomments&post=51739"}],"version-history":[{"count":0,"href":"https:\/\/www.invarena.cz\/index.php?rest_route=\/wp\/v2\/posts\/51739\/revisions"}],"wp:featuredmedia":[{"embeddable":true,"href":"https:\/\/www.invarena.cz\/index.php?rest_route=\/wp\/v2\/media\/14145"}],"wp:attachment":[{"href":"https:\/\/www.invarena.cz\/index.php?rest_route=%2Fwp%2Fv2%2Fmedia&parent=51739"}],"wp:term":[{"taxonomy":"category","embeddable":true,"href":"https:\/\/www.invarena.cz\/index.php?rest_route=%2Fwp%2Fv2%2Fcategories&post=51739"},{"taxonomy":"post_tag","embeddable":true,"href":"https:\/\/www.invarena.cz\/index.php?rest_route=%2Fwp%2Fv2%2Ftags&post=51739"}],"curies":[{"name":"wp","href":"https:\/\/api.w.org\/{rel}","templated":true}]}}