{"id":51745,"date":"2024-09-05T00:17:41","date_gmt":"2024-09-04T22:17:41","guid":{"rendered":"https:\/\/www.invarena.cz\/?p=51745"},"modified":"2024-09-05T00:17:42","modified_gmt":"2024-09-04T22:17:42","slug":"nova-paka-se-docka-unikatniho-bydleni-pro-postizene-hotovo-bude-v-roce-2025","status":"publish","type":"post","link":"https:\/\/www.invarena.cz\/?p=51745","title":{"rendered":"Nov\u00e1 Paka se do\u010dk\u00e1 unik\u00e1tn\u00edho bydlen\u00ed pro posti\u017een\u00e9. Hotovo bude v roce 2025"},"content":{"rendered":"\n<p>Kr\u00e1lov\u00e9hradeck\u00fd kraj zah\u00e1jil v Nov\u00e9 Pace stavbu nov\u00e9ho domova pro osoby se zdravotn\u00edm posti\u017een\u00edm. \u010cty\u0159i samostatn\u00e9 domky nab\u00eddnou komunitn\u00ed bydlen\u00ed pro 12 klient\u016f a zajist\u00ed jim pot\u0159ebn\u00e9 soci\u00e1ln\u00ed slu\u017eby. Projekt, financovan\u00fd z N\u00e1rodn\u00edho pl\u00e1nu obnovy, m\u00e1 b\u00fdt dokon\u010den do konce roku 2025 a vyjde na 45,3 milionu korun bez DPH.<\/p>\n\n\n\n<p>\u201eJedn\u00e1 se o prvn\u00ed \u0159e\u0161en\u00ed, kter\u00e9 nab\u00edz\u00ed bydlen\u00ed t\u0159\u00ed\u010dlenn\u00fdch dom\u00e1cnost\u00ed v samostatn\u00fdch domc\u00edch. N\u00e1vrh tohoto \u0159e\u0161en\u00ed vznikl na z\u00e1klad\u011b druh\u00e9 architektonick\u00e9 sout\u011b\u017ee, kterou kraj realizoval. V Nov\u00e9 Pace tedy postav\u00edme \u010dty\u0159i samostatn\u00e9 objekty celkem pro 12 klient\u016f se zdravotn\u00edm posti\u017een\u00edm a v\u0161echny prostory uzp\u016fsob\u00edme pro jejich dlouhodob\u00fd pobyt. Domky rozm\u00edst\u00edme na pozemku tak, aby navz\u00e1jem iniciovaly spole\u010densk\u00fd \u017eivot klient\u016f a z\u00e1rove\u0148 jim poskytovaly dostatek soukrom\u00ed. Postupn\u011b se tak sna\u017e\u00edme z velk\u00fdch za\u0159\u00edzen\u00ed v regionu p\u0159est\u011bhovat v\u0161echny klienty pobytov\u00fdch slu\u017eeb soci\u00e1ln\u00ed p\u00e9\u010de do men\u0161\u00edch typ\u016f bydlen\u00ed podobn\u00fdch b\u011b\u017en\u00e9mu \u017eivotu v rodinn\u00e9m prost\u0159ed\u00ed, kter\u00e9 ale sou\u010dasn\u011b zaji\u0161\u0165uje ve\u0161ker\u00fd komfort pot\u0159ebn\u00fd k p\u00e9\u010di o klienty se zdravotn\u00edm posti\u017een\u00edm,\u201c sd\u011blila n\u00e1m\u011bstkyn\u011b hejtmana Martina Berdychov\u00e1 odpov\u011bdn\u00e1 za soci\u00e1ln\u00ed oblast.<\/p>\n\n\n\n<p>V\u0161echny \u010dty\u0159i novostavby budou ve sva\u017eit\u00e9m ter\u00e9nu postaven\u00e9 v jin\u00e9 v\u00fd\u0161kov\u00e9 \u00farovni s terasami orientovan\u00fdmi do spole\u010dn\u00e9ho prostoru mezi domy. Na tyto terasy se z\u00e1pra\u017e\u00edm pak nav\u00e1\u017eou ob\u00fdvac\u00ed prostory klient\u016f tak, aby do klidn\u011bj\u0161\u00ed \u010d\u00e1sti zahrady sm\u011b\u0159ovaly jednol\u016f\u017ekov\u00e9 a vz\u00e1jemn\u011b nepr\u016fchoz\u00ed lo\u017enice. Krom\u011b ob\u00fdv\u00e1ku, lo\u017enic, kuchy\u0148sk\u00e9ho koutu a hygienick\u00e9ho z\u00e1zem\u00ed pro klienty i person\u00e1l stavba\u0159i vybuduj\u00ed i m\u00edstnosti pro asistenty, skladov\u00e9 prostory \u010di z\u00e1zem\u00ed pro strojovnu.<\/p>\n\n\n\n<p>\u201eNov\u00e9 domy o stejn\u00e9 velikosti dispozi\u010dn\u011b uprav\u00edme tak, aby ide\u00e1ln\u011b fungovaly v konkr\u00e9tn\u00edm m\u00edst\u011b podle um\u00edst\u011bn\u00ed na \u010dlenit\u00e9m pozemku. Materi\u00e1lov\u011b i barevn\u011b budou slad\u011bn\u00e9, jen pro lep\u0161\u00ed orientaci klient\u016f zvol\u00edme u ka\u017ed\u00e9ho domu n\u00e1padn\u011b odli\u0161nou barvu r\u00e1m\u016f oken a dve\u0159\u00ed. O vyt\u00e1p\u011bn\u00ed a oh\u0159ev vody se postaraj\u00ed tepeln\u00e1 \u010derpadla, vhodn\u00e9 st\u0159echy nech\u00e1me osadit fotovoltaick\u00fdmi panely, aby byl provoz n\u00edzkon\u00e1kladov\u00fd. Za stavebn\u00ed pr\u00e1ce zaplat\u00edme zhruba 45,3 milionu korun a po\u010d\u00edt\u00e1me, \u017ee p\u0159ev\u00e1\u017enou \u010d\u00e1st investice pokryje st\u00e1tn\u00ed dotace. Hotovo bychom cht\u011bli m\u00edt koncem roku 2025, pot\u00e9 v\u0161e vybav\u00edme n\u00e1bytkem a pot\u0159ebnou technikou,\u201c doplnil prvn\u00ed n\u00e1m\u011bstek hejtmana Pavel Bul\u00ed\u010dek odpov\u011bdn\u00fd za gesci investic. Sou\u010d\u00e1st\u00ed projektu je i \u00faprava zahrad u ka\u017ed\u00e9ho domu, pro klienty zp\u0159\u00edstupn\u011bn\u00e9 zpevn\u011bn\u00fdmi a kompletn\u011b bezbari\u00e9rov\u00fdmi cestami.<\/p>\n\n\n\n<p>Vybudov\u00e1n\u00ed tohoto chr\u00e1n\u011bn\u00e9ho bydlen\u00ed pro osoby se zdravotn\u00edm posti\u017een\u00edm v Nov\u00e9 Pace je sou\u010d\u00e1st\u00ed realizace transformace pobytov\u00e9ho za\u0159\u00edzen\u00ed domova pro osoby se zdravotn\u00edm posti\u017een\u00edm Domova soci\u00e1ln\u00edch slu\u017eeb Chot\u011blice. Projekt je spolufinancov\u00e1n pomoc\u00ed dotace z N\u00e1rodn\u00edho pl\u00e1nu obnovy pod n\u00e1zvem V\u00fdstavba chr\u00e1n\u011bn\u00e9ho bydlen\u00ed v Nov\u00e9 Pace, registra\u010dn\u00ed \u010d\u00edslo CZ.31.6.0\/0.0\/0.0\/22_044\/0008672. Jeho management zaji\u0161\u0165uje krajsk\u00e9 Centrum investic, rozvoje a inovac\u00ed (CIRI).<\/p>\n\n\n\n<p>Stavba nov\u00e9ho domova pro osoby se zdravotn\u00edm posti\u017een\u00edm v Nov\u00e9 Pace zapad\u00e1 do dlouhodob\u00e9 koncepce Kr\u00e1lov\u00e9hradeck\u00e9ho kraje spo\u010d\u00edvaj\u00edc\u00ed ve zv\u00fd\u0161en\u00ed kapacit komunitn\u00edho bydlen\u00ed v r\u00e1mci poskytovan\u00fdch slu\u017eeb soci\u00e1ln\u00ed p\u00e9\u010de. Kraj v leto\u0161n\u00edm roce nap\u0159\u00edklad zah\u00e1jil stavbu objektu pro pobytovou soci\u00e1ln\u00ed rehabilitaci v Hradci Kr\u00e1lov\u00e9 na Pra\u017esk\u00e9m P\u0159edm\u011bst\u00ed, v Ji\u010d\u00edn\u011b vznik\u00e1 chr\u00e1n\u011bn\u00e9 bydlen\u00ed pro 18 klient\u016f, v Nov\u00e9m M\u011bst\u011b nad Metuj\u00ed roste domov pro osoby se zdravotn\u00edm posti\u017een\u00edm rodinn\u00e9ho typu stejn\u011b jako v Rokytnici v Orlick\u00fdch hor\u00e1ch, kde stav\u00ed komunitn\u00ed bydlen\u00ed pro klienty Domova na St\u0159\u00edbrn\u00e9m vrchu.<\/p>\n\n\n\n<p>Tom\u00e1\u0161 Cerman<\/p>\n\n\n\n<p>Ji\u010d\u00ednsk\u00fd den\u00edk<\/p>\n\n\n\n<p><a href=\"https:\/\/jicinsky.denik.cz\" target=\"_blank\" rel=\"noreferrer noopener\">https:\/\/jicinsky.denik.cz<\/a><\/p>\n","protected":false},"excerpt":{"rendered":"<div class=\"mh-excerpt\"><p>Kr\u00e1lov\u00e9hradeck\u00fd kraj zah\u00e1jil v Nov\u00e9 Pace stavbu nov\u00e9ho domova pro osoby se zdravotn\u00edm posti\u017een\u00edm. \u010cty\u0159i samostatn\u00e9 domky nab\u00eddnou komunitn\u00ed bydlen\u00ed pro 12 klient\u016f a zajist\u00ed <a class=\"mh-excerpt-more\" href=\"https:\/\/www.invarena.cz\/?p=51745\" title=\"Nov\u00e1 Paka se do\u010dk\u00e1 unik\u00e1tn\u00edho bydlen\u00ed pro posti\u017een\u00e9. Hotovo bude v roce 2025\">[&#8230;]<\/a><\/p>\n<\/div>","protected":false},"author":1,"featured_media":5533,"comment_status":"open","ping_status":"closed","sticky":false,"template":"","format":"standard","meta":{"footnotes":""},"categories":[9],"tags":[],"class_list":["post-51745","post","type-post","status-publish","format-standard","has-post-thumbnail","hentry","category-zpravy"],"_links":{"self":[{"href":"https:\/\/www.invarena.cz\/index.php?rest_route=\/wp\/v2\/posts\/51745","targetHints":{"allow":["GET"]}}],"collection":[{"href":"https:\/\/www.invarena.cz\/index.php?rest_route=\/wp\/v2\/posts"}],"about":[{"href":"https:\/\/www.invarena.cz\/index.php?rest_route=\/wp\/v2\/types\/post"}],"author":[{"embeddable":true,"href":"https:\/\/www.invarena.cz\/index.php?rest_route=\/wp\/v2\/users\/1"}],"replies":[{"embeddable":true,"href":"https:\/\/www.invarena.cz\/index.php?rest_route=%2Fwp%2Fv2%2Fcomments&post=51745"}],"version-history":[{"count":0,"href":"https:\/\/www.invarena.cz\/index.php?rest_route=\/wp\/v2\/posts\/51745\/revisions"}],"wp:featuredmedia":[{"embeddable":true,"href":"https:\/\/www.invarena.cz\/index.php?rest_route=\/wp\/v2\/media\/5533"}],"wp:attachment":[{"href":"https:\/\/www.invarena.cz\/index.php?rest_route=%2Fwp%2Fv2%2Fmedia&parent=51745"}],"wp:term":[{"taxonomy":"category","embeddable":true,"href":"https:\/\/www.invarena.cz\/index.php?rest_route=%2Fwp%2Fv2%2Fcategories&post=51745"},{"taxonomy":"post_tag","embeddable":true,"href":"https:\/\/www.invarena.cz\/index.php?rest_route=%2Fwp%2Fv2%2Ftags&post=51745"}],"curies":[{"name":"wp","href":"https:\/\/api.w.org\/{rel}","templated":true}]}}