{"id":51748,"date":"2024-09-05T00:21:34","date_gmt":"2024-09-04T22:21:34","guid":{"rendered":"https:\/\/www.invarena.cz\/?p=51748"},"modified":"2024-09-05T00:21:34","modified_gmt":"2024-09-04T22:21:34","slug":"spankova-laborator-ve-vfn-se-dockala-modernizace-je-v-ni-misto-i-pro-doprovod","status":"publish","type":"post","link":"https:\/\/www.invarena.cz\/?p=51748","title":{"rendered":"Sp\u00e1nkov\u00e1 laborato\u0159 ve VFN se do\u010dkala modernizace, je v n\u00ed m\u00edsto i pro doprovod"},"content":{"rendered":"\n<p>Na poruchy sp\u00e1nku a na poruchy d\u00fdch\u00e1n\u00ed ve sp\u00e1nku u nervosvalov\u00fdch onemocn\u011bn\u00ed se specializuje Centrum pro poruchy sp\u00e1nku a bd\u011bn\u00ed na Neurologick\u00e9 klinice 1. LF UK a VFN. Unik\u00e1tn\u00ed pracovi\u0161t\u011b pro\u0161lo ned\u00e1vno modernizac\u00ed a d\u00edky nov\u00fdm p\u0159\u00edstroj\u016fm a komplexn\u00ed p\u00e9\u010di \u201epod jednou st\u0159echou\u201c se l\u00e9ka\u0159\u016fm da\u0159\u00ed dosp\u011bl\u00fdm pacient\u016fm s nervosvalov\u00fdmi chorobami prodlu\u017eovat \u017eivot a zvy\u0161ovat jeho kvalitu. Informovala o tom Regina Rothov\u00e1 z Odd\u011blen\u00ed PR a marketingu V\u0161eobecn\u00e9 fakultn\u00ed nemocnice v Praze (VFN).<\/p>\n\n\n\n<p>Cel\u00fd \u010dl\u00e1nek naleznete v Pra\u017esk\u00e9m Patriotu: <a href=\"https:\/\/www.prazskypatriot.cz\/spankova-laborator-ve-vfn-se-dockala-modernizace-je-v-ni-misto-i-pro-doprovod\/\" target=\"_blank\" rel=\"noreferrer noopener\">https:\/\/www.prazskypatriot.cz\/spankova-laborator-ve-vfn-se-dockala-modernizace-je-v-ni-misto-i-pro-doprovod\/<\/a><\/p>\n","protected":false},"excerpt":{"rendered":"<div class=\"mh-excerpt\"><p>Na poruchy sp\u00e1nku a na poruchy d\u00fdch\u00e1n\u00ed ve sp\u00e1nku u nervosvalov\u00fdch onemocn\u011bn\u00ed se specializuje Centrum pro poruchy sp\u00e1nku a bd\u011bn\u00ed na Neurologick\u00e9 klinice 1. LF <a class=\"mh-excerpt-more\" href=\"https:\/\/www.invarena.cz\/?p=51748\" title=\"Sp\u00e1nkov\u00e1 laborato\u0159 ve VFN se do\u010dkala modernizace, je v n\u00ed m\u00edsto i pro doprovod\">[&#8230;]<\/a><\/p>\n<\/div>","protected":false},"author":1,"featured_media":15254,"comment_status":"open","ping_status":"closed","sticky":false,"template":"","format":"standard","meta":{"footnotes":""},"categories":[9],"tags":[],"class_list":["post-51748","post","type-post","status-publish","format-standard","has-post-thumbnail","hentry","category-zpravy"],"_links":{"self":[{"href":"https:\/\/www.invarena.cz\/index.php?rest_route=\/wp\/v2\/posts\/51748","targetHints":{"allow":["GET"]}}],"collection":[{"href":"https:\/\/www.invarena.cz\/index.php?rest_route=\/wp\/v2\/posts"}],"about":[{"href":"https:\/\/www.invarena.cz\/index.php?rest_route=\/wp\/v2\/types\/post"}],"author":[{"embeddable":true,"href":"https:\/\/www.invarena.cz\/index.php?rest_route=\/wp\/v2\/users\/1"}],"replies":[{"embeddable":true,"href":"https:\/\/www.invarena.cz\/index.php?rest_route=%2Fwp%2Fv2%2Fcomments&post=51748"}],"version-history":[{"count":0,"href":"https:\/\/www.invarena.cz\/index.php?rest_route=\/wp\/v2\/posts\/51748\/revisions"}],"wp:featuredmedia":[{"embeddable":true,"href":"https:\/\/www.invarena.cz\/index.php?rest_route=\/wp\/v2\/media\/15254"}],"wp:attachment":[{"href":"https:\/\/www.invarena.cz\/index.php?rest_route=%2Fwp%2Fv2%2Fmedia&parent=51748"}],"wp:term":[{"taxonomy":"category","embeddable":true,"href":"https:\/\/www.invarena.cz\/index.php?rest_route=%2Fwp%2Fv2%2Fcategories&post=51748"},{"taxonomy":"post_tag","embeddable":true,"href":"https:\/\/www.invarena.cz\/index.php?rest_route=%2Fwp%2Fv2%2Ftags&post=51748"}],"curies":[{"name":"wp","href":"https:\/\/api.w.org\/{rel}","templated":true}]}}