{"id":52026,"date":"2024-09-20T00:21:19","date_gmt":"2024-09-19T22:21:19","guid":{"rendered":"https:\/\/www.invarena.cz\/?p=52026"},"modified":"2024-09-20T00:21:19","modified_gmt":"2024-09-19T22:21:19","slug":"jeden-daruje-druhy-kupuje-a-vsichni-pomahaji-obchudek-slavi-kulatiny","status":"publish","type":"post","link":"https:\/\/www.invarena.cz\/?p=52026","title":{"rendered":"Jeden daruje, druh\u00fd kupuje a v\u0161ichni pom\u00e1haj\u00ed, obch\u016fdek slav\u00ed kulatiny"},"content":{"rendered":"\n<p>\u201eJeden daruje, druh\u00fd kupuje a v\u0161ichni pom\u00e1haj\u00ed.\u201c Takov\u00e9 je motto dobro\u010dinn\u00fdch obch\u016fdk\u016f Domova Sue Ryder, kter\u00fd p\u0159i vzniku obch\u016fdku v Prachatic\u00edch byl pro n\u00e1s inspirac\u00ed. No a u\u017e je to deset let od otev\u0159en\u00ed Prachatick\u00e9ho dobro\u010dinn\u00e9mu obch\u016fdku. (15. 9. 2014).<\/p>\n\n\n\n<p>Nejprve Jiho\u010desk\u00e9 centrum zdravotn\u011b posti\u017een\u00fdch a senior\u016f Prachatice a pot\u00e9 Jiho\u010desk\u00e9 centrum rovn\u00fdch p\u0159\u00edle\u017eitost\u00ed se byly provozovateli Prachatick\u00e9ho dobro\u010dinn\u00e9ho obch\u016fdku. Nejprve se z\u00e1m\u011br uskute\u010d\u0148oval v Komunitn\u00edm centru Na Sadech a posl\u00e9ze, kdy byla st\u00e1le v\u011bt\u0161\u00ed popt\u00e1vka si centrum na\u0161lo m\u00edsto na Zlat\u00e9 stezce133 v Prachatic\u00edch, kde je dodnes. (pozn\u00e1mka autora: je\u0161t\u011b ide\u00e1ln\u011bj\u0161\u00ed by byly prostory bezbari\u00e9rov\u00e9).<\/p>\n\n\n\n<p>Prachatick\u00fd dobro\u010dinn\u00fd obch\u016fdek je registrov\u00e1n jako soci\u00e1ln\u00ed firma, kter\u00e1 zam\u011bstn\u00e1v\u00e1 osoby se zdravotn\u00edm posti\u017een\u00edm.13.9.2024 se v obch\u016fdku se\u0161li p\u0159\u00edznivci, podporovatel\u00e9, sponzo\u0159i, z\u00e1stupci m\u011bsta, dobrovoln\u00edci, zam\u011bstnanci a dal\u0161\u00ed host\u00e9. M\u00edstostarosta m\u011bsta Prachatice Jakub Nepustil pop\u0159\u00e1l mnoho dal\u0161\u00edch \u00fasp\u011b\u0161n\u00fdch let. Hanka Rabenhauptov\u00e1 nalezen\u00ed je\u0161t\u011b vhodn\u011bj\u0161\u00edch prostor pro obch\u016fdek (bezbari\u00e9rov\u00fdch) i pro soused\u00edc\u00ed p\u016fj\u010dovnu pom\u016fcek a tak\u00e9 hodn\u011b d\u00e1rc\u016f i nakupuj\u00edc\u00edch.<\/p>\n\n\n\n<p>Nov\u00e1 \u0159editelka Jiho\u010desk\u00e9ho centra pro zdravotn\u011b posti\u017een\u00e9 a seniory o.p.s. Jiho\u010desk\u00e9ho kraje, i pracovi\u0161t\u011b Prachatice Daniela Werbynsk\u00e1 Laschov\u00e1 pod\u011bkovala nejen v\u0161em p\u0159\u00edchoz\u00edm (kte\u0159\u00ed si i v den oslav nakoupili spoustu v\u011bc\u00ed), ale p\u0159edev\u0161\u00edm zam\u011bstnanc\u016fm a dobrovoln\u00edk\u016fm za p\u00e9\u010di o obchod, propagaci. Sd\u011blila, \u017ee finan\u010dn\u00ed prost\u0159edky, kter\u00e9 se zde vyberou jdou na aktivizaci osob se zdravotn\u00edm posti\u017een\u00edm a seniory. Pod\u011bkov\u00e1n\u00ed pat\u0159\u00ed tak\u00e9 b\u00fdval\u00e9 \u0159editelce centra Han\u011b Vlas\u00e1kov\u00e9, kter\u00e1 st\u00e1la u zrodu obch\u016fdku. Prachatick\u00fd dobro\u010dinn\u00fd obch\u016fdek, Zlat\u00e1 stezka 133, Prachatice, Telefon: 723602 337. V dobro\u010dinn\u00e9m obch\u016fdku p\u0159ij\u00edmaj\u00ed: vypran\u00e9 a nepo\u0161kozen\u00e9 oble\u010den\u00ed \u2013d\u00e1msk\u00e9, p\u00e1nsk\u00e9 i d\u011btsk\u00e9, m\u00f3dn\u00ed dopl\u0148ky \u2013 kabelky, ta\u0161ky, \u0161\u00e1tky, kravaty, bi\u017euterie, p\u00e1sky, pokr\u00fdvky hlavy, l\u016f\u017ekoviny, ru\u010dn\u00edky, ut\u011brky, dom\u00e1c\u00ed a d\u00e1rkov\u00e9 p\u0159edm\u011bty, obrazy ,bytov\u00e9 dopl\u0148ky, kv\u011btiny, keramiku, sklo, porcel\u00e1n, knihy a \u010dasopisy, sportovn\u00ed pot\u0159eby, hra\u010dky, hry, ply\u0161\u00e1ky. Prachatice podporuje p\u0159edch\u00e1zen\u00ed vzniku odpadu. D\u00e1vat v\u011bcem druh\u00fd \u017eivot m\u00e1 smysl.<\/p>\n\n\n\n<p>Hanka Rabenhauptov\u00e1<\/p>\n\n\n\n<p>Prachatick\u00fd den\u00edk<\/p>\n\n\n\n<p><a href=\"https:\/\/prachaticky.denik.cz\" target=\"_blank\" rel=\"noreferrer noopener\">https:\/\/prachaticky.denik.cz<\/a><\/p>\n","protected":false},"excerpt":{"rendered":"<div class=\"mh-excerpt\"><p>\u201eJeden daruje, druh\u00fd kupuje a v\u0161ichni pom\u00e1haj\u00ed.\u201c Takov\u00e9 je motto dobro\u010dinn\u00fdch obch\u016fdk\u016f Domova Sue Ryder, kter\u00fd p\u0159i vzniku obch\u016fdku v Prachatic\u00edch byl pro n\u00e1s inspirac\u00ed. <a class=\"mh-excerpt-more\" href=\"https:\/\/www.invarena.cz\/?p=52026\" title=\"Jeden daruje, druh\u00fd kupuje a v\u0161ichni pom\u00e1haj\u00ed, obch\u016fdek slav\u00ed kulatiny\">[&#8230;]<\/a><\/p>\n<\/div>","protected":false},"author":1,"featured_media":17402,"comment_status":"open","ping_status":"closed","sticky":false,"template":"","format":"standard","meta":{"footnotes":""},"categories":[9],"tags":[],"class_list":["post-52026","post","type-post","status-publish","format-standard","has-post-thumbnail","hentry","category-zpravy"],"_links":{"self":[{"href":"https:\/\/www.invarena.cz\/index.php?rest_route=\/wp\/v2\/posts\/52026","targetHints":{"allow":["GET"]}}],"collection":[{"href":"https:\/\/www.invarena.cz\/index.php?rest_route=\/wp\/v2\/posts"}],"about":[{"href":"https:\/\/www.invarena.cz\/index.php?rest_route=\/wp\/v2\/types\/post"}],"author":[{"embeddable":true,"href":"https:\/\/www.invarena.cz\/index.php?rest_route=\/wp\/v2\/users\/1"}],"replies":[{"embeddable":true,"href":"https:\/\/www.invarena.cz\/index.php?rest_route=%2Fwp%2Fv2%2Fcomments&post=52026"}],"version-history":[{"count":0,"href":"https:\/\/www.invarena.cz\/index.php?rest_route=\/wp\/v2\/posts\/52026\/revisions"}],"wp:featuredmedia":[{"embeddable":true,"href":"https:\/\/www.invarena.cz\/index.php?rest_route=\/wp\/v2\/media\/17402"}],"wp:attachment":[{"href":"https:\/\/www.invarena.cz\/index.php?rest_route=%2Fwp%2Fv2%2Fmedia&parent=52026"}],"wp:term":[{"taxonomy":"category","embeddable":true,"href":"https:\/\/www.invarena.cz\/index.php?rest_route=%2Fwp%2Fv2%2Fcategories&post=52026"},{"taxonomy":"post_tag","embeddable":true,"href":"https:\/\/www.invarena.cz\/index.php?rest_route=%2Fwp%2Fv2%2Ftags&post=52026"}],"curies":[{"name":"wp","href":"https:\/\/api.w.org\/{rel}","templated":true}]}}