{"id":52145,"date":"2024-09-27T09:32:07","date_gmt":"2024-09-27T07:32:07","guid":{"rendered":"https:\/\/www.invarena.cz\/?p=52145"},"modified":"2024-09-27T09:32:08","modified_gmt":"2024-09-27T07:32:08","slug":"urady-prace-vyplatily-pres-100-000-000-kc-na-mimoradnou-okamzitou-pomoc-po-povodnich","status":"publish","type":"post","link":"https:\/\/www.invarena.cz\/?p=52145","title":{"rendered":"\u00da\u0159ady pr\u00e1ce vyplatily p\u0159es 100\u00a0000\u00a0000\u00a0K\u010d na mimo\u0159\u00e1dnou okam\u017eitou pomoc po povodn\u00edch\u00a0\u00a0"},"content":{"rendered":"\n<p>Radio\u017eurn\u00e1l\u00a0<br \/><br \/>\u00da\u0159ady pr\u00e1ce vyplatily k dne\u0161ku p\u0159es 100 000 000 K\u010d na mimo\u0159\u00e1dnou okam\u017eitou pomoc po povodn\u00edch. Na takovou pomoc m\u00e1 na rok ka\u017ed\u00fd, komu voda vyplavila d\u016fm nebo byt. Do podpory pro\u00a0<strong>posti\u017een\u00e9<\/strong>\u00a0regiony se zapojil i \u010cesk\u00fd rozhlas. A na tuto sobotu chyst\u00e1 benefi\u010dn\u00ed koncert na pomoc Domov\u016fm pro seniory. V pra\u017esk\u00e9 St\u00e1tn\u00ed ope\u0159e vystoup\u00ed od 11 do 13 hodin nap\u0159\u00edklad Iva Jan\u017eurov\u00e1, Dagmar Peckov\u00e1, Petr Janda, B\u00e1ra Basikov\u00e1, Michal David Halina Pavlovsk\u00e1 nebo \u0160tefan Margita. \u010c\u00e1st v\u00fdt\u011b\u017eku dostane taky Domov pro seniory v Krnov\u011b v Moravskoslezsk\u00e9m kraji a jeho \u0159editelem je Franti\u0161ek Fojt\u00edk. Dobr\u00fd den.<br \/>M\u016f\u017eete p\u0159ipomenout, co v\u0161e jste museli zvl\u00e1dnout v t\u011bch prvn\u00edch hodin\u00e1ch a dnech povodn\u00ed v p\u016flce z\u00e1\u0159\u00ed?<br \/><br \/>Mgr. Franti\u0161ek Fojt\u00edk, \u0159editel, Domov pro seniory Krnov<br \/>&#8212;&#8212;&#8212;&#8212;&#8212;&#8212;&#8211;<br \/>\u0158ekl bych, \u017ee je\u0161t\u011b byl takov\u00fd \u010das -1, kdy je\u0161t\u011b p\u0159ed t\u011bmi samotn\u00fdmi povodn\u011bmi jsme se pokusili zachr\u00e1nit co mo\u017en\u00e1 nejv\u00edce materi\u00e1lu, stroj\u016f, vybaven\u00ed z t\u011bch prostor u kter\u00fdch jsme o\u010dek\u00e1vali, \u017ee budou zaplaveny vodou. A na facebookovou v\u00fdzvu zareagovalo 40 dobrovoln\u00edk\u016f, s nimi\u017e jsme b\u011bhem dvou hodin zachr\u00e1nili opravdu toto vybaven\u00ed t\u0159eba v \u0159\u00e1du n\u011bkolika milion\u016f korun. No, a pot\u00e9 po t\u011bch povodn\u00edch, tak to jsou klasick\u00e9 pr\u00e1ce jako vykl\u00edzen\u00ed bahna v\u0161ech t\u011bch te\u010f u\u017e nepot\u0159ebn\u00fdch p\u0159\u00edstroj\u016f. No, a samoz\u0159ejm\u011b v neposledn\u00ed \u0159ad\u011b, nebo sp\u00ed\u0161 bych \u0159ekl, v prvn\u00ed \u0159ad\u011b p\u00e9\u010di o klienty, kter\u00e1 v t\u011bch prvn\u00edch dnech vlastn\u011b i doposud je velmi n\u00e1ro\u010dn\u00e1 s ohledem na ty podm\u00ednky, ve kter\u00fdch pracujeme.<br \/><br \/> moder\u00e1torka<br \/>&#8212;&#8212;&#8212;&#8212;&#8212;&#8212;&#8211;<br \/>Jak dlouho vy jste byli od\u0159\u00edznuti od sv\u011bta, d\u00e1-li se to takhle \u0159\u00edct?<br \/><br \/>Mgr. Franti\u0161ek Fojt\u00edk, \u0159editel, Domov pro seniory Krnov<br \/>&#8212;&#8212;&#8212;&#8212;&#8212;&#8212;&#8211;<br \/>To m\u011blo r\u016fzn\u00e9 f\u00e1ze, tak zcela od\u0159\u00edznut\u00ed jsme byli n\u011bkolik dn\u016f, n\u011bkolik zam\u011bstnanc\u016f tady slou\u017eilo v kuse t\u0159eba i p\u011bt dn\u016f samoz\u0159ejm\u011b s p\u0159esp\u00e1v\u00e1n\u00edm p\u0159\u00edmo v domov\u011b a t\u0159eba elekt\u0159inu, tu jsme zprovoznili alespo\u0148 te\u010f ze 70 % v objektu p\u0159edev\u010d\u00edrem, tak\u017ee i toto lze nazvat n\u011bjak\u00fdm od\u0159\u00edznut\u00edm, proto\u017ee st\u00e1le je\u0161t\u011b nem\u00e1me zprovozn\u011bn\u00e9 v\u0161echny provozy.<br \/><\/p>\n\n\n\n<p>moder\u00e1torka<br \/>&#8212;&#8212;&#8212;&#8212;&#8212;&#8212;&#8211;<br \/>No, vy jste m\u011bli zatopenou, v\u00edm, pr\u00e1delnu, kuchy\u0148, tak, jak to v tuhle chv\u00edli \u0159e\u0161\u00edte, proto\u017ee va\u0161i klienti v domov\u011b z\u016fst\u00e1vaj\u00ed?<br \/><br \/>Mgr. Franti\u0161ek Fojt\u00edk,<br \/>Ano, za to jsou sami klienti moc r\u00e1di. V podstat\u011b je to jedna z nej\u010dast\u011bj\u0161\u00edch v\u011bt, kdy\u017e chod\u00ed mezi klienty, tak oni n\u00e1m d\u011bkuj\u00ed za to, \u017ee tady mohli z\u016fstat, proto\u017ee jak n\u011bkte\u0159\u00ed sami \u0159\u00edkaj\u00ed, ob\u00e1vali by se toho, \u017ee jak\u00fdkoliv p\u0159esun u\u017e by n\u011bkte\u0159\u00ed nemuseli ani p\u0159e\u017e\u00edt, proto\u017ee p\u0159ece jenom tady v domov\u011b maj\u00ed sv\u00e9 z\u00e1zem\u00ed a zako\u0159enili tady. A te\u010f jsem zapomn\u011bl va\u0161i ot\u00e1zku.<br \/><br \/>moder\u00e1torka<br \/>&#8212;&#8212;&#8212;&#8212;&#8212;&#8212;&#8211;<br \/>Jak to \u0159e\u0161\u00edte, \u017ee nem\u00e1te kuchy\u0148 a pr\u00e1delnu?<br \/><br \/>Mgr. Franti\u0161ek Fojt\u00edk,<br \/>Ano, tak\u017ee extern\u011b. Vy\u0161li n\u00e1m vst\u0159\u00edc na\u0161i partne\u0159i. Bereme nap\u0159\u00edklad ob\u011bdy od z\u00edt\u0159ka od krnovsk\u00e9 nemocnice do t\u00e9to chv\u00edle od z\u00e1kladn\u00ed \u0161koly nebo od jedn\u00e9 neziskov\u00e9 organizace, kter\u00e1 va\u0159\u00ed pro v\u0161echny dobrovoln\u00edky a takov\u00e9 v\u011bt\u0161\u00ed instituce, kter\u00e9 tuto mo\u017enost moment\u00e1ln\u011b nemaj\u00ed. Pr\u00e1dlo n\u00e1m pere n\u00e1\u0161 sp\u0159\u00e1telen\u00fd Domov pro seniory v Brunt\u00e1le. Tak\u017ee t\u00e9 pomoci na\u0161t\u011bst\u00ed zven\u010d\u00ed je tolik, \u017ee n\u00e1m to pom\u00e1h\u00e1 sanovat ty v\u00fdpadky.<br \/><br \/> moder\u00e1torka<br \/>&#8212;&#8212;&#8212;&#8212;&#8212;&#8212;&#8211;<br \/>A jak byste vyu\u017eil ten v\u00fdt\u011b\u017eek z benefi\u010dn\u00edho koncertu ve St\u00e1tn\u00ed ope\u0159e tu va\u0161i \u010d\u00e1st, co p\u0159edev\u0161\u00edm pot\u0159ebujete v tuhle chv\u00edli?<br \/><br \/>Mgr. Franti\u0161ek Fojt\u00edk,<br \/>No, up\u0159\u00edmn\u011b, to te\u010f \u00fapln\u011b nev\u00edm, proto\u017ee \u0161kody jsou v \u0159\u00e1dech vy\u0161\u0161\u00edch des\u00edtek milion\u016f korun. Tak\u017ee bude z\u00e1le\u017eet na tom tak\u00e9, jak vysok\u00fd ten v\u00fdt\u011b\u017eek bude, ale m\u00e1me takovou p\u0159edstavu t\u0159eba o obnov\u011b zahrady, kter\u00e1 je samoz\u0159ejm\u011b naprosto jako zpusto\u0161en\u00e1, kam na\u0161i klienti r\u00e1di chod\u00edvali s\u00e1zet rostlinky a zeleninu do kv\u011btin\u00e1\u010d\u016f, tak\u017ee to jsou takov\u00e9 drobnosti, kter\u00e9 bychom&#8230;<br \/><br \/> moder\u00e1torka<br \/>&#8212;&#8212;&#8212;&#8212;&#8212;&#8212;&#8211;<br \/>Ale pro n\u011b d\u016fle\u017eit\u00e9.<br \/><br \/>Mgr. Franti\u0161ek Fojt\u00edk, <br \/>Ale pro n\u011b velmi d\u016fle\u017eit\u00e9. P\u0159esn\u011b tak. A\u017e po velk\u00e9 p\u0159\u00edstroje, kter\u00e9 budeme pot\u0159ebovat nahradit, kter\u00e9 t\u0159eba stoj\u00ed p\u016fl milionu korun jeden.<br \/><br \/> moder\u00e1torka<br \/>&#8212;&#8212;&#8212;&#8212;&#8212;&#8212;&#8211;<br \/>\u0158\u00edk\u00e1 Franti\u0161ek Fojt\u00edk, \u0159editel Domova pro seniory v Moravskoslezsk\u00e9m Krnov\u011b. D\u011bkuju v\u00e1m, a\u0165 se v\u00e1m obnova da\u0159\u00ed. Na sly\u0161enou.<\/p>\n","protected":false},"excerpt":{"rendered":"<div class=\"mh-excerpt\"><p>Radio\u017eurn\u00e1l\u00a0 \u00da\u0159ady pr\u00e1ce vyplatily k dne\u0161ku p\u0159es 100 000 000 K\u010d na mimo\u0159\u00e1dnou okam\u017eitou pomoc po povodn\u00edch. Na takovou pomoc m\u00e1 na rok ka\u017ed\u00fd, komu <a class=\"mh-excerpt-more\" href=\"https:\/\/www.invarena.cz\/?p=52145\" title=\"\u00da\u0159ady pr\u00e1ce vyplatily p\u0159es 100\u00a0000\u00a0000\u00a0K\u010d na mimo\u0159\u00e1dnou okam\u017eitou pomoc po povodn\u00edch\u00a0\u00a0\">[&#8230;]<\/a><\/p>\n<\/div>","protected":false},"author":1,"featured_media":1077,"comment_status":"open","ping_status":"closed","sticky":false,"template":"","format":"standard","meta":{"footnotes":""},"categories":[7],"tags":[],"class_list":["post-52145","post","type-post","status-publish","format-standard","has-post-thumbnail","hentry","category-spolecnost"],"_links":{"self":[{"href":"https:\/\/www.invarena.cz\/index.php?rest_route=\/wp\/v2\/posts\/52145","targetHints":{"allow":["GET"]}}],"collection":[{"href":"https:\/\/www.invarena.cz\/index.php?rest_route=\/wp\/v2\/posts"}],"about":[{"href":"https:\/\/www.invarena.cz\/index.php?rest_route=\/wp\/v2\/types\/post"}],"author":[{"embeddable":true,"href":"https:\/\/www.invarena.cz\/index.php?rest_route=\/wp\/v2\/users\/1"}],"replies":[{"embeddable":true,"href":"https:\/\/www.invarena.cz\/index.php?rest_route=%2Fwp%2Fv2%2Fcomments&post=52145"}],"version-history":[{"count":0,"href":"https:\/\/www.invarena.cz\/index.php?rest_route=\/wp\/v2\/posts\/52145\/revisions"}],"wp:featuredmedia":[{"embeddable":true,"href":"https:\/\/www.invarena.cz\/index.php?rest_route=\/wp\/v2\/media\/1077"}],"wp:attachment":[{"href":"https:\/\/www.invarena.cz\/index.php?rest_route=%2Fwp%2Fv2%2Fmedia&parent=52145"}],"wp:term":[{"taxonomy":"category","embeddable":true,"href":"https:\/\/www.invarena.cz\/index.php?rest_route=%2Fwp%2Fv2%2Fcategories&post=52145"},{"taxonomy":"post_tag","embeddable":true,"href":"https:\/\/www.invarena.cz\/index.php?rest_route=%2Fwp%2Fv2%2Ftags&post=52145"}],"curies":[{"name":"wp","href":"https:\/\/api.w.org\/{rel}","templated":true}]}}