{"id":52159,"date":"2024-09-28T21:01:20","date_gmt":"2024-09-28T19:01:20","guid":{"rendered":"https:\/\/www.invarena.cz\/?p=52159"},"modified":"2024-09-28T21:01:21","modified_gmt":"2024-09-28T19:01:21","slug":"raego-i-hity-teamu-olomouckou-pout-rozezni-koncerty-podpori-vozickare","status":"publish","type":"post","link":"https:\/\/www.invarena.cz\/?p=52159","title":{"rendered":"Raego i hity Teamu. Olomouckou pou\u0165 rozezn\u00ed koncerty, podpo\u0159\u00ed voz\u00ed\u010dk\u00e1\u0159e"},"content":{"rendered":"\n<p>Spoustu koncert\u016f a z\u00e1bavy si o v\u00edkendu u\u017eij\u00ed n\u00e1v\u0161t\u011bvn\u00edci Olomouck\u00e9 pouti, kter\u00e1 prob\u00edh\u00e1 u Galerie \u0160antovka. Vystoup\u00ed nap\u0159\u00edklad Raego, Al\u017eb\u011bta Kole\u010dk\u00e1\u0159ov\u00e1 nebo Ad\u00e9la Zouharov\u00e1. Z\u00e1rove\u0148 lid\u00e9 mohou p\u0159isp\u011bt do kasi\u010dek pro Spolek Trend voz\u00ed\u010dk\u00e1\u0159\u016f.<\/p>\n\n\n\n<p>Olomouck\u00e1 pou\u0165 u Galerie \u0160antovka je v pln\u00e9m proudu, v are\u00e1lu bude rozm\u00edst\u011bno n\u011bkolik kasi\u010dek. N\u00e1v\u0161t\u011bvn\u00edci do nich mohou vlo\u017eit libovolnou \u010d\u00e1stku a koupit si tak p\u00e1r zasukovan\u00fdch tkani\u010dek. V\u00fdt\u011b\u017eek sb\u00edrky poputuje na dofinancov\u00e1n\u00ed slu\u017eeb pro lidi s t\u011b\u017ek\u00fdm t\u011blesn\u00fdm handicapem.<\/p>\n\n\n\n<p>V p\u00e1tek v 16.30 je na programu vystoupen\u00ed vhodn\u00e9 pro nejmen\u0161\u00ed n\u00e1v\u0161t\u011bvn\u00edky, Zp\u00edv\u00e1nky str\u00fd\u010dka L\u00ed\u010dka, pot\u00e9 zahraje kapela Get Ready.<\/p>\n\n\n\n<p>Pozv\u00e1n\u00ed na Olomouckou pou\u0165 p\u0159ijala tak\u00e9 \u00fasp\u011b\u0161n\u00e1 finalistka SuperStar Al\u017eb\u011bta Kole\u010dk\u00e1\u0159ov\u00e1, kter\u00e1 p\u0159iveze nov\u00e9 p\u00edsn\u011b z ned\u00e1vno vydan\u00e9 desky s n\u00e1zvem Na to hezk\u00fd vzpom\u00ednej.<\/p>\n\n\n\n<p>Hlavn\u00edm tahounem p\u00e1te\u010dn\u00edho dne je zp\u011bv\u00e1k a rapper Raego, na kan\u00e1le YouTube u\u017e m\u00e1 des\u00edtky milion\u016f zhl\u00e9dnut\u00ed.<\/p>\n\n\n\n<p>V sobotu na Olomouck\u00e9 pouti vystoup\u00ed zp\u011bva\u010dka, influencerka a youtuberka Ad\u00e9la Zouharov\u00e1.<\/p>\n\n\n\n<p>Pot\u00e9 si n\u00e1v\u0161t\u011bvn\u00edci u\u017eij\u00ed z\u00e1bavu se zl\u00ednskou Travesti show Sweet Ladies a ve\u010der zakon\u010d\u00ed legend\u00e1rn\u00ed hity v pod\u00e1n\u00ed revival band V\u011bry \u0160pinarov\u00e9.<\/p>\n\n\n\n<p>Posledn\u00ed pou\u0165ov\u00fd v\u00edkend se n\u00e1v\u0161t\u011bvn\u00edci pouti mohou t\u011b\u0161it na koncerty revival\u016f kapel Team a Olympic, kapely Isbina, Harlej Revival Olomouc a spanilou koncertn\u00ed j\u00edzdu zakon\u010d\u00ed kapela Minami.<\/p>\n\n\n\n<p>\u201eMockr\u00e1t d\u011bkujeme organiz\u00e1tor\u016fm Olomouck\u00e9 pouti, \u017ee se rozhodli do programu zapojit Spolek Trend voz\u00ed\u010dk\u00e1\u0159\u016f Olomouc, kter\u00fd v leto\u0161n\u00edm roce oslavil t\u0159ic\u00e1t\u00e9 jubileum. Olomouck\u00e1 pou\u0165 se tak stala na\u0161im dal\u0161\u00edm v\u00fdznamn\u00fdm gratulantem,&#8220; vyzdvihl mana\u017eer Spolku Milan Pape\u017e\u00edk s t\u00edm, \u017ee tradi\u010dn\u00ed sb\u00edrka Zasukovan\u00e9 tkani\u010dky m\u00e1 prob\u011bhnout v polovin\u011b \u0159\u00edjna.<\/p>\n\n\n\n<p>Olomouck\u00e9 voz\u00ed\u010dk\u00e1\u0159e je mo\u017en\u00e9 podpo\u0159it formou dobrovoln\u00e9ho vstupn\u00e9ho v podob\u011b d\u00e1rcovsk\u00e9 SMS &#8222;DMS TKANICKA 30&#8220; nebo &#8222;DMS TKANICKA 60&#8220; nebo &#8222;DMS TKANICKA 90&#8220; na \u010d\u00edslo 87777, libovoln\u00fdm p\u0159\u00edsp\u011bvkem do kasi\u010dky nebo na \u00fa\u010det \u010d\u00edslo 1000100014\/5500 (Raiffeisen Bank).<\/p>\n\n\n\n<p>Program Olomouck\u00e9 pouti:<\/p>\n\n\n\n<p>P\u00e1tek 27. z\u00e1\u0159\u00ed<\/p>\n\n\n\n<p>16.30 \u2013 17.20 &#8211; ZP\u00cdV\u00c1NKY STR\u00dd\u010cKA L\u00cd\u010cKA<\/p>\n\n\n\n<p>17.30 \u2013 18.30 &#8211; KONCERT GET READY<\/p>\n\n\n\n<p>19 hodin \u2013 19.40 &#8211; KONCERT AL\u017dB\u011aTA KOLE\u010cK\u00c1\u0158OV\u00c1<\/p>\n\n\n\n<p>20.30 \u2013 21.30 &#8211; KONCERT RAEGO<\/p>\n\n\n\n<p>Sobota 28. z\u00e1\u0159\u00ed<\/p>\n\n\n\n<p>16 &#8211; 17 hodin &#8211; KONCERT AD\u00c9LA ZOUHAROV\u00c1<\/p>\n\n\n\n<p>18 &#8211; 19 hodin &#8211; TRAVESTI SHOW SWEET LADIES<\/p>\n\n\n\n<p>20 &#8211; 21 hodin &#8211; KONCERT V\u011aRA \u0160PINAROV\u00c1 REVIVAL BAND<\/p>\n\n\n\n<p>P\u00e1tek 4. \u0159\u00edjna<\/p>\n\n\n\n<p>17 &#8211; 18 hodin &#8211; KONCERT TEAM REVIVAL<\/p>\n\n\n\n<p>18 &#8211; 19 hodin &#8211; KONCERT OLYMPIC REVIVAL<\/p>\n\n\n\n<p>20 &#8211; 21 hodin &#8211; KONCERT ISBINA<\/p>\n\n\n\n<p>Sobota 5. \u0159\u00edjna<\/p>\n\n\n\n<p>18.30 \u2013 19.30 &#8211; KONCERT HARLEJ REVIVAL OLOMOUC<\/p>\n\n\n\n<p>20.30 \u2013 21.30 &#8211; KONCERT MINAMI<\/p>\n\n\n\n<p>Magda Vr\u00e1nov\u00e1<\/p>\n\n\n\n<p>Olomouck\u00fd den\u00edk<\/p>\n\n\n\n<p><a href=\"https:\/\/olomoucky.denik.cz\" target=\"_blank\" rel=\"noreferrer noopener\">https:\/\/olomoucky.denik.cz<\/a><\/p>\n","protected":false},"excerpt":{"rendered":"<div class=\"mh-excerpt\"><p>Spoustu koncert\u016f a z\u00e1bavy si o v\u00edkendu u\u017eij\u00ed n\u00e1v\u0161t\u011bvn\u00edci Olomouck\u00e9 pouti, kter\u00e1 prob\u00edh\u00e1 u Galerie \u0160antovka. Vystoup\u00ed nap\u0159\u00edklad Raego, Al\u017eb\u011bta Kole\u010dk\u00e1\u0159ov\u00e1 nebo Ad\u00e9la Zouharov\u00e1. Z\u00e1rove\u0148 <a class=\"mh-excerpt-more\" href=\"https:\/\/www.invarena.cz\/?p=52159\" title=\"Raego i hity Teamu. Olomouckou pou\u0165 rozezn\u00ed koncerty, podpo\u0159\u00ed voz\u00ed\u010dk\u00e1\u0159e\">[&#8230;]<\/a><\/p>\n<\/div>","protected":false},"author":1,"featured_media":2861,"comment_status":"open","ping_status":"closed","sticky":false,"template":"","format":"standard","meta":{"footnotes":""},"categories":[9],"tags":[],"class_list":["post-52159","post","type-post","status-publish","format-standard","has-post-thumbnail","hentry","category-zpravy"],"_links":{"self":[{"href":"https:\/\/www.invarena.cz\/index.php?rest_route=\/wp\/v2\/posts\/52159","targetHints":{"allow":["GET"]}}],"collection":[{"href":"https:\/\/www.invarena.cz\/index.php?rest_route=\/wp\/v2\/posts"}],"about":[{"href":"https:\/\/www.invarena.cz\/index.php?rest_route=\/wp\/v2\/types\/post"}],"author":[{"embeddable":true,"href":"https:\/\/www.invarena.cz\/index.php?rest_route=\/wp\/v2\/users\/1"}],"replies":[{"embeddable":true,"href":"https:\/\/www.invarena.cz\/index.php?rest_route=%2Fwp%2Fv2%2Fcomments&post=52159"}],"version-history":[{"count":0,"href":"https:\/\/www.invarena.cz\/index.php?rest_route=\/wp\/v2\/posts\/52159\/revisions"}],"wp:featuredmedia":[{"embeddable":true,"href":"https:\/\/www.invarena.cz\/index.php?rest_route=\/wp\/v2\/media\/2861"}],"wp:attachment":[{"href":"https:\/\/www.invarena.cz\/index.php?rest_route=%2Fwp%2Fv2%2Fmedia&parent=52159"}],"wp:term":[{"taxonomy":"category","embeddable":true,"href":"https:\/\/www.invarena.cz\/index.php?rest_route=%2Fwp%2Fv2%2Fcategories&post=52159"},{"taxonomy":"post_tag","embeddable":true,"href":"https:\/\/www.invarena.cz\/index.php?rest_route=%2Fwp%2Fv2%2Ftags&post=52159"}],"curies":[{"name":"wp","href":"https:\/\/api.w.org\/{rel}","templated":true}]}}