{"id":52206,"date":"2024-09-30T13:34:18","date_gmt":"2024-09-30T11:34:18","guid":{"rendered":"https:\/\/www.invarena.cz\/?p=52206"},"modified":"2024-09-30T13:34:31","modified_gmt":"2024-09-30T11:34:31","slug":"revma-boli-nejvic-trpi-klouby","status":"publish","type":"post","link":"https:\/\/www.invarena.cz\/?p=52206","title":{"rendered":"\u201eRevma\u201c bol\u00ed \u2013 nejv\u00edc trp\u00ed klouby"},"content":{"rendered":"\n<p><em>Na vy\u0161et\u0159en\u00ed u specialist\u016f \u010dekaj\u00ed pacienti m\u011bs\u00edce<\/em><\/p>\n\n\n\n<p><strong>Praha, 30. 9. 2024 \u2013 Nejen bolesti kloub\u016f, ale i vy\u0161\u0161\u00ed riziko zlomen\u00fdch kost\u00ed, plicn\u00ed embolie nebo infekc\u00ed. To v\u0161e v&nbsp;\u010cesku ka\u017ed\u00fd rok hroz\u00ed p\u0159ibli\u017en\u011b 3&nbsp;000 nov\u00fdch pacient\u016f, kte\u0159\u00ed se od l\u00e9ka\u0159\u016f dozv\u00ed, \u017ee trp\u00ed revmatoidn\u00ed artritidou. Pacientsk\u00e1 organizace Revma Liga \u010cR na chronickou nemoc upozor\u0148uje u p\u0159\u00edle\u017eitosti Sv\u011btov\u00e9ho dne artritidy. Pro nov\u00e9 i zku\u0161en\u011bj\u0161\u00ed pacienty, jejich p\u0159\u00edbuzn\u00e9 a zn\u00e1m\u00e9 po\u0159\u00e1d\u00e1 akci, jej\u00ed\u017e motto zn\u00ed: \u201eV\u010dasn\u00e1 p\u00e9\u010de \u2013 siln\u011bj\u0161\u00ed obrana\u201c. Pacienti na n\u00ed mohou probrat sv\u00e9 pot\u00ed\u017ee s&nbsp;l\u00e9ka\u0159i mnoha specializac\u00ed a zjistit tak, zda je krom\u011b artritidy neohro\u017euj\u00ed i dal\u0161\u00ed choroby. <\/strong><a href=\"https:\/\/www.denartritidy.cz\/\"><strong>Osv\u011btov\u00fd den<\/strong><\/a><strong> startuje v&nbsp;pra\u017esk\u00e9 Spojce Karl\u00edn 6. \u0159\u00edjna v 10 hodin. Jeho sou\u010d\u00e1st\u00ed bude i k\u0159est prvn\u00edho komiksu pro teenagery s&nbsp;revmatem.<\/strong><\/p>\n\n\n\n<p>\u201e<em>Boj s revmatoidn\u00ed artritidou nen\u00ed jednoduch\u00fd, a proto se pacient\u016fm sna\u017e\u00edme usnadnit \u017eivot s&nbsp;touto nemoc\u00ed. Slou\u017e\u00ed k&nbsp;tomu mimo jin\u00e9 osv\u011btov\u00e9 dny, kter\u00e9 po\u0159\u00e1d\u00e1me \u0159adu let. Pacienti na nich mohou probrat sv\u00e9 probl\u00e9my s&nbsp;\u0159adou specialist\u016f,\u201c <\/em>vysv\u011btluje David K\u0159\u00ed\u017e, koordin\u00e1tor a a&nbsp;fundraiser pacientsk\u00e9 organizace Revma Liga \u010cR.<\/p>\n\n\n\n<p>Revma, jak se nemoc \u010dasto nep\u0159esn\u011b ozna\u010duje, prov\u00e1z\u00ed mnohdy i jin\u00e9 choroby, nap\u0159\u00edklad \u0159\u00eddnut\u00ed kost\u00ed, lup\u00e9nka nebo plicn\u00ed onemocn\u011bn\u00ed. Do pra\u017esk\u00e9ho Karl\u00edna proto doraz\u00ed krom\u011b revmatolog\u016f tak\u00e9 osteolog, dermatolog, pneumolog, ortoped a fyzioterapeuti. <em>\u201ePacienti bohu\u017eel \u010dekaj\u00ed na vy\u0161et\u0159en\u00ed u t\u011bchto specialist\u016f ne\u00fam\u011brn\u011b dlouhou dobu. Te\u010f budou m\u00edt p\u0159\u00edle\u017eitost setkat se s&nbsp;nimi na jednom m\u00edst\u011b v&nbsp;jeden den \u2013 a zjistit od nich, co pot\u0159ebuj\u00ed,\u201c <\/em>dopl\u0148uje David K\u0159\u00ed\u017e.<\/p>\n\n\n\n<p>V\u00a0\u010cesku se s\u00a0revmatoidn\u00ed artritidou pot\u00fdk\u00e1 p\u0159ibli\u017en\u011b 158\u00a0000 pacient\u016f. Mezi jej\u00ed prvn\u00ed p\u0159\u00edznaky v\u011bt\u0161inou pat\u0159\u00ed bolestiv\u00e9 otoky kloub\u016f na rukou nebo nohou. B\u00fdvaj\u00ed spojen\u00e9 se ztuhlost\u00ed. <em>\u201ePacienti maj\u00ed nap\u0159\u00edklad probl\u00e9m sev\u0159\u00edt ruku v\u00a0p\u011bst nebo ud\u011blat prvn\u00edch p\u00e1r krok\u016f. Bolesti m\u00edvaj\u00ed zpo\u010d\u00e1tku hlavn\u011b r\u00e1no,\u201c<\/em> popisuje p\u0159edseda \u010cesk\u00e9 revmatologick\u00e9 spole\u010dnosti \u010cLS JEP prof. MUDr. Ladislav \u0160enolt, Ph.D., z\u00a0Revmatologick\u00e9ho \u00fastavu v\u00a0Praze. V\u00a0p\u0159\u00edpad\u011b obt\u00ed\u017e\u00ed by podle n\u011bj m\u011bli nemocn\u00ed nejprve nav\u0161t\u00edvit sv\u00e9ho praktick\u00e9ho l\u00e9ka\u0159e, kter\u00fd je p\u0159i podez\u0159en\u00ed na revmatoidn\u00ed artritidu ode\u0161le ke specialistovi. <em>\u201eIde\u00e1ln\u00ed je, kdy\u017e praktick\u00fd l\u00e9ka\u0159 revmatologa rovnou kontaktuje s\u00e1m. Jinak se toti\u017e m\u016f\u017ee st\u00e1t, \u017ee bude nemocn\u00fd \u010dekat na vy\u0161et\u0159en\u00ed i n\u011bkolik m\u011bs\u00edc\u016f,\u201c<\/em> zd\u016fraz\u0148uje prof. \u0160enolt a dod\u00e1v\u00e1, \u017ee krom\u011b v\u010dasn\u00e9 l\u00e9\u010dby je pot\u0159eba myslet i na ostatn\u00ed p\u0159idru\u017een\u00e9 choroby.<\/p>\n\n\n\n<p> <em>\u201ePacienti mohou m\u00edt i jin\u00e9 org\u00e1nov\u00e9 projevy, nap\u0159\u00edklad posti\u017een\u00ed plic, je\u017e se projevuje ka\u0161lem nebo du\u0161nost\u00ed. V\u00a0p\u0159\u00edpad\u011b aktivn\u00edho onemocn\u011bn\u00ed mohou nastat i dal\u0161\u00ed komplikace \u2013 pacienti maj\u00ed zv\u00fd\u0161en\u00e9 riziko infekc\u00ed nebo z\u00e1va\u017en\u00fdch kardiovaskul\u00e1rn\u00edch onemocn\u011bn\u00ed, jak\u00fdmi jsou mozkov\u00e1 p\u0159\u00edhoda, srde\u010dn\u00ed infarkt nebo \u017eiln\u00ed tromb\u00f3zy a plicn\u00ed embolie. P\u0159edej\u00edt tomu lze v\u010dasnou terapi\u00ed a komplexn\u00ed p\u00e9\u010d\u00ed,\u201c<\/em> \u0159\u00edk\u00e1 prof. \u0160enolt. Z\u00e1rove\u0148 tak\u00e9 upozor\u0148uje i na jin\u00fd typ artritidy, kter\u00e1 souvis\u00ed s lup\u00e9nkou. <em>\u201eJedn\u00e1 se o tzv. psoriatickou artritidu. M\u016f\u017ee zp\u016fsobit\u00a0destruktivn\u00ed posti\u017een\u00ed perifern\u00edch kloub\u016f, ale i\u00a0na p\u00e1te\u0159i. Ve v\u011bt\u0161in\u011b p\u0159\u00edpad\u016f j\u00ed lup\u00e9nka p\u0159edch\u00e1z\u00ed. Tak\u00e9 u pacient\u016f s\u00a0t\u00edmto onemocn\u011bn\u00edm plat\u00ed, \u017ee pokud zah\u00e1j\u00edme l\u00e9\u010dbu v\u010das, lze z\u00e1va\u017en\u00fdm kloubn\u00edm probl\u00e9m\u016fm zabr\u00e1nit,\u201c<\/em> vysv\u011btluje prof. \u0160enolt.<\/p>\n\n\n\n<p>Nemocn\u00ed, kte\u0159\u00ed se pot\u00fdkaj\u00ed s revmatoidn\u00ed artritidou, jsou n\u00e1chyln\u011bj\u0161\u00ed k&nbsp;\u0159\u00eddnut\u00ed kost\u00ed. Tzv.&nbsp;osteopor\u00f3za se projevuje zlomeninami, ke kter\u00fdm doch\u00e1z\u00ed i bez \u00farazu. <em>\u201eT\u00e9to chorob\u011b se \u0159\u00edk\u00e1 \u201atich\u00fd zlod\u011bj kost\u00ed\u2018 \u2013 mnoz\u00ed pacienti toti\u017e nev\u00ed, \u017ee ji maj\u00ed. O to v\u00e1\u017en\u011bj\u0161\u00ed pak m\u00e1 n\u00e1sledky,\u201c<\/em> popisuje prof. MUDr. Vladim\u00edr Pali\u010dka, CSc., dr. h. c., p\u0159edseda Spole\u010dnosti pro metabolick\u00e1 onemocn\u011bn\u00ed skeletu \u010cLS JEP. <em>\u201eKa\u017ed\u00e9 chronick\u00e9 z\u00e1n\u011btliv\u00e9 onemocn\u011bn\u00ed ovliv\u0148uje kvalitu kost\u00ed. Pokud lid\u00e9 s&nbsp;revmatoidn\u00ed artritidou u\u017e\u00edvaj\u00ed dlouhodob\u011b glukokortikoidy, riziko vzniku osteopor\u00f3zy zvy\u0161uj\u00ed,\u201c<\/em> vysv\u011btluje prof. Pali\u010dka.<\/p>\n\n\n\n<p>Na akci konan\u00e9 ke Sv\u011btov\u00e9mu dni artritidy proto mohou pacienti vyplnit speci\u00e1ln\u00ed dotazn\u00edk, s&nbsp;jeho\u017e pomoc\u00ed l\u00e9ka\u0159i zhodnot\u00ed riziko vzniku zlomenin. \u201e<em>Osobn\u011b jim pak vysv\u011btl\u00edme, jak\u00e9 komplikace jim hroz\u00ed a jak jim p\u0159edej\u00edt,\u201c<\/em> dopl\u0148uje osteolog.<\/p>\n\n\n\n<p>Pr\u00e1v\u011b mo\u017enost osobn\u00edch konzultac\u00ed p\u0159il\u00e1kala loni na obdobnou akci stovky pacient\u016f. Odborn\u00edci na n\u00ed poskytli p\u0159ibli\u017en\u011b 120 konzultac\u00ed. \u201e<em>Pacienti cht\u011bli \u010dasto zn\u00e1t i druh\u00fd l\u00e9ka\u0159sk\u00fd n\u00e1zor na svou l\u00e9\u010dbu. Velk\u00fd z\u00e1jem byl tak\u00e9 o vy\u0161et\u0159en\u00ed plic pomoc\u00ed spirometru, kter\u00e9 uk\u00e1\u017ee, v&nbsp;jak\u00e9m stavu pl\u00edce jsou. M\u011b\u0159en\u00ed spirometrem nab\u00eddneme p\u0159\u00edchoz\u00edm i letos,\u201c<\/em> \u0159\u00edk\u00e1 David K\u0159\u00ed\u017e z&nbsp;Revma Ligy \u010cR. Pro n\u00e1v\u0161t\u011bvn\u00edky je p\u0159ipraven doprovodn\u00fd program, p\u0159edn\u00e1\u0161ky a k\u0159est prvn\u00edho komiksu pro teenagery s&nbsp;revmatick\u00fdm onemocn\u011bn\u00edm. <em>\u201eT\u011b\u0161it se mohou i na v\u00fdstavu fotografi\u00ed pacientsk\u00e9 skupiny Myozitida. Tak\u00e9 na tohle vz\u00e1cn\u00e9 revmatick\u00e9 onemocn\u011bn\u00ed chceme v&nbsp;r\u00e1mci Sv\u011btov\u00e9ho dne artritidy upozornit,\u201c<\/em> dod\u00e1v\u00e1 K\u0159\u00ed\u017e.<\/p>\n\n\n\n<p>Akce, kter\u00e1 se kon\u00e1 pod z\u00e1\u0161titou prvn\u00ed d\u00e1my \u010cesk\u00e9 republiky Evy Pavlov\u00e9 a ministra zdravotnictv\u00ed Vlastimila V\u00e1lka, se uskute\u010dn\u00ed <strong>6. \u0159\u00edjna od 10 do 14 hodin v&nbsp;pra\u017esk\u00e9 Spojce Karl\u00edn<\/strong>. Krom\u011b Sv\u011btov\u00e9ho dne artritidy upozorn\u00ed i na Sv\u011btov\u00fd den osteopor\u00f3zy, myozitidy a&nbsp;psori\u00e1zy. <em>\u201eVstup je zdarma a z\u00fa\u010dastnit se j\u00ed m\u016f\u017ee kdokoli, nejenom pacienti. Pro prvn\u00edch 50&nbsp;p\u0159\u00edchoz\u00edch p\u0159ipravujeme speci\u00e1ln\u00ed d\u00e1rek od spole\u010dnosti Notino,\u201c<\/em> uzav\u00edr\u00e1 K\u0159\u00ed\u017e.V\u00edce informac\u00ed o osv\u011btov\u00e9m dnu je k dispozici na: <a href=\"http:\/\/www.denartritidy.cz\/\">www.denartritidy.cz<\/a>.<\/p>\n","protected":false},"excerpt":{"rendered":"<div class=\"mh-excerpt\"><p>Na vy\u0161et\u0159en\u00ed u specialist\u016f \u010dekaj\u00ed pacienti m\u011bs\u00edce Praha, 30. 9. 2024 \u2013 Nejen bolesti kloub\u016f, ale i vy\u0161\u0161\u00ed riziko zlomen\u00fdch kost\u00ed, plicn\u00ed embolie nebo infekc\u00ed. <a class=\"mh-excerpt-more\" href=\"https:\/\/www.invarena.cz\/?p=52206\" title=\"\u201eRevma\u201c bol\u00ed \u2013 nejv\u00edc trp\u00ed klouby\">[&#8230;]<\/a><\/p>\n<\/div>","protected":false},"author":1,"featured_media":11952,"comment_status":"open","ping_status":"closed","sticky":false,"template":"","format":"standard","meta":{"footnotes":""},"categories":[11],"tags":[],"class_list":["post-52206","post","type-post","status-publish","format-standard","has-post-thumbnail","hentry","category-zdravi"],"_links":{"self":[{"href":"https:\/\/www.invarena.cz\/index.php?rest_route=\/wp\/v2\/posts\/52206","targetHints":{"allow":["GET"]}}],"collection":[{"href":"https:\/\/www.invarena.cz\/index.php?rest_route=\/wp\/v2\/posts"}],"about":[{"href":"https:\/\/www.invarena.cz\/index.php?rest_route=\/wp\/v2\/types\/post"}],"author":[{"embeddable":true,"href":"https:\/\/www.invarena.cz\/index.php?rest_route=\/wp\/v2\/users\/1"}],"replies":[{"embeddable":true,"href":"https:\/\/www.invarena.cz\/index.php?rest_route=%2Fwp%2Fv2%2Fcomments&post=52206"}],"version-history":[{"count":0,"href":"https:\/\/www.invarena.cz\/index.php?rest_route=\/wp\/v2\/posts\/52206\/revisions"}],"wp:featuredmedia":[{"embeddable":true,"href":"https:\/\/www.invarena.cz\/index.php?rest_route=\/wp\/v2\/media\/11952"}],"wp:attachment":[{"href":"https:\/\/www.invarena.cz\/index.php?rest_route=%2Fwp%2Fv2%2Fmedia&parent=52206"}],"wp:term":[{"taxonomy":"category","embeddable":true,"href":"https:\/\/www.invarena.cz\/index.php?rest_route=%2Fwp%2Fv2%2Fcategories&post=52206"},{"taxonomy":"post_tag","embeddable":true,"href":"https:\/\/www.invarena.cz\/index.php?rest_route=%2Fwp%2Fv2%2Ftags&post=52206"}],"curies":[{"name":"wp","href":"https:\/\/api.w.org\/{rel}","templated":true}]}}