{"id":52255,"date":"2024-10-03T07:42:49","date_gmt":"2024-10-03T05:42:49","guid":{"rendered":"https:\/\/www.invarena.cz\/?p=52255"},"modified":"2024-10-03T07:45:26","modified_gmt":"2024-10-03T05:45:26","slug":"cerne-ovce-vyzkouseli-jsme","status":"publish","type":"post","link":"https:\/\/www.invarena.cz\/?p=52255","title":{"rendered":"Nevidom\u00ed ve m\u011bst\u011b st\u00e1le nar\u00e1\u017eej\u00ed na p\u0159ek\u00e1\u017eky. N\u011bkter\u00e9 z nich mohou b\u00fdt nebezpe\u010dn\u00e9"},"content":{"rendered":"\n<p>\u010cT 1\u00a0&#8211; \u010cern\u00e9 ovce<br \/><\/p>\n\n\n\n<p><br \/>Pohyb po m\u011bst\u011b n\u00e1m v\u011bt\u0161inou p\u0159ijde bezpe\u010dn\u00fd. Zkusme si ale zav\u0159\u00edt o\u010di a vyra\u017eme do ulic.\u00a0<strong>Nevidom\u00fdm<\/strong>\u00a0maj\u00ed s orientac\u00ed pom\u00e1hat tzv. vodic\u00ed linie. Co kdy\u017e na n\u011b ale n\u011bkdo n\u011bco postav\u00ed?<br \/><br \/>Franti\u0161ek Bra\u0161na, vedouc\u00ed, Metodick\u00e9 centrum odstra\u0148ov\u00e1n\u00ed bari\u00e9r, Sjednocen\u00e1 organizace\u00a0<strong>nevidom\u00fdch<\/strong>\u00a0a slabozrak\u00fdch \u010cR<br \/>&#8212;&#8212;&#8212;&#8212;&#8212;&#8212;&#8211;<br \/>Jdeme po um\u011bl\u00e9 vodic\u00ed linii, tak\u017ee teoreticky bez probl\u00e9m\u016f, sloup tady p\u0159ek\u00e1\u017e\u00ed, p\u0159ek\u00e1\u017e\u00ed tady dal\u0161\u00ed mobili\u00e1\u0159, tak\u017ee sam\u00fd chyby.<br \/><br \/>moder\u00e1torka<br \/>&#8212;&#8212;&#8212;&#8212;&#8212;&#8212;&#8211;<br \/>Naposledy jsme se t\u00e9matu v\u011bnovali p\u0159ed dv\u011bma lety a zd\u00e1 se, \u017ee se toho p\u0159\u00edli\u0161 nezm\u011bnilo. Kde v ulic\u00edch st\u00e1le hroz\u00ed, \u017ee se\u00a0<strong>nevidom\u00ed<\/strong>\u00a0mohou zranit?<br \/><br \/>Viktor Dudr, Metodick\u00e9 centrum odstra\u0148ov\u00e1n\u00ed bari\u00e9r, Sjednocen\u00e1 organizace\u00a0<strong>nevidom\u00fdch<\/strong>\u00a0a slabozrak\u00fdch \u010cR<br \/>&#8212;&#8212;&#8212;&#8212;&#8212;&#8212;&#8211;<br \/>Pokud p\u00e1rkr\u00e1t naraz\u00edm na p\u0159ek\u00e1\u017eku, kter\u00e1 tam b\u00fdt nem\u00e1, no, tak m\u011b to odrazuje a n\u011bkter\u00e9 slab\u0161\u00ed povahy z n\u00e1s\u00a0<strong>nevidom\u00fdch<\/strong>\u00a0a slabozrak\u00fdch z\u016fstanou doma a rad\u011bji hledaj\u00ed asistenci. To je ale velice ned\u016fstojn\u00e9 a velice \u0161patn\u00fd pocit b\u00fdt tak z\u00e1visl\u00fd.<br \/><br \/>redaktorka<br \/>&#8212;&#8212;&#8212;&#8212;&#8212;&#8212;&#8211;<br \/><strong>Nevidom\u00ed<\/strong>\u00a0lid\u00e9 toti\u017e p\u0159i ch\u016fzi vyu\u017e\u00edvaj\u00ed tzv. p\u0159irozenou vodic\u00ed linii, co\u017e jsou zdi a domy. Jak by m\u011bla tato linie vypadat, upravuje vyhl\u00e1\u0161ka stavebn\u00edho z\u00e1kona. A my jsme o n\u00ed mluvili u\u017e v roce 2011.<br \/><br \/>Viktor Dudr,<br \/>Nem\u011bly by na n\u00ed b\u00fdt p\u0159ek\u00e1\u017eky. Jak\u00e1koliv p\u0159ek\u00e1\u017eka, kterou mi nem\u016f\u017ee zachytit b\u00edl\u00e1 h\u016fl nebo kdy\u017e je p\u0159\u00edli\u0161 velik\u00e1. Zasahuje do pr\u016fchoz\u00edho profilu. Nesm\u00ed z t\u00e9 zdi nebo jinak do toho pr\u016fchoz\u00edho profilu zasahovat v\u00edc ne\u017e 20 cm.<br \/><br \/>redaktorka<br \/>&#8212;&#8212;&#8212;&#8212;&#8212;&#8212;&#8211;<br \/>V praxi tuto linii \u010dasto n\u011bco naru\u0161uje. V minulosti n\u00e1s\u00a0<strong>nevidom\u00ed<\/strong>\u00a0upozor\u0148ovali nap\u0159\u00edklad na nevhodn\u011b vystaven\u00e9 zbo\u017e\u00ed, reklamn\u00ed stojany, lavi\u010dky nebo oby\u010dejnou po\u0161tovn\u00ed schr\u00e1nku. P\u0159esto\u017ee vyhl\u00e1\u0161ka ve\u0161la v platnost v roce 2009 a plat\u00ed tedy u\u017e 15 let, chyby se st\u00e1le opakuj\u00ed. Letos v l\u00e9t\u011b jsme byli upozorn\u011bni na nebezpe\u010dn\u00e9 informa\u010dn\u00ed cedule v r\u00e1mci stavby.<br \/><br \/>Ladislav Bukovsk\u00fd, \u010cesk\u00e1 komora autorizovan\u00fdch in\u017een\u00fdr\u016f a technik\u016f \u010dinn\u00fdch ve v\u00fdstavb\u011b<br \/>&#8212;&#8212;&#8212;&#8212;&#8212;&#8212;&#8211;<br \/>To jsem dal n\u011bkdo, kdo absolutn\u011b nech\u00e1pe, \u017ee ty lidi se musej\u00ed ve m\u011bst\u011b pohybovat. A zejm\u00e9na okolo n\u00e1dra\u017e\u00ed.<br \/><br \/>Aneta \u0158ehkov\u00e1, mluv\u010d\u00ed Dopravn\u00edho podniku hl. m. Prahy<br \/>&#8212;&#8212;&#8212;&#8212;&#8212;&#8212;&#8211;<br \/>V r\u00e1mci t\u00e9to stavby se na m\u00edst\u011b setk\u00e1v\u00e1 cel\u00e1 \u0159ada subjekt\u016f, za dopravn\u00ed podnik d\u011bkujeme za upozorn\u011bn\u00ed, tedy za nevhodn\u00e9 um\u00edst\u011bn\u00ed t\u00e9to informa\u010dn\u00ed tabule a provedeme n\u00e1pravu tak, aby nikomu nep\u0159ek\u00e1\u017eela.<br \/><br \/>redaktorka<br \/>&#8212;&#8212;&#8212;&#8212;&#8212;&#8212;&#8211;<br \/>Na Praze 7 zase p\u0159irozenou vodic\u00ed linii naru\u0161ily neozna\u010den\u00e9 p\u0159\u00edkr\u00e9 schody. Pozor, pozor, pozor. Ty mohou pro\u00a0<strong>nevidom\u00e9ho<\/strong>\u00a0znamenat velk\u00e9 nebezpe\u010d\u00ed.<br \/><br \/>Franti\u0161ek Bra\u0161na, vedouc\u00ed, Metodick\u00e9 centrum odstra\u0148ov\u00e1n\u00ed bari\u00e9r, Sjednocen\u00e1 organizace\u00a0<strong>nevidom\u00fdch<\/strong>\u00a0a slabozrak\u00fdch \u010cR<br \/>&#8212;&#8212;&#8212;&#8212;&#8212;&#8212;&#8211;<br \/>Jeliko\u017e jsou to schody kolm\u00fd na sm\u011br ch\u016fze, tak vlastn\u011b nem\u00e1te je podle \u010deho poznat. V tomto m\u00edst\u011b p\u0159ed t\u00edm prvn\u00edm sestupn\u00fdm schodem m\u00e1 b\u00fdt na\u0161e reli\u00e9fn\u00ed dla\u017eba, aby to ten \u010dlov\u011bk za prv\u00e9 poznal, za druh\u00e9 se tomu vyhnul, za t\u0159et\u00ed aby nedo\u0161lo k n\u011bjak\u00fdmu \u00farazu. Kdy\u017e to bereme \u00fapln\u011b doslova, tak vlastn\u011b v t\u00e9to \u010d\u00e1sti by m\u011blo b\u00fdt z\u00e1bradl\u00ed. Je to logick\u00e9, jsou tam schody a to z\u00e1bradl\u00ed by m\u011blo vystupovat aspo\u0148 30 cm za ten prvn\u00ed schod, \u010dlov\u011bk se nejd\u0159\u00edv chytne a pak jde.<br \/><br \/>redaktorka<br \/>&#8212;&#8212;&#8212;&#8212;&#8212;&#8212;&#8211;<br \/>Tak\u017ee z\u00e1bradl\u00ed a reli\u00e9fn\u00ed dla\u017eba. O n\u00e1pravu jsme po\u017e\u00e1dali z\u00e1stupce \u00da\u0159adu m\u011bstsk\u00e9 \u010d\u00e1sti Praha 7.<br \/><br \/>Martin Voku\u0161, mluv\u010d\u00ed, \u00da\u0159ad m\u011bstsk\u00e9 \u010d\u00e1sti Praha 7<br \/>&#8212;&#8212;&#8212;&#8212;&#8212;&#8212;&#8211;<br \/>Ano, tady si ur\u010dit\u011b um\u00edme p\u0159edstavit, \u017ee by m\u011blo b\u00fdt n\u011bjak\u00e9 upozorn\u011bn\u00ed, kter\u00e9 bude varovat tedy osobu slabozrakou nebo\u00a0<strong>nevidomou<\/strong>, \u017ee se tady nach\u00e1z\u00ed tedy schodi\u0161t\u011b sestupuj\u00edc\u00ed dol\u016f, proto\u017ee i to z\u00e1bradl\u00ed vid\u00edme, \u017ee za\u010d\u00edn\u00e1 a\u017e tady p\u016fl metru od vrcholu toho schodi\u0161t\u011b&#8230;<br \/><br \/>redaktorka<br \/>&#8212;&#8212;&#8212;&#8212;&#8212;&#8212;&#8211;<br \/>Tak\u017ee budete to \u0159e\u0161it.<br \/><br \/>Martin Voku\u0161,<br \/>Bylo by to ur\u010dit\u011b lep\u0161\u00ed, tak\u017ee budeme to \u0159e\u0161it, je to pr\u00e1v\u011b jeden z t\u011bch podn\u011bt\u016f, kter\u00fdmi se budeme d\u00e1l zab\u00fdvat.<br \/><br \/>redaktorka<br \/>&#8212;&#8212;&#8212;&#8212;&#8212;&#8212;&#8211;<br \/>P\u0159irozenou vodic\u00ed linii velmi \u010dasto naru\u0161uj\u00ed tak\u00e9 p\u0159edzahr\u00e1dky restaurac\u00ed. Jak by m\u011bly vypadat, \u0159\u00edkaj\u00ed p\u0159edpisy u\u017e mnoho let.<br \/><br \/>Nicole Fry\u010dov\u00e1, p\u0159edsedkyn\u011b, Odborn\u00e1 skupina pro p\u0159\u00edstupnost ve\u0159ejn\u00e9 spr\u00e1vy a ve\u0159ejn\u00fdch slu\u017eeb p\u0159i Vl\u00e1dn\u00edm v\u00fdboru pro osoby se zdravotn\u00edm posti\u017een\u00edm<br \/>&#8212;&#8212;&#8212;&#8212;&#8212;&#8212;&#8211;<br \/>Vyhl\u00e1\u0161ka je \u00fa\u010dinn\u00e1 od 18. listopadu 2009, tam to je jasn\u011b \u0159e\u010deno, \u017ee v tom pr\u016fchoz\u00edm prostoru nem\u016f\u017eou b\u00fdt p\u0159ek\u00e1\u017eky, tak\u017ee opravdu je to mnoho let.<br \/><br \/>redaktorka<br \/>&#8212;&#8212;&#8212;&#8212;&#8212;&#8212;&#8211;<br \/>M\u00e1me rok 2024 a probl\u00e9m st\u00e1le trv\u00e1. Nevhodn\u011b um\u00edst\u011bn\u00e9 p\u0159edzahr\u00e1dky jsou po cel\u00e9 Praze.<br \/><br \/>Franti\u0161ek Bra\u0161na,<br \/>Z na\u0161eho pohledu, kdy\u017e ten \u010dlov\u011bk vych\u00e1z\u00ed ze \u017eelezni\u010dn\u00ed stanice, tak bude automaticky cht\u00edt j\u00edt do podchodu nebo na metro, tak p\u016fjde bu\u010f p\u0159i st\u011bn\u011b, anebo si spust\u00ed akustick\u00fd orienta\u010dn\u00ed syst\u00e9m. Kdy\u017e jde pod\u00e9l st\u011bny, tak vlastn\u011b skon\u010d\u00ed vlastn\u011b v p\u0159edzahr\u00e1dce, proto\u017ee mu \u017e\u00e1dn\u00e1 informace ne\u0159ekne, aby tam nechodil, proto\u017ee tam nen\u00ed \u017e\u00e1dn\u00e1 vlastn\u011b z jeho pohledu tuh\u00e1, nep\u0159evratn\u00e1 z\u00e1brana tak, jak m\u00e1 b\u00fdt.<br \/><br \/>redaktorka<br \/>&#8212;&#8212;&#8212;&#8212;&#8212;&#8212;&#8211;<br \/>To znamen\u00e1 jednoduch\u00e9 \u0159e\u0161en\u00ed, p\u0159irazit zahr\u00e1dku ke zdi.<br \/><br \/>Franti\u0161ek Bra\u0161na, <br \/>To oplocen\u00ed, za\u010d\u00edt u st\u011bny, aby ten \u010dlov\u011bk m\u011bl sm\u011br a navigaci, kter\u00e1 ho zavede tam, kde je to m\u00edsto pro n\u011bj bezpe\u010dn\u00fd.<br \/><br \/>redaktorka<br \/>&#8212;&#8212;&#8212;&#8212;&#8212;&#8212;&#8211;<br \/>Ani o kousek d\u00e1l u \u00fapln\u011b nov\u00e9 budovy v ulici Na Florenci nejsou p\u0159edzahr\u00e1dky um\u00edst\u011bn\u00e9 spr\u00e1vn\u011b.<br \/><br \/>Nicole Fry\u010dov\u00e1,<br \/>Tak\u017ee jak bylo vid\u011bt, \u0161la jsem, tam \u010dlov\u011bk o\u010dek\u00e1v\u00e1, \u017ee je bezpe\u010dn\u00fd pr\u016fchoz\u00ed prostor, narazila jsem do stole\u010dk\u016f, takhle to b\u00fdt nem\u00e1. Jednak to odporuje bezbari\u00e9rov\u00e9 vyhl\u00e1\u0161ce, jednak to tak\u00e9 odporuje manu\u00e1lu Magistr\u00e1tu hlavn\u00edho m\u011bsta Prahy, kter\u00fd byl p\u0159edzahr\u00e1dk\u00e1m vyd\u00e1n.<br \/><br \/>redaktorka<br \/>&#8212;&#8212;&#8212;&#8212;&#8212;&#8212;&#8211;<br \/>A jak by tedy spr\u00e1vn\u011b postaven\u00e1 p\u0159edzahr\u00e1dka m\u011bla vypadat?<br \/><br \/>Nicole Fry\u010dov\u00e1, <br \/>Bylo by pot\u0159eba bu\u010fto to tedy d\u00e1t d\u00e1l od st\u011bny, co\u017e teda by asi v tomto p\u0159\u00edpad\u011b nebylo \u00fapln\u011b vhodn\u00e9, proto\u017ee by pak ne\u0161lo proch\u00e1zet po chodn\u00edku, anebo tedy ud\u011blat jasnou zar\u00e1\u017eku pro b\u00edlou h\u016fl, a\u0165 u\u017e t\u0159eba pomoc\u00ed n\u011bjak\u00fdch \u0161irok\u00fdch kv\u011btin\u00e1\u010d\u016f, vymezit ten prostor, kter\u00fdm by \u0161lo tu p\u0159ek\u00e1\u017eku obej\u00edt.<br \/><br \/> redaktorka<br \/>&#8212;&#8212;&#8212;&#8212;&#8212;&#8212;&#8211;<br \/>P\u0159edzahr\u00e1dky povoluj\u00ed restaurac\u00edm m\u011bstsk\u00e9 \u010d\u00e1sti.<br \/><br \/>Karol\u00edna \u0160nejdarov\u00e1, mluv\u010d\u00ed, \u00da\u0159ad m\u011bstsk\u00e9 \u010d\u00e1sti Praha 1<br \/>&#8212;&#8212;&#8212;&#8212;&#8212;&#8212;&#8211;<br \/>Ta zahr\u00e1dka, o kter\u00e9 jsme se spole\u010dn\u011b bavili, tak ta skute\u010dn\u011b povolen\u00e1 je, nicm\u00e9n\u011b v povolen\u00ed z\u00e1rove\u0148 je jim ur\u010deno, \u017ee p\u0159edzahr\u00e1dka m\u00e1 b\u00fdt obehn\u00e1na pl\u016ftkem vysok\u00fdm 110 cm a deseticentimetrovou pevnou zar\u00e1\u017ekou, co\u017e jak jsme vid\u011bli, tak v tomto p\u0159\u00edpad\u011b nen\u00ed dodr\u017eeno, tud\u00ed\u017e po\u0161leme sem kontrolora, kter\u00fd se t\u00edm bude zab\u00fdvat.<br \/><br \/>redaktorka<br \/>&#8212;&#8212;&#8212;&#8212;&#8212;&#8212;&#8211;<br \/>Kousek d\u00e1l jsme objevili p\u0159edzahr\u00e1dku p\u0159\u00edmo na um\u011bl\u00e9 vodic\u00ed linii.<br \/><br \/>Franti\u0161ek Bra\u0161na, vedouc\u00ed, Metodick\u00e9 centrum odstra\u0148ov\u00e1n\u00ed bari\u00e9r, Sjednocen\u00e1 organizace\u00a0<strong>nevidom\u00fdch<\/strong>\u00a0a slabozrak\u00fdch \u010cR<br \/>&#8212;&#8212;&#8212;&#8212;&#8212;&#8212;&#8211;<br \/>Jdeme po um\u011bl\u00e9 vodic\u00ed linii, tak\u017ee teoreticky bez probl\u00e9m\u016f, sloup tady p\u0159ek\u00e1\u017e\u00ed, p\u0159ek\u00e1\u017e\u00ed tady dal\u0161\u00ed mobili\u00e1\u0159, tak\u017ee sam\u00fd chyby.<br \/><br \/><br \/>Co je to um\u011bl\u00e1 vodic\u00ed linie a pro\u010d je stolek um\u00edst\u011bn \u0161patn\u011b, jsme provozovateli restaurace vysv\u011btlili a uk\u00e1zali.<br \/><br \/>Nicole Fry\u010dov\u00e1, p\u0159edsedkyn\u011b, Odborn\u00e1 skupina pro p\u0159\u00edstupnost ve\u0159ejn\u00e9 spr\u00e1vy a ve\u0159ejn\u00fdch slu\u017eeb p\u0159i Vl\u00e1dn\u00edm v\u00fdboru pro osoby se zdravotn\u00edm posti\u017een\u00edm<br \/>&#8212;&#8212;&#8212;&#8212;&#8212;&#8212;&#8211;<br \/>Tak\u017ee tady je vlastn\u011b um\u011bl\u00e1 vodic\u00ed linie, kter\u00e1 m\u011b dovede tam k t\u00e9 prot\u011bj\u0161\u00ed st\u011bn\u011b. \u017de tady bych jinak byla ztracen\u00e1 ve voln\u00e9m prostoru a nem\u011bla se podle \u010deho orientovat. Tak\u017ee proto se vlastn\u011b d\u011blaj\u00ed tadyty prvky, toho si m\u016f\u017eete v\u0161imnout jako takhle v ter\u00e9nu.<br \/><br \/> redaktorka<br \/>&#8212;&#8212;&#8212;&#8212;&#8212;&#8212;&#8211;<br \/>Ne v\u017edy je mo\u017en\u00e9 p\u0159ek\u00e1\u017eky a chyby odstranit tak snadno jako v tomto p\u0159\u00edpad\u011b. Na velmi nebezpe\u010dnou situaci v t\u00e9 sam\u00e9 ulici n\u00e1s upozornilo hned n\u011bkolik\u00a0<strong>nevidom\u00fdch<\/strong>\u00a0spoluob\u010dan\u016f.<br \/><br \/>Nicole Fry\u010dov\u00e1, <br \/>Tady bych \u0161la rychle, \u017ee ne\u010dek\u00e1m \u017e\u00e1dnou p\u0159ek\u00e1\u017eku.<br \/>A najednou h\u016fl mi st\u00e1le d\u00e1v\u00e1, \u017ee je tady voln\u00fd prostor, dokonce i ta st\u011bna je st\u00e1le stejn\u00e1, ale podle v\u00fd\u0161ky, tak v ur\u010dit\u00e9 chv\u00edli tady naraz\u00edte do st\u011bny.<br \/><br \/>redaktorka<br \/>&#8212;&#8212;&#8212;&#8212;&#8212;&#8212;&#8211;<br \/>Kovov\u00fd p\u0159evis m\u00e1 b\u00fdt jakousi ozdobou \u00fapln\u011b nov\u00e9 administrativn\u00ed budovy. Pro\u00a0<strong>nevidom\u00e9<\/strong>\u00a0je ale nebezpe\u010dn\u00fd.<br \/><br \/>Nicole Fry\u010dov\u00e1, <br \/>J\u00e1 m\u00e1m moc r\u00e1da modern\u00ed architekturu, ale domn\u00edv\u00e1m se, kdy\u017e se stav\u00ed n\u011bco nov\u00e9ho, tak by se m\u011blo myslet na pot\u0159eby v\u0161ech lid\u00ed na\u0161\u00ed spole\u010dnosti a podle toho by se to m\u011blo i projektovat.<br \/><br \/>redaktorka<br \/>&#8212;&#8212;&#8212;&#8212;&#8212;&#8212;&#8211;<br \/>Nicole Fry\u010dov\u00e1 upozornila na nebezpe\u010dn\u00fd p\u0159evis stavebn\u00edky u\u017e letos v \u00fanoru.<br \/><br \/>Nicole Fry\u010dov\u00e1,<br \/>V ide\u00e1ln\u00edm p\u0159\u00edpad\u011b by tady m\u011bla b\u00fdt zar\u00e1\u017eka na b\u00edlou h\u016fl, aby i lid\u00e9, kte\u0159\u00ed jsou vy\u0161\u0161\u00ed, tak aby do toho nenarazili. \u0158\u00edkali jsme jim to na setk\u00e1n\u00ed 14. \u00fanora leto\u0161n\u00edho roku.<br \/><br \/>redaktorka<br \/>&#8212;&#8212;&#8212;&#8212;&#8212;&#8212;&#8211;<br \/>Hned po nat\u00e1\u010den\u00ed s Nicole Fry\u010dovou jsme oslovili mluv\u010d\u00edho spole\u010dnosti Penta, kter\u00e1 budovu stav\u011bla. Ne\u017e jsme se do\u010dkali rozhovoru, za\u010dalo se na m\u00edst\u011b pracovat a vznikla jak\u00e1si \u00faprava. P\u0159ed t\u00edm t\u00fddnem, je\u0161t\u011b tady teda nebyla \u017e\u00e1dn\u00e1 \u00faprava, jestli bych se mohla zeptat, pro\u010d tady \u017e\u00e1dn\u00e1 \u00faprava nebyla.<br \/><br \/>Martin L\u00e1nsk\u00fd, mluv\u010d\u00ed, Penta Real Estate s.r.o.<br \/>&#8212;&#8212;&#8212;&#8212;&#8212;&#8212;&#8211;<br \/>Tahleta konkr\u00e9tn\u00ed \u00faprava vznikla pr\u00e1v\u011b na z\u00e1klad\u011b debaty na \u00fanorov\u00e9 t\u00e9to pracovn\u00ed skupiny, kde tento po\u017eadavek jakoby vze\u0161el z n\u011bjak\u00e9 debaty.<br \/><br \/>redaktorka<br \/>&#8212;&#8212;&#8212;&#8212;&#8212;&#8212;&#8211;<br \/>Tak\u017ee to, \u017ee jsem v\u00e1s oslovila, v tom nehr\u00e1lo roli.<br \/><br \/>Martin L\u00e1nsk\u00fd,<br \/>Nehr\u00e1lo to \u017e\u00e1dnou roli, ba naopak bych \u0159ekl, \u017ee to vn\u00edm\u00e1me trochu kontraproduktivn\u011b, proto\u017ee my skute\u010dn\u011b o ten dialog usilujeme a jakoby vytv\u00e1\u0159et n\u011bjak\u00fd medi\u00e1ln\u00ed n\u00e1tlak a d\u00e1vat n\u00e1s na pran\u00fd\u0159 si mysl\u00edm, \u017ee nen\u00ed spr\u00e1vn\u00e9, proto\u017ee tohleto m\u00edsto, kde te\u010f stoj\u00edme, je mo\u017en\u00e1 jedno z nejlep\u0161\u00edch v Praze z hlediska podm\u00ednek pro lidi na voz\u00ed\u010dku nebo pro lidi\u00a0<strong>nevidom\u00e9<\/strong>.<br \/><br \/> redaktorka<br \/>&#8212;&#8212;&#8212;&#8212;&#8212;&#8212;&#8211;<br \/>I kdyby stavebn\u00ed \u00faprava vznikla nez\u00e1visle na na\u0161em nat\u00e1\u010den\u00ed, hlavn\u00ed je, aby\u00a0<strong>nevidom\u00fdm<\/strong>\u00a0a slabozrak\u00fdm pomohla. Stalo se to? Tak\u017ee, Nicole, bl\u00ed\u017e\u00edme se, nec\u00edt\u00edte nic? Opravdu nec\u00edt\u00edte. Pozor.<br \/><br \/>Nicole Fry\u010dov\u00e1, <br \/>Bohu\u017eel tady u\u017e jsem op\u011bt u toho pl\u00e1\u0161t\u011b, aha, tak\u017ee ten prvek, kter\u00fd tady developer vytvo\u0159il, tak pro m\u011b nen\u00ed a\u0165 u\u017e n\u00e1\u0161lapem nebo b\u00edlou hol\u00ed poznateln\u00fd.<br \/><br \/>redaktorka<br \/>&#8212;&#8212;&#8212;&#8212;&#8212;&#8212;&#8211;<br \/>Nepozn\u00e1te, \u017ee tady n\u011bco je.<br \/><br \/>Nicole Fry\u010dov\u00e1, <br \/>Bohu\u017eel nepozn\u00e1m. Developer p\u0159i\u0161el asi o mnoho pen\u011bz touto stavebn\u00ed \u00fapravou, ale pro \u010dlov\u011bka, kter\u00fd se pohybuje s b\u00edlou hol\u00ed, tak to m\u00e1 nulov\u00fd dopad a op\u011bt hroz\u00ed, \u017ee si ubl\u00ed\u017e\u00ed o tu st\u011bnu pl\u00e1\u0161t\u011b.<br \/><br \/>redaktorka<br \/>&#8212;&#8212;&#8212;&#8212;&#8212;&#8212;&#8211;<br \/>Podle Nicole Fry\u010dov\u00e9 je tedy narychlo ud\u011blan\u00e1 \u00faprava \u00fapln\u011b k ni\u010demu.<br \/><br \/>Karol\u00edna \u0160nejdarov\u00e1, mluv\u010d\u00ed, \u00da\u0159ad m\u011bstsk\u00e9 \u010d\u00e1sti Praha 1<br \/>&#8212;&#8212;&#8212;&#8212;&#8212;&#8212;&#8211;<br \/>Stavebn\u00ed \u00fa\u0159ad tuto stavbu kolaudoval na z\u00e1klad\u011b schv\u00e1len\u00e9 projektov\u00e9 dokumentace a potvrzen\u00ed od certifikovan\u00e9ho inspektora, nicm\u00e9n\u011b p\u0159i kolaudaci tento nedostatek s p\u0159evisem na fas\u00e1d\u011b nebyl objeven, toto m\u016f\u017eeme br\u00e1t samoz\u0159ejm\u011b jako podn\u011bt stavebn\u00edmu \u00fa\u0159adu a m\u011bstsk\u00e1 \u010d\u00e1st mu to postoup\u00ed k \u0159e\u0161en\u00ed, tud\u00ed\u017e dostav\u00ed se sem kontrolor, kter\u00fd se touto v\u011bc\u00ed bude zab\u00fdvat.<br \/><br \/> redaktorka<br \/>&#8212;&#8212;&#8212;&#8212;&#8212;&#8212;&#8211;<br \/>A v \u010dem je \u00faprava nevyhovuj\u00edc\u00ed?<br \/><br \/>Franti\u0161ek Bra\u0161na,<br \/>&#8212;&#8212;&#8212;&#8212;&#8212;&#8212;&#8211;<br \/>Pokud by tenhleten prvek vlastn\u011b m\u011bl fungovat jako um\u011bl\u00e1 vodic\u00ed linie, tak za prv\u00e9 mus\u00ed b\u00fdt rovn\u00e1, nem\u016f\u017ee b\u00fdt z oblouku, proto\u017ee to se ztrat\u00ed b\u011bhem p\u00e1r vte\u0159in, za druh\u00e9 mus\u00ed b\u00fdt certifikovan\u00e1 a za t\u0159et\u00ed mus\u00ed b\u00fdt lemovan\u00e1 dla\u017ebou hladkou. Tak\u017ee tady jako z pohledu na\u0161ince je to vlastn\u011b zbyte\u010dn\u00fd, chybn\u011b ud\u011bl\u00e1no.<br \/><br \/> redaktorka<br \/>&#8212;&#8212;&#8212;&#8212;&#8212;&#8212;&#8211;<br \/>Z\u00e1stupce developera sl\u00edbil, \u017ee se nevyhovuj\u00edc\u00ed \u00fapravou je\u0161t\u011b budou zab\u00fdvat.<br \/><br \/>Martin L\u00e1nsk\u00fd, mluv\u010d\u00ed, Penta Real Estate s.r.o.<br \/>&#8212;&#8212;&#8212;&#8212;&#8212;&#8212;&#8211;<br \/>Tato \u00faprava vznikla po n\u011bjak\u00e9 diskuzi se z\u00e1stupci handicapovan\u00fdch, jestli\u017ee te\u010f \u0159\u00edkaj\u00ed, \u017ee jim tato \u00faprava nevyhovuje, tak mo\u017en\u00e1 do\u0161lo k n\u011bjak\u00e9mu nedorozum\u011bn\u00ed na t\u00e9 pracovn\u00ed skupin\u011b a m\u016f\u017eeme se asi bavit d\u00e1l, jak to je\u0161t\u011b doupravit, aby to bylo komfortn\u00ed, my tu ur\u010dit\u011b nechceme nikoho, kdo se tu zran\u00ed o na\u0161i budovu. To je samoz\u0159ejm\u00e9.<br \/><br \/>Nicole Fry\u010dov\u00e1, p\u0159edsedkyn\u011b, Odborn\u00e1 skupina pro p\u0159\u00edstupnost ve\u0159ejn\u00e9 spr\u00e1vy a ve\u0159ejn\u00fdch slu\u017eeb p\u0159i Vl\u00e1dn\u00edm v\u00fdboru pro osoby se zdravotn\u00edm posti\u017een\u00edm<br \/>&#8212;&#8212;&#8212;&#8212;&#8212;&#8212;&#8211;<br \/>Co se t\u00fdk\u00e1 toho, \u017ee pan mluv\u010d\u00ed \u0159ekl, \u017ee te\u010f klidn\u011b to s n\u00e1ma v\u0161echno proberou a dodate\u010dn\u011b \u00fapravy dod\u011blaj\u00ed tak, abysme byli spokojeni, tak to vypad\u00e1, jako kdyby tady neexistovala \u017e\u00e1dn\u00e1 stavebn\u00ed legislativa, kter\u00e1 tady ale je hodn\u011b let, a skute\u010dn\u011b jako je to chyba projektanta, \u017ee ty prvky p\u0159\u00edstupnosti neud\u011blali.<br \/><\/p>\n\n\n\n<p><a href=\"https:\/\/monitoring.anopress.cz\/files\/dnload\/final\/medical_00322_35905576.htm#obsah\"><br \/><\/a><\/p>\n","protected":false},"excerpt":{"rendered":"<div class=\"mh-excerpt\"><p>\u010cT 1\u00a0&#8211; \u010cern\u00e9 ovce Pohyb po m\u011bst\u011b n\u00e1m v\u011bt\u0161inou p\u0159ijde bezpe\u010dn\u00fd. Zkusme si ale zav\u0159\u00edt o\u010di a vyra\u017eme do ulic.\u00a0Nevidom\u00fdm\u00a0maj\u00ed s orientac\u00ed pom\u00e1hat tzv. vodic\u00ed <a class=\"mh-excerpt-more\" href=\"https:\/\/www.invarena.cz\/?p=52255\" title=\"Nevidom\u00ed ve m\u011bst\u011b st\u00e1le nar\u00e1\u017eej\u00ed na p\u0159ek\u00e1\u017eky. N\u011bkter\u00e9 z nich mohou b\u00fdt nebezpe\u010dn\u00e9\">[&#8230;]<\/a><\/p>\n<\/div>","protected":false},"author":1,"featured_media":3895,"comment_status":"open","ping_status":"closed","sticky":false,"template":"","format":"standard","meta":{"footnotes":""},"categories":[9],"tags":[],"class_list":["post-52255","post","type-post","status-publish","format-standard","has-post-thumbnail","hentry","category-zpravy"],"_links":{"self":[{"href":"https:\/\/www.invarena.cz\/index.php?rest_route=\/wp\/v2\/posts\/52255","targetHints":{"allow":["GET"]}}],"collection":[{"href":"https:\/\/www.invarena.cz\/index.php?rest_route=\/wp\/v2\/posts"}],"about":[{"href":"https:\/\/www.invarena.cz\/index.php?rest_route=\/wp\/v2\/types\/post"}],"author":[{"embeddable":true,"href":"https:\/\/www.invarena.cz\/index.php?rest_route=\/wp\/v2\/users\/1"}],"replies":[{"embeddable":true,"href":"https:\/\/www.invarena.cz\/index.php?rest_route=%2Fwp%2Fv2%2Fcomments&post=52255"}],"version-history":[{"count":0,"href":"https:\/\/www.invarena.cz\/index.php?rest_route=\/wp\/v2\/posts\/52255\/revisions"}],"wp:featuredmedia":[{"embeddable":true,"href":"https:\/\/www.invarena.cz\/index.php?rest_route=\/wp\/v2\/media\/3895"}],"wp:attachment":[{"href":"https:\/\/www.invarena.cz\/index.php?rest_route=%2Fwp%2Fv2%2Fmedia&parent=52255"}],"wp:term":[{"taxonomy":"category","embeddable":true,"href":"https:\/\/www.invarena.cz\/index.php?rest_route=%2Fwp%2Fv2%2Fcategories&post=52255"},{"taxonomy":"post_tag","embeddable":true,"href":"https:\/\/www.invarena.cz\/index.php?rest_route=%2Fwp%2Fv2%2Ftags&post=52255"}],"curies":[{"name":"wp","href":"https:\/\/api.w.org\/{rel}","templated":true}]}}