{"id":52257,"date":"2024-10-03T07:33:23","date_gmt":"2024-10-03T05:33:23","guid":{"rendered":"https:\/\/www.invarena.cz\/?p=52257"},"modified":"2024-10-03T07:33:24","modified_gmt":"2024-10-03T05:33:24","slug":"boj-s-predcasnymi-duchody","status":"publish","type":"post","link":"https:\/\/www.invarena.cz\/?p=52257","title":{"rendered":"Boj s p\u0159ed\u010dasn\u00fdmi d\u016fchody\u00a0\u00a0"},"content":{"rendered":"\n<p>NOVA\u00a0&#8211; Televizn\u00ed noviny<br \/><br \/>Podm\u00ednky pro odchod do p\u0159ed\u010dasn\u00e9ho d\u016fchodu se v \u010cesku znovu zp\u0159\u00eds\u0148uj\u00ed.<br \/>Po\u017eadovan\u00e1 doba poji\u0161t\u011bn\u00ed se zvy\u0161uje z 35 na 40 let a lid\u00e9 mus\u00ed, musej\u00ed po\u010d\u00edtat i s trvale ni\u017e\u0161\u00edm d\u016fchodem.<br \/>Nov\u00e9 opat\u0159en\u00ed m\u00e1 \u010cechy od p\u0159ed\u010dasn\u00e9ho odchodu do penze odradit.<br \/><br \/>Do p\u0159ed\u010dasn\u00e9ho d\u016fchodu odch\u00e1z\u00ed ka\u017ed\u00fd t\u0159et\u00ed \u010cech. Ode dne\u0161ka to ale bude slo\u017eit\u011bj\u0161\u00ed. \u017d\u00e1dost je\u0161t\u011b za star\u00fdch podm\u00ednek si stihla podat i Margita Silovsk\u00e1 z Prahy.<br \/><br \/>Margita Sylovsk\u00e1,<br \/>&#8212;&#8212;&#8212;&#8212;&#8212;&#8212;&#8211;<br \/>Je to hrozn\u00fd, proto\u017ee po\u0159\u00e1d se prodlu\u017euje odchod do d\u016fchodu, ale od ur\u010dit\u00fdho v\u011bku v\u00e1s vlastn\u011b n\u011bkde potom necht\u011bj\u00ed nebo m\u00e1te probl\u00e9m v\u016fbec n\u011bco sehnat.<br \/><br \/>redaktorka<br \/>&#8212;&#8212;&#8212;&#8212;&#8212;&#8212;&#8211;<br \/>Do penze m\u016f\u017ee \u010dlov\u011bk odej\u00edt maxim\u00e1ln\u011b o t\u0159i roky d\u0159\u00edve.<br \/><br \/>Iva Merhautov\u00e1, Sekce soci\u00e1ln\u00edho poji\u0161t\u011bn\u00ed a nepojistn\u00fdch d\u00e1vek,\u00a0<strong>MPSV<\/strong>\u00a0\u010cR\/KDU-\u010cSL\/<br \/>&#8212;&#8212;&#8212;&#8212;&#8212;&#8212;&#8211;<br \/>Od 1. \u0159\u00edjna, tj. ode dne\u0161ka je nov\u00e1 podm\u00ednka, a to je podm\u00ednka, \u017ee mus\u00ed m\u00edt tu pojistnou dobu, ne odpracovat, ale tu pojistnou dobu v\u010detn\u011b n\u00e1hradn\u00edch dob 40 let.<br \/><br \/>Petr Dufek, ekonom<br \/>&#8212;&#8212;&#8212;&#8212;&#8212;&#8212;&#8211;<br \/>Kdy\u017e se pod\u00edv\u00e1me na d\u016fchodov\u00e9 statistiky, tak vid\u00edme, \u017ee skoro t\u0159etina ze sou\u010dasn\u00fdch penzist\u016f \u0161li do p\u0159ed\u010dasn\u00e9ho d\u016fchodu. Jen v lo\u0148sk\u00e9m roce o p\u0159ed\u010dasn\u00fd d\u016fchod po\u017e\u00e1dalo v\u00edce ne\u017e 95 000 obyvatel, \u010dili je to velmi obl\u00edben\u00e1 metoda.<br \/><br \/>redaktorka<br \/>&#8212;&#8212;&#8212;&#8212;&#8212;&#8212;&#8211;<br \/>Nap\u0159\u00edklad na Brunt\u00e1lsku, Jesenicku nebo Znojemsku vol\u00ed d\u0159\u00edv\u011bj\u0161\u00ed odchod do penze t\u00e9m\u011b\u0159 polovina lid\u00ed.<br \/><br \/>Petr Dufek, ekonom<br \/>&#8212;&#8212;&#8212;&#8212;&#8212;&#8212;&#8211;<br \/>Je to ale pro st\u00e1t velice n\u00e1kladn\u00e9. Jednak p\u0159ich\u00e1z\u00ed o pen\u00edze, kter\u00e9 z\u00edsk\u00e1v\u00e1 ze soci\u00e1ln\u00edho a zdravotn\u00edho poji\u0161t\u011bn\u00ed, a jednak mu rostou n\u00e1klady na penzijn\u00ed syst\u00e9m.<br \/><br \/>redaktorka<br \/>&#8212;&#8212;&#8212;&#8212;&#8212;&#8212;&#8211;<br \/>Z\u00e1jemci o starobn\u00ed d\u016fchod musej\u00ed po\u010d\u00edtat s t\u00edm, \u017ee budou a\u017e do smrti pob\u00edrat m\u00e9n\u011b pen\u011bz. Pr\u016fm\u011brn\u00e1 v\u00fd\u0161e p\u0159ed\u010dasn\u00e9ho d\u016fchodu je necel\u00fdch 20 000 K\u010d, tedy t\u00e9m\u011b\u0159 o 2000 m\u00e9n\u011b ne\u017e \u0159\u00e1dn\u00fd starobn\u00ed d\u016fchod.<br \/><br \/>Iva Merhautov\u00e1, Sekce soci\u00e1ln\u00edho poji\u0161t\u011bn\u00ed a nepojistn\u00fdch d\u00e1vek,\u00a0<strong>MPSV<\/strong>\u00a0\u010cR\/KDU-\u010cSL\/<br \/>&#8212;&#8212;&#8212;&#8212;&#8212;&#8212;&#8211;<br \/>Lid\u00e9 taky m\u00e1lo v\u00ed, \u017ee vlastn\u011b p\u0159ed\u010dasn\u00fd d\u016fchod znamen\u00e1, \u017ee nemohou d\u00e1l pracovat, to se zakazuje.<br \/><br \/>redaktorka<br \/>&#8212;&#8212;&#8212;&#8212;&#8212;&#8212;&#8211;<br \/>P\u0159ivyd\u011blat si \u010dlov\u011bk m\u016f\u017ee maxim\u00e1ln\u011b 10 000 m\u011bs\u00ed\u010dn\u011b. Kv\u016fli p\u0159\u00edsn\u011bj\u0161\u00edm podm\u00ednk\u00e1m te\u010f podle odborn\u00edk\u016f nejsp\u00ed\u0161 stoupne z\u00e1jem o p\u0159edd\u016fchody, kdy \u010dlov\u011bk \u017eije pouze z vlastn\u00edch \u00faspor.<\/p>\n\n\n\n<p> televize Nova.<\/p>\n\n\n\n<p><a href=\"https:\/\/monitoring.anopress.cz\/files\/dnload\/final\/medical_00322_32056659.htm#obsah\"><br \/><\/a><\/p>\n","protected":false},"excerpt":{"rendered":"<div class=\"mh-excerpt\"><p>NOVA\u00a0&#8211; Televizn\u00ed noviny Podm\u00ednky pro odchod do p\u0159ed\u010dasn\u00e9ho d\u016fchodu se v \u010cesku znovu zp\u0159\u00eds\u0148uj\u00ed.Po\u017eadovan\u00e1 doba poji\u0161t\u011bn\u00ed se zvy\u0161uje z 35 na 40 let a lid\u00e9 <a class=\"mh-excerpt-more\" href=\"https:\/\/www.invarena.cz\/?p=52257\" title=\"Boj s p\u0159ed\u010dasn\u00fdmi d\u016fchody\u00a0\u00a0\">[&#8230;]<\/a><\/p>\n<\/div>","protected":false},"author":1,"featured_media":19372,"comment_status":"open","ping_status":"closed","sticky":false,"template":"","format":"standard","meta":{"footnotes":""},"categories":[1],"tags":[],"class_list":["post-52257","post","type-post","status-publish","format-standard","has-post-thumbnail","hentry","category-nezarazene"],"_links":{"self":[{"href":"https:\/\/www.invarena.cz\/index.php?rest_route=\/wp\/v2\/posts\/52257","targetHints":{"allow":["GET"]}}],"collection":[{"href":"https:\/\/www.invarena.cz\/index.php?rest_route=\/wp\/v2\/posts"}],"about":[{"href":"https:\/\/www.invarena.cz\/index.php?rest_route=\/wp\/v2\/types\/post"}],"author":[{"embeddable":true,"href":"https:\/\/www.invarena.cz\/index.php?rest_route=\/wp\/v2\/users\/1"}],"replies":[{"embeddable":true,"href":"https:\/\/www.invarena.cz\/index.php?rest_route=%2Fwp%2Fv2%2Fcomments&post=52257"}],"version-history":[{"count":0,"href":"https:\/\/www.invarena.cz\/index.php?rest_route=\/wp\/v2\/posts\/52257\/revisions"}],"wp:featuredmedia":[{"embeddable":true,"href":"https:\/\/www.invarena.cz\/index.php?rest_route=\/wp\/v2\/media\/19372"}],"wp:attachment":[{"href":"https:\/\/www.invarena.cz\/index.php?rest_route=%2Fwp%2Fv2%2Fmedia&parent=52257"}],"wp:term":[{"taxonomy":"category","embeddable":true,"href":"https:\/\/www.invarena.cz\/index.php?rest_route=%2Fwp%2Fv2%2Fcategories&post=52257"},{"taxonomy":"post_tag","embeddable":true,"href":"https:\/\/www.invarena.cz\/index.php?rest_route=%2Fwp%2Fv2%2Ftags&post=52257"}],"curies":[{"name":"wp","href":"https:\/\/api.w.org\/{rel}","templated":true}]}}