{"id":52265,"date":"2024-10-03T07:29:45","date_gmt":"2024-10-03T05:29:45","guid":{"rendered":"https:\/\/www.invarena.cz\/?p=52265"},"modified":"2024-10-03T07:29:46","modified_gmt":"2024-10-03T05:29:46","slug":"adra-clovek-v-tisni-diakonie-a-charita-zacnou-poskytovat-financni-pomoc-lidem-ktere-zasahly-povodne","status":"publish","type":"post","link":"https:\/\/www.invarena.cz\/?p=52265","title":{"rendered":"ADRA, \u010clov\u011bk v t\u00edsni, Diakonie a Charita za\u010dnou poskytovat finan\u010dn\u00ed pomoc lidem, kter\u00e9 zas\u00e1hly povodn\u011b\u00a0\u00a0"},"content":{"rendered":"\n<p>Radio\u017eurn\u00e1l\u00a0<br \/><\/p>\n\n\n\n<p><br \/>Humanit\u00e1rn\u00ed organizace ADRA, \u010clov\u011bk v t\u00edsni, Diakonie a Charita za\u010dnou v p\u0159\u00ed\u0161t\u00edch dnech poskytovat finan\u010dn\u00ed pomoc lidem, kter\u00e9 zas\u00e1hly povodn\u011b. T\u00fdk\u00e1 se to zhruba 4000 dom\u00e1cnost\u00ed, ka\u017ed\u00e1 z nich dostane 50 000 K\u010d na pokryt\u00ed nejnutn\u011bj\u0161\u00edch pot\u0159eb, \u0159\u00edk\u00e1 Jan Mrkvi\u010dka z humanit\u00e1rn\u00ed organizace \u010clov\u011bk v t\u00edsni.<br \/><br \/>Jan Mrkvi\u010dka, \u010clov\u011bk v t\u00edsni<br \/>&#8212;&#8212;&#8212;&#8212;&#8212;&#8212;&#8211;<br \/>Plo\u0161nou pomoc, kter\u00e1 m\u00e1 slou\u017eit k napln\u011bn\u00ed z\u00e1kladn\u00edch pot\u0159eb, k p\u0159e\u010dk\u00e1n\u00ed zimy, n\u00e1kupy topiva a dal\u0161\u00edch okam\u017eit\u00fdch nutn\u00fdch v\u00fddaj\u016f, dostanou v\u0161echny dom\u00e1cnosti, kter\u00e9 byly zasa\u017eeny povodn\u00ed a byly jim zni\u010deny obytn\u00e9 prostory.<br \/><br \/>moder\u00e1torka<br \/>&#8212;&#8212;&#8212;&#8212;&#8212;&#8212;&#8211;<br \/>Dal\u0161\u00ed pen\u00edze neziskov\u00e9 organizace\u00a0<strong>posti\u017een\u00fdm<\/strong>\u00a0dom\u00e1cnostem rozd\u011bl\u00ed pozd\u011bji. Celkov\u011b maj\u00ed od d\u00e1rc\u016f k dispozici zhruba p\u016fl miliardy korun.<\/p>\n","protected":false},"excerpt":{"rendered":"<div class=\"mh-excerpt\"><p>Radio\u017eurn\u00e1l\u00a0 Humanit\u00e1rn\u00ed organizace ADRA, \u010clov\u011bk v t\u00edsni, Diakonie a Charita za\u010dnou v p\u0159\u00ed\u0161t\u00edch dnech poskytovat finan\u010dn\u00ed pomoc lidem, kter\u00e9 zas\u00e1hly povodn\u011b. T\u00fdk\u00e1 se to zhruba <a class=\"mh-excerpt-more\" href=\"https:\/\/www.invarena.cz\/?p=52265\" title=\"ADRA, \u010clov\u011bk v t\u00edsni, Diakonie a Charita za\u010dnou poskytovat finan\u010dn\u00ed pomoc lidem, kter\u00e9 zas\u00e1hly povodn\u011b\u00a0\u00a0\">[&#8230;]<\/a><\/p>\n<\/div>","protected":false},"author":1,"featured_media":24197,"comment_status":"open","ping_status":"closed","sticky":false,"template":"","format":"standard","meta":{"footnotes":""},"categories":[1],"tags":[],"class_list":["post-52265","post","type-post","status-publish","format-standard","has-post-thumbnail","hentry","category-nezarazene"],"_links":{"self":[{"href":"https:\/\/www.invarena.cz\/index.php?rest_route=\/wp\/v2\/posts\/52265","targetHints":{"allow":["GET"]}}],"collection":[{"href":"https:\/\/www.invarena.cz\/index.php?rest_route=\/wp\/v2\/posts"}],"about":[{"href":"https:\/\/www.invarena.cz\/index.php?rest_route=\/wp\/v2\/types\/post"}],"author":[{"embeddable":true,"href":"https:\/\/www.invarena.cz\/index.php?rest_route=\/wp\/v2\/users\/1"}],"replies":[{"embeddable":true,"href":"https:\/\/www.invarena.cz\/index.php?rest_route=%2Fwp%2Fv2%2Fcomments&post=52265"}],"version-history":[{"count":0,"href":"https:\/\/www.invarena.cz\/index.php?rest_route=\/wp\/v2\/posts\/52265\/revisions"}],"wp:featuredmedia":[{"embeddable":true,"href":"https:\/\/www.invarena.cz\/index.php?rest_route=\/wp\/v2\/media\/24197"}],"wp:attachment":[{"href":"https:\/\/www.invarena.cz\/index.php?rest_route=%2Fwp%2Fv2%2Fmedia&parent=52265"}],"wp:term":[{"taxonomy":"category","embeddable":true,"href":"https:\/\/www.invarena.cz\/index.php?rest_route=%2Fwp%2Fv2%2Fcategories&post=52265"},{"taxonomy":"post_tag","embeddable":true,"href":"https:\/\/www.invarena.cz\/index.php?rest_route=%2Fwp%2Fv2%2Ftags&post=52265"}],"curies":[{"name":"wp","href":"https:\/\/api.w.org\/{rel}","templated":true}]}}