{"id":52446,"date":"2024-10-25T10:11:03","date_gmt":"2024-10-25T08:11:03","guid":{"rendered":"https:\/\/www.invarena.cz\/?p=52446"},"modified":"2024-10-25T10:12:06","modified_gmt":"2024-10-25T08:12:06","slug":"cerne-ovce-domaci-pece","status":"publish","type":"post","link":"https:\/\/www.invarena.cz\/?p=52446","title":{"rendered":"Rodiny s pacientem na dom\u00e1c\u00ed p\u00e9\u010di finan\u010dn\u011b str\u00e1daj\u00ed\u00a0\u00a0"},"content":{"rendered":"\n<p>\u010cT 1\u00a0&#8211; \u010cern\u00e9 ovce<\/p>\n\n\n\n<p><br \/>Pe\u010dovat doma o t\u011b\u017ece nemocn\u00e9ho je n\u00e1ro\u010dn\u00e9. V p\u0159\u00edpad\u011b, \u017ee mus\u00ed b\u00fdt dokonce trvale napojen\u00fd na um\u011blou plicn\u00ed ventilaci, jde o extr\u00e9mn\u00ed z\u00e1t\u011b\u017e. P\u0159esto jsou v \u010cesku rodiny, kter\u00e9 to zvl\u00e1daj\u00ed.<br \/><br \/>Lucie Ovsen\u00e1kov\u00e1, pe\u010duj\u00edc\u00ed osoba<br \/>&#8212;&#8212;&#8212;&#8212;&#8212;&#8212;&#8211;<br \/>Neodejdete si od n\u011bj ani na n\u00e1kup, nedojdu pro d\u00edt\u011b do \u0161koly, neodvezu do \u0161kolky, kter\u00e1 je odsud p\u011bt minut, a to je obrovsk\u00e1 zm\u011bna, se kterou se tady v tomhle st\u00e1t\u011b nepo\u010d\u00edt\u00e1.<br \/><br \/>moder\u00e1torka<br \/>&#8212;&#8212;&#8212;&#8212;&#8212;&#8212;&#8211;<br \/>Jakou maj\u00ed tyto rodiny podporu ze strany st\u00e1tu? Maj\u00ed mo\u017enost si \u010das od \u010dasu od n\u00e1ro\u010dn\u00e9 p\u00e9\u010de oddechnout? A co pen\u00edze? Nestr\u00e1daj\u00ed finan\u010dn\u011b?<br \/><br \/>Lucie Ovsen\u00e1kov\u00e1, pe\u010duj\u00edc\u00ed osoba<br \/>&#8212;&#8212;&#8212;&#8212;&#8212;&#8212;&#8211;<br \/>J\u00e1 vlastn\u011b pracuju 18 hodin denn\u011b 365 dn\u00ed v roce bez n\u00e1roku na dovolenou, na nemocenskou, na oddech, na nic a d\u011bl\u00e1m to zadarmo.<br \/><br \/>redaktorka<br \/>&#8212;&#8212;&#8212;&#8212;&#8212;&#8212;&#8211;<br \/>Lucie Ovsen\u00e1kov\u00e1 z Milovic pe\u010duje o sv\u00e9ho nemocn\u00e9ho man\u017eela. Ten si p\u0159ed lety vyslechl nemilosrdnou diagn\u00f3zu. Amyotrofick\u00e1 later\u00e1rn\u00ed skler\u00f3za, neboli zkr\u00e1cen\u011b ALS.<br \/><br \/>Lucie Ovsen\u00e1kov\u00e1, pe\u010duj\u00edc\u00ed osoba<br \/>&#8212;&#8212;&#8212;&#8212;&#8212;&#8212;&#8211;<br \/>Za\u010dalo to pom\u011brn\u011b nen\u00e1padn\u011b, \u017ee vlastn\u011b se mu h\u016f\u0159 ovl\u00e1dala my\u0161 u po\u010d\u00edta\u010de. Tak\u017ee potom \u0161el k l\u00e9ka\u0159i, \u0161el na n\u011bjak\u00e1 vy\u0161et\u0159en\u00ed a pom\u011brn\u011b brzo mu tu diagn\u00f3zu dali. Tak\u017ee osm let u\u017e v\u00ed, co se d\u011bje, a z toho je p\u011bt let na plicn\u00edm ventil\u00e1toru.<br \/><br \/>redaktorka<br \/>&#8212;&#8212;&#8212;&#8212;&#8212;&#8212;&#8211;<br \/>Velmi podobn\u011b je na tom i Vladim\u00edr Mikul\u00e1\u0161 z Prahy, o kter\u00e9ho se star\u00e1 jeho \u017eena Denisa. Na um\u011bl\u00e9 plicn\u00ed ventilaci je u\u017e \u010dty\u0159i roky.<br \/><br \/>Denisa Mikul\u00e1\u0161ov\u00e1, pe\u010duj\u00edc\u00ed osoba<br \/>&#8212;&#8212;&#8212;&#8212;&#8212;&#8212;&#8211;<br \/>Neh\u00fdbe se, nemluv\u00ed, s\u00e1m nej\u00ed, ned\u00fdch\u00e1, vlastn\u011b je odk\u00e1zan\u00fd na p\u0159\u00edstroje a p\u00e9\u010di neust\u00e1lou. 24\/7.<br \/><br \/>redaktorka<br \/>&#8212;&#8212;&#8212;&#8212;&#8212;&#8212;&#8211;<br \/>ALS je neurologick\u00e9 onemocn\u011bn\u00ed, kter\u00e9 sou\u010dasn\u00e1 medic\u00edna neum\u00ed l\u00e9\u010dit.<br \/><br \/>Dominik \u0160krabal, l\u00e9ka\u0159, neurologick\u00e1 klinika, 1. l\u00e9ka\u0159sk\u00e1 fakulta UK a VFN<br \/>&#8212;&#8212;&#8212;&#8212;&#8212;&#8212;&#8211;<br \/>Jak postupuje nemoc, tak postupn\u011b pacient ztr\u00e1c\u00ed kontrolu nad sv\u00fdm pohybem, a\u017e se nakonec st\u00e1v\u00e1 zcela nesob\u011bsta\u010dn\u00fd a p\u0159ipoutan\u00fd na l\u016f\u017eko.<br \/><br \/>Lucie Ovsen\u00e1kov\u00e1, pe\u010duj\u00edc\u00ed osoba<br \/>&#8212;&#8212;&#8212;&#8212;&#8212;&#8212;&#8211;<br \/>M\u016f\u017eu ti d\u00e1t j\u00eddlo? Jo?<br \/><br \/>redaktorka<br \/>&#8212;&#8212;&#8212;&#8212;&#8212;&#8212;&#8211;<br \/>V pokro\u010dil\u00e9m stadiu nemoci nen\u00ed pacient schopen ani s\u00e1m d\u00fdchat. D\u011bl\u00e1 to za n\u011bj um\u011bl\u00e1 plicn\u00ed ventilace. Od t\u00e9 chv\u00edle pot\u0159ebuje neust\u00e1l\u00fd dohled.<br \/>Jak vlastn\u011b komunikujete?<br \/><br \/>pacient p\u0159es PC<br \/>&#8212;&#8212;&#8212;&#8212;&#8212;&#8212;&#8211;<br \/>Po\u010d\u00edta\u010d sn\u00edm\u00e1 pohyb o\u010d\u00ed a t\u00edm m\u016f\u017eu ps\u00e1t.<br \/><br \/>redaktorka<br \/>&#8212;&#8212;&#8212;&#8212;&#8212;&#8212;&#8211;<br \/>24hodinovou p\u00e9\u010di ale nem\u016f\u017ee zvl\u00e1dat jeden \u010dlov\u011bk. Jakou maj\u00ed tyto rodiny podporu od st\u00e1tu?<br \/><br \/>Lucie Ovsen\u00e1kov\u00e1, pe\u010duj\u00edc\u00ed osoba<br \/>&#8212;&#8212;&#8212;&#8212;&#8212;&#8212;&#8211;<br \/>Probl\u00e9m byl v tom, \u017ee jsem najednou nev\u011bd\u011bla, na koho se m\u00e1m obr\u00e1tit, respektive kdo mi m\u016f\u017ee pomoct, a zji\u0161\u0165ovala jsem to a\u017e za pochodu, \u017ee vlastn\u011b ta dom\u00e1c\u00ed zdravotn\u00ed p\u00e9\u010de je n\u011bjak\u00fdm zp\u016fsobem omezen\u00e1, co\u017e m\u011b velmi p\u0159ekvapilo, \u017ee je to omezen\u00fd takhle hodn\u011b.<br \/><br \/> redaktorka<br \/>&#8212;&#8212;&#8212;&#8212;&#8212;&#8212;&#8211;<br \/>B\u011b\u017en\u00e1 pe\u010dovatelsk\u00e1 slu\u017eba, kter\u00e1 chod\u00ed pom\u00e1hat do dom\u00e1cnost\u00ed s nemocn\u00fdmi, nem\u016f\u017ee prov\u00e1d\u011bt zdravotn\u00ed \u00fakony spojen\u00e9 s plicn\u00ed ventilac\u00ed. Proto do t\u011bchto rodin nechod\u00ed a jedinou mo\u017enost\u00ed v\u00fdpomoci jsou zdravotn\u00ed sestry. A vy se o n\u011bj starat m\u016f\u017eete, i kdy\u017e nejste zdravotn\u00ed sestra?<br \/><br \/>Denisa Mikul\u00e1\u0161ov\u00e1, pe\u010duj\u00edc\u00ed osoba<br \/>&#8212;&#8212;&#8212;&#8212;&#8212;&#8212;&#8211;<br \/>No, v tom je ten paradox. J\u00e1 to d\u011blat vlastn\u011b m\u016f\u017eu a je\u0161t\u011b mi vlastn\u011b \u0159\u00edkaj\u00ed: no, ale kdo by to jin\u00fd um\u011bl l\u00edp, \u017ee jo, ne\u017e vy? Tak jako nau\u010dila jsem se to, i kdy\u017e nesn\u00e1\u0161\u00edm krev, omdlela jsem p\u0159i zau\u010den\u00ed v nemocnici. Zahraju si na sest\u0159i\u010dku.<br \/><br \/> redaktorka<br \/>&#8212;&#8212;&#8212;&#8212;&#8212;&#8212;&#8211;<br \/>T\u011bmto pacient\u016fm hrad\u00ed t\u0159i hodiny zdravotn\u00ed p\u00e9\u010de denn\u011b, to znamen\u00e1, \u017ee tzv. agentury dom\u00e1c\u00ed p\u00e9\u010de by m\u011bly do rodin na tuto dobu pos\u00edlat zdravotn\u00ed sestry. Jen\u017ee praxe b\u00fdv\u00e1 \u010dasto jin\u00e1.<br \/><br \/>Lucie Ovsen\u00e1kov\u00e1, pe\u010duj\u00edc\u00ed osoba<br \/>&#8212;&#8212;&#8212;&#8212;&#8212;&#8212;&#8211;<br \/>Norm\u00e1ln\u011b n\u00e1m sem chodila zdravotn\u00ed sestra, ale chodila n\u00e1m sem na za\u010d\u00e1tku na dv\u011b hodiny denn\u011b. A kdy\u017e si p\u0159edstav\u00edte, \u017ee se mus\u00edm starat kompletn\u011b o celou rodinu, o t\u0159i d\u011bti, zaji\u0161\u0165ovat \u00fa\u0159ady, n\u00e1kupy, l\u00e9ka\u0159e, v\u0161echno a m\u00e1m b\u00fdt 22 hodin doma, tak to prost\u011b nejde.<br \/><br \/>redaktorka<br \/>&#8212;&#8212;&#8212;&#8212;&#8212;&#8212;&#8211;<br \/>Pro\u010d maj\u00ed pacienti, kte\u0159\u00ed jsou napojeni na um\u011blou plicn\u00ed ventilaci a jsou v dom\u00e1c\u00ed p\u00e9\u010di, n\u00e1rok vlastn\u011b jenom na t\u0159i hodiny zdravotn\u00ed p\u00e9\u010de hrazen\u00e9 poji\u0161\u0165ovnou? Oproti tomu, kdyby byli v nemocnici&#8230;<br \/><br \/>V\u00e1clav Pl\u00e1ten\u00edk, n\u00e1m\u011bstek ministra zdravotnictv\u00ed<br \/>&#8212;&#8212;&#8212;&#8212;&#8212;&#8212;&#8211;<br \/>Ty rodiny, kter\u00e9 si dom\u016f vezmou sv\u00e9ho bl\u00edzk\u00e9ho pacienta s dom\u00e1c\u00ed um\u011blou plicn\u00ed ventilac\u00ed, se vlastn\u011b zavazujou k tomu, \u017ee se o n\u011bj budou starat 24 hodin, sedm dn\u00ed v t\u00fddnu. A obrovsk\u00fdm zp\u016fsobem tak \u0161et\u0159\u00ed prost\u0159edky st\u00e1tn\u00edmu rozpo\u010dtu, ve\u0159ejn\u00e9mu zdravotn\u00edmu poji\u0161t\u011bn\u00ed.<br \/><br \/> redaktorka<br \/>&#8212;&#8212;&#8212;&#8212;&#8212;&#8212;&#8211;<br \/>I ministerstvo tedy potvrzuje, \u017ee ti, kdo jsou na tom nejh\u016f\u0159, \u0161et\u0159\u00ed pen\u00edze zdravotn\u00edmu syst\u00e9mu.<br \/><br \/>Lucie Ovsen\u00e1kov\u00e1, pe\u010duj\u00edc\u00ed osoba<br \/>&#8212;&#8212;&#8212;&#8212;&#8212;&#8212;&#8211;<br \/>Jestli\u017ee v situaci, kdy v\u011bt\u0161ina t\u011bchto lid\u00ed z\u016fst\u00e1v\u00e1 v nemocnici a tam zdravotn\u00ed poji\u0161\u0165ovna bez probl\u00e9m\u016f hrad\u00ed zhruba 200, 300 000 m\u011bs\u00ed\u010dn\u011b tomu za\u0159\u00edzen\u00ed, tak nevid\u00edm d\u016fvod, pro\u010d by zdravotn\u00ed poji\u0161\u0165ovna m\u011bla omezovat dom\u00e1c\u00ed p\u00e9\u010di o \u00fapln\u011b stejn\u00e9ho \u010dlov\u011bka, kter\u00fd je stabilizovan\u00fd a pot\u0159ebuje \u00fapln\u011b stejn\u00fd objem p\u00e9\u010de v t\u00e9 nemocnici jako doma.<br \/><br \/>V\u00e1clav Pl\u00e1ten\u00edk, n\u00e1m\u011bstek ministra zdravotnictv\u00ed<br \/>&#8212;&#8212;&#8212;&#8212;&#8212;&#8212;&#8211;<br \/>Ministerstvo zdravotnictv\u00ed p\u0159i\u0161lo s novinkou, aby ta dotace byla zdvojn\u00e1sobn\u011bna a ka\u017ed\u00e1 rodina m\u011bla \u0161est hodin denn\u011b 365 dn\u00ed v roce n\u00e1rok.<br \/><br \/>redaktorka<br \/>&#8212;&#8212;&#8212;&#8212;&#8212;&#8212;&#8211;<br \/>Pe\u010duj\u00edc\u00ed rodiny u\u017e dnes ale \u010dasto nar\u00e1\u017eej\u00ed na to, \u017ee agentury dom\u00e1c\u00ed p\u00e9\u010de nemaj\u00ed dostatek zdravotn\u00edch sester ani na pokryt\u00ed st\u00e1vaj\u00edc\u00ed t\u0159\u00edhodinov\u00e9 v\u00fdpomoci.<br \/><br \/>Eva Bezuchov\u00e1, \u0159editelka, Alsa, z.s.<br \/>&#8212;&#8212;&#8212;&#8212;&#8212;&#8212;&#8211;<br \/>Pacient m\u00e1 n\u00e1rok vlastn\u011b na t\u0159i hodiny zdravotn\u00ed p\u00e9\u010de denn\u011b, ale v\u011bt\u0161inou ty kapacity t\u011bch slu\u017eeb nejsou tak dostate\u010dn\u00fd, tak\u017ee ty rodiny vyu\u017e\u00edvaj\u00ed mnohem men\u0161\u00ed \u010dasovou dotaci t\u00e9 slu\u017eby.<br \/><br \/>redaktorka<br \/>&#8212;&#8212;&#8212;&#8212;&#8212;&#8212;&#8211;<br \/>P\u0159itom pacient\u016f s um\u011blou plicn\u00ed ventilac\u00ed v dom\u00e1c\u00ed p\u00e9\u010di nejsou v \u010cesku statis\u00edce.<br \/><br \/>Ladislav Du\u0161ek, \u0159editel \u00dastavu zdravotnick\u00fdch informac\u00ed a statistiky<br \/>&#8212;&#8212;&#8212;&#8212;&#8212;&#8212;&#8211;<br \/>V tuto chv\u00edli mluv\u00edme, samoz\u0159ejm\u011b to nen\u00ed k dne\u0161n\u00edmu datu, ale, \u0159ekn\u011bme, ke konci minul\u00e9ho roku, 516 pacient\u016f nad cel\u00fdm syst\u00e9mem, kte\u0159\u00ed maj\u00ed v ned\u00e1vn\u00e9 dob\u011b zku\u0161enost s dom\u00e1c\u00ed um\u011blou plicn\u00ed ventilac\u00ed. A ty po\u010dty nar\u016fstaj\u00ed v \u010dase.<br \/><br \/>Denisa Mikul\u00e1\u0161ov\u00e1, pe\u010duj\u00edc\u00ed osoba<br \/>&#8212;&#8212;&#8212;&#8212;&#8212;&#8212;&#8211;<br \/>Kdy\u017e jsem m\u011bla ten z\u00e1pal plic, prost\u011b nebyla jsem se schopn\u00e1 zvednout a v tu dobu i sestry byly hodn\u011b nemocn\u00fd, \u017ee nechodily, tak\u017ee j\u00e1 jsem vlastn\u011b se nemohla ani zvednout a stejn\u011b jsem musela dvacetkr\u00e1t za den prost\u011b zvedat man\u017eela, v noci ho polohovat.<br \/><br \/>Lucie Ovsen\u00e1kov\u00e1, pe\u010duj\u00edc\u00ed osoba<br \/>&#8212;&#8212;&#8212;&#8212;&#8212;&#8212;&#8211;<br \/>Neodejdete si ani na n\u00e1kup, nedojdu pro d\u00edt\u011b do \u0161koly, neodvezu do \u0161kolky, kter\u00e1 je odsud p\u011bt minut, a to je obrovsk\u00e1 zm\u011bna, se kterou se tady v tomhle st\u00e1t\u011b nepo\u010d\u00edt\u00e1.<br \/><br \/>Ladislav Du\u0161ek, \u0159editel \u00dastavu zdravotnick\u00fdch informac\u00ed a statistiky<br \/>&#8212;&#8212;&#8212;&#8212;&#8212;&#8212;&#8211;<br \/>Do budoucnosti mus\u00edme ten segment dom\u00e1c\u00ed p\u00e9\u010de naprosto z\u00e1sadn\u011b pos\u00edlit. U\u017e dnes je 25 % sester v d\u016fchodov\u00e9m v\u011bku, tak\u017ee u\u017e dnes hroz\u00ed vlastn\u011b odchod kapacit. Pos\u00edlen\u00ed v\u00fdchovy t\u011bchto odborn\u00edk\u016f je jednou z nejv\u011bt\u0161\u00edch v\u00fdzev, kter\u00e1 te\u010f stoj\u00ed p\u0159ed \u010desk\u00fdm zdravotnictv\u00edm.<br \/><br \/>Dominik \u0160krabal, l\u00e9ka\u0159, neurologick\u00e1 klinika, 1. l\u00e9ka\u0159sk\u00e1 fakulta UK a VFN<br \/>&#8212;&#8212;&#8212;&#8212;&#8212;&#8212;&#8211;<br \/>Pacienti s ALS, kte\u0159\u00ed maj\u00ed v dom\u00e1c\u00edm prost\u0159ed\u00ed zaji\u0161t\u011bnou um\u011blou plicn\u00ed ventilaci, se v\u00edcem\u00e9n\u011b neli\u0161\u00ed od t\u011bch pacient\u016f, kte\u0159\u00ed jsou v nemocnic\u00edch na jednotk\u00e1ch intenzivn\u00ed p\u00e9\u010de, t\u00edm si m\u016f\u017eete jednodu\u0161e p\u0159edstavit, jak je n\u00e1ro\u010dn\u00e9 se o tohoto pacienta starat nejenom v nemocnici, ale i v dom\u00e1c\u00edm prost\u0159ed\u00ed a kolik \u010dasu, energie a tak\u00e9 i pen\u011bz to tu rodinu stoj\u00ed.<br \/><br \/>redaktorka<br \/>&#8212;&#8212;&#8212;&#8212;&#8212;&#8212;&#8211;<br \/>Jak k tomu vlastn\u011b do\u0161lo v\u016fbec, \u017ee byli ti lid\u00e9 pom\u011brn\u011b dlouhou dobu nech\u00e1ni \u00fapln\u011b napospas, \u017ee se to \u0159e\u0161\u00ed a\u017e te\u010f? Pro\u010d a\u017e te\u010f?<br \/><br \/>V\u00e1clav Pl\u00e1ten\u00edk, n\u00e1m\u011bstek ministra zdravotnictv\u00ed<br \/>&#8212;&#8212;&#8212;&#8212;&#8212;&#8212;&#8211;<br \/>V \u010cesk\u00e9 republice dlouhodob\u011b nem\u00e1me dobr\u00fd syst\u00e9m p\u00e9\u010de o pe\u010duj\u00edc\u00ed. Je tady velik\u00e1 masa osob, kter\u00e9 pe\u010duj\u00ed o bl\u00edzk\u00e9, z na\u0161\u00ed pr\u00e1ce v\u00edme, \u017ee stoj\u00ed hlavn\u011b o pen\u00edze, slu\u017eby a odpo\u010dinek.<br \/><br \/>redaktorka<br \/>&#8212;&#8212;&#8212;&#8212;&#8212;&#8212;&#8211;<br \/>Problematiku m\u00e1 ministerstvo nastudovanou evidentn\u011b dob\u0159e. Ot\u00e1zkou z\u016fst\u00e1v\u00e1, pro\u010d se pe\u010duj\u00edc\u00edm pen\u00edze, slu\u017eby a odpo\u010dinek st\u00e1le nedost\u00e1vaj\u00ed.<br \/><br \/>I b\u011bhem na\u0161eho rozhovoru m\u00e1 Lucie Ovsen\u00e1kov\u00e1 p\u0159ed sebou tzv. ch\u016fvi\u010dku, kter\u00e1 neust\u00e1le hl\u00edd\u00e1 man\u017eel\u016fv dech. Co se m\u016f\u017ee st\u00e1t, kdyby u n\u011bj nikdo nebyl?<br \/><br \/>Lucie Ovsen\u00e1kov\u00e1, pe\u010duj\u00edc\u00ed osoba<br \/>&#8212;&#8212;&#8212;&#8212;&#8212;&#8212;&#8211;<br \/>M\u016f\u017ee se st\u00e1t to, \u017ee on vlastn\u011b nem\u016f\u017ee si odka\u0161lat, tak\u017ee kdy\u017e se mu dostanou hleny do d\u00fdchac\u00edch cest, je pot\u0159eba to ihned ods\u00e1t, jinak by se mohl v krajn\u00edm p\u0159\u00edpad\u011b udusit.<br \/><br \/>Kate\u0159ina Stibalov\u00e1, redaktorka<br \/>&#8212;&#8212;&#8212;&#8212;&#8212;&#8212;&#8211;<br \/>Jak zmi\u0148uje i samotn\u00e9 ministerstvo, pe\u010duj\u00edc\u00edm nechyb\u00ed jen dal\u0161\u00ed ruce, kter\u00e9 by jim pom\u00e1haly. V\u011bt\u0161ina rodin bojuje i s nedostatkem financ\u00ed.<br \/><br \/>Denisa Mikul\u00e1\u0161ov\u00e1, pe\u010duj\u00edc\u00ed osoba<br \/>&#8212;&#8212;&#8212;&#8212;&#8212;&#8212;&#8211;<br \/>M\u00e1me p\u0159\u00edsp\u011bvek na p\u00e9\u010di,\u00a0<strong>invalidn\u00ed<\/strong>\u00a0d\u016fchod, to jsou vlastn\u011b takov\u00fd hlavn\u00ed p\u0159\u00edjmy asi rodiny, proto\u017ee t\u00edm, \u017ee vlastn\u011b jeden dosp\u011bl\u00fd \u010dlen je nemocn\u00fd a druh\u00fd se o n\u011bj star\u00e1, tak vlastn\u011b ani jeden z nich nem\u016f\u017ee po\u0159\u00e1dn\u011b vyd\u011bl\u00e1vat, i kdy\u017e si se\u017eenu n\u011bjakou p\u00e9\u010di, tak v\u011bt\u0161inou to mus\u00edm zaplatit z t\u011bch p\u0159\u00edsp\u011bvk\u016f, tak\u017ee zase vy\u010derp\u00e1te tadyty p\u0159\u00edsp\u011bvky.<br \/><br \/>Kate\u0159ina Stibalov\u00e1, redaktorka<br \/>&#8212;&#8212;&#8212;&#8212;&#8212;&#8212;&#8211;<br \/>Ob\u011b \u017eeny se shoduj\u00ed, \u017ee prakticky cel\u00fd p\u0159\u00ed p\u0159\u00edsp\u011bvek na p\u00e9\u010di padne na v\u00fdpomoc, kterou v p\u00e9\u010di o rodinu pot\u0159ebuj\u00ed a kterou si mus\u00ed samy hradit. Ani tu ale nen\u00ed snadn\u00e9 naj\u00edt.<br \/><br \/>Eva Bezuchov\u00e1, \u0159editelka, Alsa, z.s.<br \/>&#8212;&#8212;&#8212;&#8212;&#8212;&#8212;&#8211;<br \/>Ty rodiny velmi nar\u00e1\u017eej\u00ed na samoz\u0159ejm\u011b velmi t\u011b\u017ekou finan\u010dn\u00ed situaci. A to je i to, co \u010dasto s nima \u0159e\u0161\u00edme my, proto jim pom\u00e1h\u00e1me vlastn\u011b zprost\u0159edkovat r\u016fzn\u00e9 sb\u00edrky, vlastn\u011b hledat r\u016fzn\u00e9 zdravotn\u00ed sestry, asistenty, kte\u0159\u00ed by vlastn\u011b do t\u00e9 rodiny mohli doch\u00e1zet, a v\u011bt\u0161inou se ani n\u00e1m nepoda\u0159\u00ed vlastn\u011b \u017e\u00e1dnou slu\u017ebu sehnat nebo jim n\u011bjak\u00fdm zp\u016fsobem v\u00edce pomoct.<br \/><br \/>Denisa Mikul\u00e1\u0161ov\u00e1, pe\u010duj\u00edc\u00ed osoba<br \/>&#8212;&#8212;&#8212;&#8212;&#8212;&#8212;&#8211;<br \/>Bu\u010f n\u00e1m pom\u00e1haj\u00ed kamar\u00e1di, rodina, nebo si plat\u00edme sv\u00e9 zdravotn\u00ed sestry&#8230;<br \/><br \/>Kate\u0159ina Stibalov\u00e1, redaktorka<br \/>&#8212;&#8212;&#8212;&#8212;&#8212;&#8212;&#8211;<br \/>Martin Ovsen\u00e1k d\u0159\u00edve pracoval v IT a i p\u0159es sv\u00e9 v\u00e1\u017en\u00e9\u00a0<strong>posti\u017een\u00ed<\/strong>\u00a0dok\u00e1\u017ee je\u0161t\u011b dnes o\u010dima ovl\u00e1dat po\u010d\u00edta\u010d a pracovat. Rodin\u011b tak \u010d\u00e1ste\u010dn\u011b p\u0159isp\u00edv\u00e1 do rozpo\u010dtu.<br \/><br \/>Lucie Ovsen\u00e1kov\u00e1, pe\u010duj\u00edc\u00ed osoba<br \/>&#8212;&#8212;&#8212;&#8212;&#8212;&#8212;&#8211;<br \/>V\u0161echno je prost\u011b na pomoci lid\u00ed, na tom, \u017ee n\u011bkdo je ochoten mi vz\u00edt dceru do \u0161kolky, \u017ee n\u011bkdo po\u0161le pen\u00edze.<br \/><br \/>Kate\u0159ina Stibalov\u00e1, redaktorka<br \/>&#8212;&#8212;&#8212;&#8212;&#8212;&#8212;&#8211;<br \/>A je\u0161t\u011b jednou se tedy zept\u00e1m, pro\u010d to p\u0159ich\u00e1z\u00ed a\u017e te\u010f. Ty rodiny u\u017e pe\u010duj\u00ed dlouhodob\u011b o pacienta s plicn\u00ed ventilac\u00ed a jsou v tom tak tro\u0161ku hozeni napospas. S\u00e1m jste \u0159ekl, \u017ee st\u00e1tu \u0161et\u0159\u00ed nemal\u00e9 pen\u00edze. Tak\u017ee pro\u010d ty zm\u011bny p\u0159ich\u00e1zej\u00ed takhle pomalu?<br \/><br \/>V\u00e1clav Pl\u00e1ten\u00edk, n\u00e1m\u011bstek ministra zdravotnictv\u00ed<br \/>&#8212;&#8212;&#8212;&#8212;&#8212;&#8212;&#8211;<br \/>Ten projekt dom\u00e1c\u00ed um\u011bl\u00e9 plicn\u00ed ventilace byl v \u010cech\u00e1ch spu\u0161t\u011bn asi v roce 2019 pilotn\u00edm projektem. A od t\u00e9 doby vlastn\u011b ministerstv\u016fm nest\u00e1lo za to, tuhle c\u00edlovou skupinu jak\u00fdmkoliv zp\u016fsobem \u0159e\u0161it, a\u017e tato vl\u00e1da p\u0159i\u0161la s n\u011bkter\u00fdmi zm\u011bnami. A p\u0159i\u0161li jsme pr\u00e1v\u011b s t\u00edm, co m\u016f\u017eeme okam\u017eit\u011b d\u011blat. Tak\u017ee nav\u00fd\u0161en\u00ed po\u010dtu hodin, oddechov\u00e1 slu\u017eba jednou za rok 14 dn\u00ed na l\u016f\u017ekov\u00e9m zdravotnick\u00e9m za\u0159\u00edzen\u00ed a zv\u00fd\u0161en\u00ed p\u0159\u00edsp\u011bvku na p\u00e9\u010di, co\u017e ud\u011blalo\u00a0<strong>MPSV<\/strong>.<br \/><br \/>Lucie Ovsen\u00e1kov\u00e1, pe\u010duj\u00edc\u00ed osoba<br \/>&#8212;&#8212;&#8212;&#8212;&#8212;&#8212;&#8211;<br \/>Bohu\u017eel u n\u00e1s je to nastaven\u00fd tak, \u017ee v\u0161echny pen\u00edze jdou n\u011bjak\u00fdm organizac\u00edm. Pen\u00edze jdou nemocnic\u00edm, bez probl\u00e9m\u016f. Soci\u00e1ln\u00edm slu\u017eb\u00e1m. Existuje spousta neziskovek, kter\u00fd se v\u011bnujou pe\u010duj\u00edc\u00edm i nemocn\u00fdm. A ty neziskovky d\u011blaj\u00ed t\u0159eba to, \u017ee vydaj\u00ed bro\u017eurku pro nemocn\u00fd rakovinou. Tyhle v\u0161echny v uvozovk\u00e1ch nadstandardn\u00ed slu\u017eby fungujou a jsou placen\u00fd st\u00e1tem. Ale lidi jako my, kter\u00fd prost\u011b maj\u00ed v\u00e1\u017en\u011b nemocn\u00fdho \u010dlena rodiny a kte\u0159\u00ed pot\u0159ebujou zajistit ten ka\u017edodenn\u00ed \u017eivot, ka\u017edodenn\u00ed p\u00e9\u010di o d\u011bti, nakoupit si z\u00e1kladn\u00ed v\u011bci, tak nejsou zaji\u0161t\u011bn\u00fd.<br \/><br \/>V\u00e1clav Pl\u00e1ten\u00edk, n\u00e1m\u011bstek ministra zdravotnictv\u00ed<br \/>&#8212;&#8212;&#8212;&#8212;&#8212;&#8212;&#8211;<br \/>My vn\u00edm\u00e1me, \u017ee v \u010cesk\u00e9 republice chyb\u00ed sp\u00ed\u0161 n\u011bjak\u00e1 celkov\u00e1 politika podpory neform\u00e1ln\u011b pe\u010duj\u00edc\u00edch, ale i na tom se spole\u010dn\u011b s\u00a0<strong>MPSV<\/strong>\u00a0pracuje a u\u017e v aktu\u00e1ln\u00edch novel\u00e1ch z\u00e1kona o soci\u00e1ln\u00edch slu\u017eb\u00e1ch je na to my\u0161leno a ta situace pe\u010duj\u00edc\u00edch se zlep\u0161\u00ed.<br \/><br \/> redaktorka<br \/>&#8212;&#8212;&#8212;&#8212;&#8212;&#8212;&#8211;<br \/>Kdy to bude?<br \/><br \/>V\u00e1clav Pl\u00e1ten\u00edk, n\u00e1m\u011bstek ministra zdravotnictv\u00ed<br \/>&#8212;&#8212;&#8212;&#8212;&#8212;&#8212;&#8211;<br \/>No, novela z\u00e1kona o soci\u00e1ln\u00edch slu\u017eb\u00e1ch je aktu\u00e1ln\u011b v legislativn\u00edm procesu, tak\u017ee podle m\u011b nejpozd\u011bji od 1. 1. 25.<br \/><br \/> redaktorka<br \/>&#8212;&#8212;&#8212;&#8212;&#8212;&#8212;&#8211;<br \/>Pe\u010duj\u00edc\u00edm rodin\u00e1m nezb\u00fdv\u00e1, ne\u017e v\u011b\u0159it, \u017ee se jejich situace skute\u010dn\u011b brzy zlep\u0161\u00ed. Mnoho sil na dohady se z\u00e1konod\u00e1rci jim toti\u017e nezb\u00fdv\u00e1. Svoji energii mus\u00ed v\u011bnovat hlavn\u011b p\u00e9\u010di o sv\u00e9 bl\u00edzk\u00e9. Kdy\u017e se tady bav\u00edme o t\u00e9 p\u00e9\u010di, tak kdo o v\u00e1s nejl\u00edp pe\u010duje?<br \/><br \/>pacient p\u0159es PC<br \/>&#8212;&#8212;&#8212;&#8212;&#8212;&#8212;&#8211;<br \/>Jednozna\u010dn\u011b nejlep\u0161\u00ed je Deniska, ale ta z\u00e1t\u011b\u017e na ni je obrovsk\u00e1.<br \/><br \/>pacient p\u0159es PC<br \/>&#8212;&#8212;&#8212;&#8212;&#8212;&#8212;&#8211;<br \/>Moc d\u016fle\u017eit\u00e9 je m\u00edt okolo zn\u00e1m\u00e9 tv\u00e1\u0159e. To samoz\u0159ejm\u011b mysl\u00edm rodinu.<br \/><br \/>moder\u00e1torka<br \/>&#8212;&#8212;&#8212;&#8212;&#8212;&#8212;&#8211;<br \/>Smutn\u011b se dneska lou\u010d\u00edme, ale i to k \u010cern\u00fdm ovc\u00edm n\u011bkdy pat\u0159\u00ed. P\u0159ejeme pokud mo\u017eno klidn\u00fd ve\u010der a tady na obrazovce \u010cesk\u00e9 televize<a href=\"https:\/\/monitoring.anopress.cz\/files\/dnload\/final\/medical_00322_44910728.htm#obsah\"><br \/><\/a><\/p>\n","protected":false},"excerpt":{"rendered":"<div class=\"mh-excerpt\"><p>\u010cT 1\u00a0&#8211; \u010cern\u00e9 ovce Pe\u010dovat doma o t\u011b\u017ece nemocn\u00e9ho je n\u00e1ro\u010dn\u00e9. V p\u0159\u00edpad\u011b, \u017ee mus\u00ed b\u00fdt dokonce trvale napojen\u00fd na um\u011blou plicn\u00ed ventilaci, jde o <a class=\"mh-excerpt-more\" href=\"https:\/\/www.invarena.cz\/?p=52446\" title=\"Rodiny s pacientem na dom\u00e1c\u00ed p\u00e9\u010di finan\u010dn\u011b str\u00e1daj\u00ed\u00a0\u00a0\">[&#8230;]<\/a><\/p>\n<\/div>","protected":false},"author":1,"featured_media":14574,"comment_status":"open","ping_status":"closed","sticky":false,"template":"","format":"standard","meta":{"footnotes":""},"categories":[9],"tags":[],"class_list":["post-52446","post","type-post","status-publish","format-standard","has-post-thumbnail","hentry","category-zpravy"],"_links":{"self":[{"href":"https:\/\/www.invarena.cz\/index.php?rest_route=\/wp\/v2\/posts\/52446","targetHints":{"allow":["GET"]}}],"collection":[{"href":"https:\/\/www.invarena.cz\/index.php?rest_route=\/wp\/v2\/posts"}],"about":[{"href":"https:\/\/www.invarena.cz\/index.php?rest_route=\/wp\/v2\/types\/post"}],"author":[{"embeddable":true,"href":"https:\/\/www.invarena.cz\/index.php?rest_route=\/wp\/v2\/users\/1"}],"replies":[{"embeddable":true,"href":"https:\/\/www.invarena.cz\/index.php?rest_route=%2Fwp%2Fv2%2Fcomments&post=52446"}],"version-history":[{"count":0,"href":"https:\/\/www.invarena.cz\/index.php?rest_route=\/wp\/v2\/posts\/52446\/revisions"}],"wp:featuredmedia":[{"embeddable":true,"href":"https:\/\/www.invarena.cz\/index.php?rest_route=\/wp\/v2\/media\/14574"}],"wp:attachment":[{"href":"https:\/\/www.invarena.cz\/index.php?rest_route=%2Fwp%2Fv2%2Fmedia&parent=52446"}],"wp:term":[{"taxonomy":"category","embeddable":true,"href":"https:\/\/www.invarena.cz\/index.php?rest_route=%2Fwp%2Fv2%2Fcategories&post=52446"},{"taxonomy":"post_tag","embeddable":true,"href":"https:\/\/www.invarena.cz\/index.php?rest_route=%2Fwp%2Fv2%2Ftags&post=52446"}],"curies":[{"name":"wp","href":"https:\/\/api.w.org\/{rel}","templated":true}]}}