{"id":52495,"date":"2024-10-16T22:45:36","date_gmt":"2024-10-16T20:45:36","guid":{"rendered":"https:\/\/www.invarena.cz\/?p=52495"},"modified":"2024-10-16T22:45:37","modified_gmt":"2024-10-16T20:45:37","slug":"koncert-ke-svetovemu-dni-zraku-s-lions-clubem-plzen-bohemia","status":"publish","type":"post","link":"https:\/\/www.invarena.cz\/?p=52495","title":{"rendered":"Koncert ke Sv\u011btov\u00e9mu dni zraku s Lions Clubem Plze\u0148 Bohemia"},"content":{"rendered":"\n<p>V Katedr\u00e1le sv. Bartolom\u011bje v Plzni se uskute\u010dnil Koncert Vivat Vivaldi ke Sv\u011btov\u00e9mu dni zraku, kter\u00fd ve spolupr\u00e1ci s Plze\u0148skou filharmoni\u00ed uspo\u0159\u00e1dal Lions Club Plze\u0148 Bohemia.<\/p>\n\n\n\n<p>V r\u00e1mci t\u00e9to hudebn\u00ed ud\u00e1losti mimo\u0159\u00e1dn\u00e9 koncertn\u00ed \u0159ady konan\u00e9 dne 11. \u0159\u00edjna zazn\u011bly skladby italsk\u00e9ho barokn\u00edho hudebn\u00edho skladatele a houslov\u00e9ho virtuosa Antonia Vivaldiho. N\u00e1v\u0161t\u011bvn\u00edci zcela zapln\u011bn\u00e9ho monument\u00e1ln\u00edho prostoru gotick\u00e9ho chr\u00e1mu, v \u00favodu vyslechli v\u00fdb\u011br ze \u010cty\u0159 koncert\u016f pro housle a smy\u010dcov\u00fd orchestr, op. 8 z autorova nejzn\u00e1m\u011bj\u0161\u00edho d\u00edla \u010ctvero ro\u010dn\u00edch dob. \u00da\u010dinkovaly absolventky pra\u017esk\u00e9 konzervato\u0159e Jana Deyla, sopranistka Petra Musilov\u00e1, hudebn\u00ed proveden\u00ed na fl\u00e9tnu zazn\u011blo v pod\u00e1n\u00ed Evy Bla\u017ekov\u00e9. Plze\u0148sk\u00e9 renomovan\u00e9 hudebn\u00ed t\u011bleso dirigoval Chuhei Iwasaki. Pr\u016fb\u011bh slavnostn\u00edho ve\u010dera moderovala Irena Pulicarov\u00e1.<\/p>\n\n\n\n<p>Lions Club Plze\u0148 Bohemia p\u016fsob\u00ed v Plzni od roku 1996 jako sou\u010d\u00e1st sv\u011btov\u00e9 humanit\u00e1rn\u00ed organizace LC International, jej\u00edm\u017e posl\u00e1n\u00edm je pomoc v\u0161em handicapovan\u00fdm a pot\u0159ebn\u00fdm. Zam\u011b\u0159uje se zejm\u00e9na na pomoc zrakov\u011b posti\u017een\u00fdm a prost\u0159edky k tomu z\u00edsk\u00e1v\u00e1 po\u0159\u00e1d\u00e1n\u00edm dobro\u010dinn\u00fdch spole\u010densk\u00fdch a kulturn\u00edch akc\u00ed. Jednou z nich byl ji\u017e 18. koncert konan\u00fd ke Sv\u011btov\u00e9mu dni zraku (ka\u017edoro\u010dn\u011b p\u0159ipad\u00e1 na druh\u00fd \u0159\u00edjnov\u00fd \u010dtvrtek), ji\u017e tradi\u010dn\u011b ve spolupr\u00e1ci s Plze\u0148skou filharmoni\u00ed. Dlouhodob\u011b podporuje Z\u0160 a M\u0160 pro zrakov\u011b posti\u017een\u00e9 a vady \u0159e\u010di v Plzni. V r\u00e1mci koncertu ka\u017edoro\u010dn\u011b p\u0159ed\u00e1v\u00e1 ocen\u011bn\u00ed a finan\u010dn\u00ed dar osobnostem se zrakov\u00fdm handicapem \u010di kombinovan\u00fdm posti\u017een\u00edm mlad\u00fdm \u00fasp\u011b\u0161n\u00fdm student\u016fm, sportovc\u016fm \u010di um\u011blc\u016fm. Letos z\u00edskal ocen\u011bn\u00ed Mgr. Jarom\u00edr Tich\u00fd, Ph.D., kter\u00e9 p\u0159evzal z rukou prezidentky Lions Clubu Plze\u0148 Bohemia Mgr. V\u011bry Krb\u016f\u0161kov\u00e9. Ocen\u011bn byl za p\u0159\u00edkladnou p\u00edli, vytrvalost a ochotu pom\u00e1hat druh\u00fdm.<\/p>\n\n\n\n<p>Jarom\u00edr Tich\u00fd se narodil s v\u00e1\u017en\u00fdm zrakov\u00fdm posti\u017een\u00edm. Z\u00e1kladn\u00ed \u0161koln\u00ed doch\u00e1zku absolvoval v Z\u0160 a M\u0160 pro zrakov\u011b posti\u017een\u00e9 a vady \u0159e\u010di v Plzni, pot\u00e9 absolvoval C\u00edrkevn\u00ed gymn\u00e1zium v Plzni a n\u00e1sledn\u011b vystudoval na Pedagogick\u00e9 fakult\u011b Z\u00e1pado\u010desk\u00e9 univerzity v Plzni magistersk\u00fd obor Soci\u00e1ln\u00ed pr\u00e1ce a soci\u00e1ln\u00ed politika. V roce 2018 po p\u0159edchoz\u00edch zna\u010dn\u00fdch zdravotn\u00edch pot\u00ed\u017e\u00edch, zah\u00e1jil doktorsk\u00e9 studium, kter\u00e9 zavr\u0161il v z\u00e1v\u011bru roku 2023 obhajobou diserta\u010dn\u00ed pr\u00e1ce. Ji\u017e v pr\u016fb\u011bhu doktorsk\u00e9ho studia p\u0159edn\u00e1\u0161el na odborn\u00fdch konferenc\u00edch a ve sv\u00e9m v\u00fdzkumu se v\u011bnoval kurzu pohybu s ode\u010d\u00edta\u010dem na internetu pro nevidom\u00e9. Jarom\u00edr Tich\u00fd pracuje na pozici instruktora PC v neziskov\u00e9 organizaci TyfloCentrum v Plzni. U\u010d\u00ed nevidom\u00e9 a slabozrak\u00e9 klienty pracovat s po\u010d\u00edta\u010dem, vyhled\u00e1vat informace na internetu a tak\u00e9 vytv\u00e1\u0159et webov\u00e9 str\u00e1nky. Krom\u011b toho pom\u00e1h\u00e1 s opravami ozvu\u010den\u00fdch po\u010d\u00edta\u010d\u016f \u010di mobiln\u00edch telefon\u016f a koordinuje po\u0159izov\u00e1n\u00ed nov\u00fdch pom\u016fcek. Se sv\u00fdmi kolegy podporuje a propaguje p\u0159\u00edstupnost webov\u00fdch str\u00e1nek pro lidi se zdravotn\u00edm posti\u017een\u00edm. Neust\u00e1le se vzd\u011bl\u00e1v\u00e1 a pokra\u010duje ve sv\u00e9 aktivn\u00ed snaze zlep\u0161ovat dostupnost kvalitn\u00edch ICT kurz\u016f pro lidi se zrakov\u00fdm handicapem.<\/p>\n\n\n\n<p>Eva Hubatov\u00e1<\/p>\n\n\n\n<p>Plze\u0148sk\u00fd den\u00edk<\/p>\n\n\n\n<p><a href=\"https:\/\/plzensky.denik.cz\" target=\"_blank\" rel=\"noreferrer noopener\">https:\/\/plzensky.denik.cz<\/a><\/p>\n","protected":false},"excerpt":{"rendered":"<div class=\"mh-excerpt\"><p>V Katedr\u00e1le sv. Bartolom\u011bje v Plzni se uskute\u010dnil Koncert Vivat Vivaldi ke Sv\u011btov\u00e9mu dni zraku, kter\u00fd ve spolupr\u00e1ci s Plze\u0148skou filharmoni\u00ed uspo\u0159\u00e1dal Lions Club Plze\u0148 <a class=\"mh-excerpt-more\" href=\"https:\/\/www.invarena.cz\/?p=52495\" title=\"Koncert ke Sv\u011btov\u00e9mu dni zraku s Lions Clubem Plze\u0148 Bohemia\">[&#8230;]<\/a><\/p>\n<\/div>","protected":false},"author":1,"featured_media":19086,"comment_status":"open","ping_status":"closed","sticky":false,"template":"","format":"standard","meta":{"footnotes":""},"categories":[9],"tags":[],"class_list":["post-52495","post","type-post","status-publish","format-standard","has-post-thumbnail","hentry","category-zpravy"],"_links":{"self":[{"href":"https:\/\/www.invarena.cz\/index.php?rest_route=\/wp\/v2\/posts\/52495","targetHints":{"allow":["GET"]}}],"collection":[{"href":"https:\/\/www.invarena.cz\/index.php?rest_route=\/wp\/v2\/posts"}],"about":[{"href":"https:\/\/www.invarena.cz\/index.php?rest_route=\/wp\/v2\/types\/post"}],"author":[{"embeddable":true,"href":"https:\/\/www.invarena.cz\/index.php?rest_route=\/wp\/v2\/users\/1"}],"replies":[{"embeddable":true,"href":"https:\/\/www.invarena.cz\/index.php?rest_route=%2Fwp%2Fv2%2Fcomments&post=52495"}],"version-history":[{"count":0,"href":"https:\/\/www.invarena.cz\/index.php?rest_route=\/wp\/v2\/posts\/52495\/revisions"}],"wp:featuredmedia":[{"embeddable":true,"href":"https:\/\/www.invarena.cz\/index.php?rest_route=\/wp\/v2\/media\/19086"}],"wp:attachment":[{"href":"https:\/\/www.invarena.cz\/index.php?rest_route=%2Fwp%2Fv2%2Fmedia&parent=52495"}],"wp:term":[{"taxonomy":"category","embeddable":true,"href":"https:\/\/www.invarena.cz\/index.php?rest_route=%2Fwp%2Fv2%2Fcategories&post=52495"},{"taxonomy":"post_tag","embeddable":true,"href":"https:\/\/www.invarena.cz\/index.php?rest_route=%2Fwp%2Fv2%2Ftags&post=52495"}],"curies":[{"name":"wp","href":"https:\/\/api.w.org\/{rel}","templated":true}]}}