{"id":52498,"date":"2024-10-16T22:48:21","date_gmt":"2024-10-16T20:48:21","guid":{"rendered":"https:\/\/www.invarena.cz\/?p=52498"},"modified":"2024-10-16T22:48:22","modified_gmt":"2024-10-16T20:48:22","slug":"plavec-kratochvil-zaujal-prezidenta-a-ma-vizi-zdolat-svetak-a-vyzvat-juniory","status":"publish","type":"post","link":"https:\/\/www.invarena.cz\/?p=52498","title":{"rendered":"Plavec Kratochv\u00edl zaujal prezidenta a m\u00e1 vizi: Zdolat sv\u011b\u0165\u00e1k a vyzvat juniory"},"content":{"rendered":"\n<p>\u017de se u\u017e m\u011bs\u00edc prakticky nezastav\u00ed a m\u00edsto do \u0161koly \u010dasto jezd\u00ed na rozhovory a slavnostn\u00ed akce, u\u017e si zvykl. \u017de ho te\u010f v\u0161ichni pozn\u00e1vaj\u00ed a cht\u011bj\u00ed se s n\u00edm fotit tak\u00e9. Ale \u017ee za n\u00edm d\u0159\u00edve ne\u017e za k\u00fdmkoliv jin\u00fdm doraz\u00ed v s\u00e1le pln\u00e9m lid\u00ed prezident Petr Pavel, to se para plavci Davidu Kratochv\u00edlovi po\u0161t\u011bstilo poprv\u00e9. \u201eBylo to super, takov\u00e9 hezk\u00e9 zakon\u010den\u00ed paralympijsk\u00e9 cesty,\u201c pochvaloval si.<\/p>\n\n\n\n<p>Cel\u00fd \u010dl\u00e1nek naleznete na idnes.cz: <a href=\"https:\/\/www.idnes.cz\/oh\/paralympijske-hry\/david-kratochvil-plavani-trenink-zavody-prezident-pavel.A241016_005833_paralympiada_pls\" target=\"_blank\" rel=\"noreferrer noopener\">https:\/\/www.idnes.cz\/oh\/paralympijske-hry\/david-kratochvil-plavani-trenink-zavody-prezident-pavel.A241016_005833_paralympiada_pls<\/a><\/p>\n","protected":false},"excerpt":{"rendered":"<div class=\"mh-excerpt\"><p>\u017de se u\u017e m\u011bs\u00edc prakticky nezastav\u00ed a m\u00edsto do \u0161koly \u010dasto jezd\u00ed na rozhovory a slavnostn\u00ed akce, u\u017e si zvykl. \u017de ho te\u010f v\u0161ichni pozn\u00e1vaj\u00ed <a class=\"mh-excerpt-more\" href=\"https:\/\/www.invarena.cz\/?p=52498\" title=\"Plavec Kratochv\u00edl zaujal prezidenta a m\u00e1 vizi: Zdolat sv\u011b\u0165\u00e1k a vyzvat juniory\">[&#8230;]<\/a><\/p>\n<\/div>","protected":false},"author":1,"featured_media":21009,"comment_status":"open","ping_status":"closed","sticky":false,"template":"","format":"standard","meta":{"footnotes":""},"categories":[9],"tags":[],"class_list":["post-52498","post","type-post","status-publish","format-standard","has-post-thumbnail","hentry","category-zpravy"],"_links":{"self":[{"href":"https:\/\/www.invarena.cz\/index.php?rest_route=\/wp\/v2\/posts\/52498","targetHints":{"allow":["GET"]}}],"collection":[{"href":"https:\/\/www.invarena.cz\/index.php?rest_route=\/wp\/v2\/posts"}],"about":[{"href":"https:\/\/www.invarena.cz\/index.php?rest_route=\/wp\/v2\/types\/post"}],"author":[{"embeddable":true,"href":"https:\/\/www.invarena.cz\/index.php?rest_route=\/wp\/v2\/users\/1"}],"replies":[{"embeddable":true,"href":"https:\/\/www.invarena.cz\/index.php?rest_route=%2Fwp%2Fv2%2Fcomments&post=52498"}],"version-history":[{"count":0,"href":"https:\/\/www.invarena.cz\/index.php?rest_route=\/wp\/v2\/posts\/52498\/revisions"}],"wp:featuredmedia":[{"embeddable":true,"href":"https:\/\/www.invarena.cz\/index.php?rest_route=\/wp\/v2\/media\/21009"}],"wp:attachment":[{"href":"https:\/\/www.invarena.cz\/index.php?rest_route=%2Fwp%2Fv2%2Fmedia&parent=52498"}],"wp:term":[{"taxonomy":"category","embeddable":true,"href":"https:\/\/www.invarena.cz\/index.php?rest_route=%2Fwp%2Fv2%2Fcategories&post=52498"},{"taxonomy":"post_tag","embeddable":true,"href":"https:\/\/www.invarena.cz\/index.php?rest_route=%2Fwp%2Fv2%2Ftags&post=52498"}],"curies":[{"name":"wp","href":"https:\/\/api.w.org\/{rel}","templated":true}]}}