{"id":52642,"date":"2024-11-10T20:00:03","date_gmt":"2024-11-10T19:00:03","guid":{"rendered":"https:\/\/www.invarena.cz\/?p=52642"},"modified":"2024-11-10T20:00:04","modified_gmt":"2024-11-10T19:00:04","slug":"michalek-zjednodusili-jsme-exekuce","status":"publish","type":"post","link":"https:\/\/www.invarena.cz\/?p=52642","title":{"rendered":"Mich\u00e1lek: Zjednodu\u0161ili jsme exekuce\u00a0"},"content":{"rendered":"\n<p>Poslaneck\u00e1 sn\u011bmovna \u010cR\u00a0&#8211; P\u0159epis <\/p>\n\n\n\n<p>Ale\u0161 Juchelka, m\u00edstop\u0159edseda Poslaneck\u00e9 sn\u011bmovny, st\u00ednov\u00fd\u00a0<strong>ministr<\/strong>\u00a0<strong>pr\u00e1ce<\/strong>\u00a0a soci\u00e1ln\u00edch v\u011bc\u00ed \/ANO\/<br \/>&#8212;&#8212;&#8212;&#8212;&#8212;&#8212;&#8211;<br \/>Tady tento bod t\u0159eba na hodinku. A mysl\u00edm si, \u017ee jim spole\u010dn\u011b t\u011bm \u010dty\u0159em Pir\u00e1t\u016fm, kte\u0159\u00ed tady jsou, jako 196 koleg\u016f, m\u016f\u017eeme opravdu v t\u00e9 schizofrenii pomoci. Toto takhle dopad\u00e1, kdy\u017e se pod\u00edl\u00edte na vl\u00e1d\u011b Petra Fialy.<br \/>Tak m\u00e1me zde tento moment, dv\u011b p\u0159ihl\u00e1\u0161ky s p\u0159ednostn\u00edm pr\u00e1vem, pan\u00ed p\u0159edsedkyn\u011b Alena Schillerov\u00e1, pan p\u0159edseda Mich\u00e1lek, pros\u00edm.<br \/><br \/>Alena Schillerov\u00e1, p\u0159edsedkyn\u011b poslaneck\u00e9ho klubu, m\u00edstop\u0159edsedkyn\u011b hnut\u00ed \/ANO\/<br \/>&#8212;&#8212;&#8212;&#8212;&#8212;&#8212;&#8211;<br \/>D\u011bkuji za slovo, pane m\u00edstop\u0159edsedo, no, pane p\u0159edsedo Mich\u00e1lku, prost\u0159ednictv\u00edm pana m\u00edstop\u0159edsedy. Vy mi p\u0159ipom\u00edn\u00e1te medv\u011bda Brtn\u00edka, kter\u00fd v roce dva, 21 po volb\u00e1ch usnul ve sv\u00e9m brlohu a probudil se nyn\u00ed a ty t\u0159i roky spal v tom brlohu a nic se ho net\u00fdkalo. Kdy\u017e si jenom vezmu \u0161kolstv\u00ed, kolik jste toho tam odpracovali ve zdravotnictv\u00ed? Lobbov\u00e1n\u00ed dan\u011b z konop\u00ed, Je\u0161t\u011b jste, jste do toho konop\u00ed, konsolidace ve\u0159ejn\u00fdch financ\u00ed, zjednodu\u0161en\u00ed formul\u00e1\u0159\u016f IT, kolik jste tam, No, to IT, Hlavn\u011b, to v\u0161ichni jsme vid\u011bli, to jsme v\u0161ichni za\u017eili. Tak mi \u0159ekn\u011bte, pro\u010d jsme tam, kde jsme? Nebudu \u0159\u00edkat kde, Proto\u017ee jsem d\u00e1ma, kdy\u017e jste toho tam tolik odpracovali, kde jste byli, nebudu opakovat to, co \u0159\u00edkal m\u016fj ct\u011bn\u00fd kolega, m\u00edstop\u0159edseda Sn\u011bmovny Ale\u0161 Juchelka, kde jste byli, kde jste k\u0159i\u010deli? Kdy\u017e se tady projedn\u00e1valo, bralo ve\u0159ejn\u00e9mu zdravotn\u00edmu poji\u0161t\u011bn\u00ed 14 miliard, kde jste byli, kdy\u017e se tady bralo a o\u017eebra\u010dovalo d\u016fchodce o 1 000 K\u010d v pr\u016fm\u011bru. A vy jste bezosty\u0161n\u011b pro to zvedli ruku, kde jste byli, kdy\u017e se hlasovalo o st\u00e1tn\u00edch rozpo\u010dtech, kter\u00e9 byly cinkl\u00e9, kter\u00e9 byly pln\u00e9 \u00fa\u010detn\u00edch trik\u016f, kter\u00e9 byly fejkov\u00e9.Kde jste byli? No, zvedali jste pro to ruku, zvedali jste a j\u00e1 se v\u00e1s zept\u00e1m, pane m\u00edstop\u0159edsedo teda, pardon, promi\u0148te, pane p\u0159edsedo Mich\u00e1lku, prost\u0159ednictv\u00edm pana m\u00edstop\u0159edsedy, vy jste \u0159\u00edkali, \u017ee jste v t\u00e9 vl\u00e1d\u011b byli proto, proto\u017ee jste cht\u011bli podpo\u0159it mlad\u00e9 rodiny. No, leda tak. Ty. Proto\u017ee ka\u017ed\u00fd \u010dtvrt\u00fd pir\u00e1t, jak jsme \u010detli, ve ve\u0159ejn\u00e9m prostoru je p\u0159is\u00e1t\u00fd nebo byl na ve\u0159ejn\u00e9 rozpo\u010dty. J\u00e1 se v\u00e1s zept\u00e1m, po\u0159\u00e1d jste p\u0159edsedou dozor\u010d\u00ed rady SIFU, St\u00e1tn\u00edho fondu, St\u00e1tn\u00edho fondu St\u00e1tn\u00edho zem\u011bd\u011blsk\u00e9ho. ANO, d\u011bkuju interven\u010dn\u00edho fondu, d\u011bkuju tady sv\u00fdm ct\u011bn\u00fdm koleg\u016fm, Po\u0159\u00e1d jste p\u0159edsedou dozor\u010d\u00ed rady nebo jste u\u017e prost\u0159ednictv\u00edm pana m\u00edstop\u0159edsedy rezignoval. No, kdy\u017e tady ta vl\u00e1da je tak hrozn\u00e1. Kdy\u017e te\u010f jste proz\u0159el, probudil se po t\u011bch t\u0159ech letech, kde jste spal jako medv\u011bd Brtn\u00edk v tom Brlohu, tak pro\u010d tam je\u0161t\u011b po\u0159\u00e1d jste? Va\u0161e ct\u011bn\u00e1 m\u00edstop\u0159edsedkyn\u011b Olga Richterov\u00e1 te\u010f tady nen\u00ed, tak\u017ee nemus\u00edm \u0159\u00edkat prost\u0159ednictv\u00edm. Je\u0161t\u011b po\u0159\u00e1d je m\u00edstop\u0159edsedkyn\u00ed Sn\u011bmovny s ministersk\u00fdm platem, s autem, s \u0159idi\u010dem, s apar\u00e1tem. Po\u0159\u00e1d tam, jak je to mo\u017en\u00e9, vy takov\u00ed prolet\u00e1\u0159i, tak j\u00e1 o\u010dek\u00e1v\u00e1m rezignaci v co nejkrat\u0161\u00ed dob\u011b. D\u011bkuju.<br \/><br \/>Jan Barto\u0161ek, m\u00edstop\u0159edseda sn\u011bmovny \/KDU-\u010cSL\/<br \/>&#8212;&#8212;&#8212;&#8212;&#8212;&#8212;&#8211;<br \/>J\u00e1 jen pro po\u0159\u00e1dek. Nov\u00fd bod jste nenavrhla dob\u0159e. Tak pan p\u0159edseda Mich\u00e1lek.Abych n\u011bkoho neup\u0159el na jeho pr\u00e1vo, \u017ee navrhl nov\u00fd bod.<br \/>Rad\u0161i se zept\u00e1m, pros\u00edm, pane.<br \/><br \/>Jakub Mich\u00e1lek, p\u0159edseda poslaneck\u00e9ho klubu \/Pir\u00e1ti\/<br \/>&#8212;&#8212;&#8212;&#8212;&#8212;&#8212;&#8211;<br \/>D\u011bkuju za slovo, v\u00e1\u017een\u00fd pane m\u00edstop\u0159edsedo, v\u00e1\u017een\u00e9 kolegyn\u011b, v\u00e1\u017een\u00ed kolegov\u00e9, tak mysl\u00edm si, \u017ee zazn\u011bly n\u011bjak\u00e9 v\u011bci, na kter\u00e9 m\u00e1 smysl reagovat. Za prv\u00e9, my opravdu nebudeme \u010din\u011bni odpov\u011bdn\u00fdmi za pln\u011bn\u00ed programu. Ano, my jsme nem\u011bli stejn\u00fd program jako vy, tak my pros\u00edm, tady nevyt\u00fdkejte, \u017ee jsme nezajistili pen\u00edze na rezervy zdravotn\u00edch poji\u0161\u0165oven a \u017ee jsme nezajistili naprosto neudr\u017eiteln\u00e9 financov\u00e1n\u00ed d\u016fchodov\u00e9ho syst\u00e9mu, ve kter\u00e9m byste cht\u011bli jet, kter\u00e9 by znamenalo, \u017ee se je\u0161t\u011b obrovsk\u00fdm zp\u016fsobem \u010cesk\u00e1 republika a nov\u00e9 mlad\u00e9 generace zadlu\u017e\u00ed. K t\u011bm \u00faspor\u00e1m doch\u00e1zelo ve v\u0161ech oblastech a doch\u00e1zelo k nim i v oblasti d\u016fchod\u016f. A to rozhodnut\u00ed j\u00e1 pova\u017euji za spr\u00e1vn\u00e9 a v\u011b\u0159\u00edm, \u017ee jste sledovala i moje tehdej\u0161\u00ed vystupov\u00e1n\u00ed, kdy jsem k tomu n\u011bkolikr\u00e1t vystupoval nejenom tady v Poslaneck\u00e9 sn\u011bmovn\u011b, ale i ve\u0159ejn\u011b.A to, \u017ee vy jste cht\u011bli j\u00edt nezodpov\u011bdnou cestou a navy\u0161ovat ty v\u00fddaje d\u00e1le a d\u00e1le. A sou\u010dasn\u011b by se obrovsk\u00fdm zp\u016fsobem rozev\u00edraly n\u016f\u017eky mezi seniory a mlad\u0161\u00edmi lidmi a posiloval se ten genera\u010dn\u00ed konflikt. Tak to j\u00e1 pova\u017euju naopak, \u017ee jsme se zachovali dob\u0159e, to, co by bylo \u017e\u00e1douc\u00ed, je naopak. A koncep\u010dn\u00ed je, aby se stejn\u00fdm tempem, jako se zvy\u0161uj\u00ed pen\u00edze pro d\u016fchody, zvy\u0161ovaly i pen\u00edze, na kter\u00fdch jsou z\u00e1visl\u00e9 t\u0159eba rodiny s d\u011btmi. A m\u016f\u017eu v\u00e1s ujistit, \u017ee j\u00e1 \u017e\u00e1dn\u00e9 d\u00edt\u011b nem\u00e1m, tak\u017ee ve st\u0159etu z\u00e1jm\u016f nejsem, ale z\u00e1le\u017e\u00ed mi na t\u011bch lidech, kte\u0159\u00ed jsou opravdu ve velmi t\u011b\u017ek\u00e9 situaci, proto\u017ee jim se ty pen\u00edze nenavy\u0161ovaly a my jsme to \u0159\u00edkali, hlavn\u011b jsme to \u0159\u00edkali z o\u010d\u00ed do o\u010d\u00ed tak, aby to sly\u0161eli na\u0161i partne\u0159i ve vl\u00e1d\u011b a m\u016f\u017eete se zeptat jich, jestli jsme to \u0159\u00edkali, jestli my jsme byli ml\u010dky a sed\u011bli jsme n\u011bkdy v rohu, ale nebyli, samoz\u0159ejm\u011b, \u017ee jsme to \u0159\u00edkali a samoz\u0159ejm\u011b, \u017ee jsme je leckdy t\u00edm velmi \u0161tvali.To se jich klidn\u011b zeptejte, ale samoz\u0159ejm\u011b, kdy\u017e jste v koalici, tak ta politika se ned\u011bl\u00e1 na mikrofony. Mysl\u00edte si, \u017ee kdy\u017e vy tady prodiskutujete tolik a tolik jednac\u00edch dn\u016f a ka\u017ed\u00fd jednac\u00ed den stoj\u00ed 4 miliony da\u0148ov\u00fd poplatn\u00edky. Tak\u017ee t\u00edm n\u011bco zm\u011bn\u00edte. Kolik v\u011bc\u00ed Vy jste prosadili v opozici? No, tak tady vystupte se seznamem n\u00e1vrhu, kter\u00fd jste schv\u00e1lili. My jsme byli konstruktivn\u00ed opozice, kdy\u017e jsme byli v opozici v minul\u00e9m volebn\u00edm obdob\u00ed a kolik t\u011bch v\u011bc\u00ed v oblasti transparence jsme prosadili, v n\u011bkter\u00fd jsme prosadili i s v\u00e1ma t\u0159eba roz\u0161\u00ed\u0159en\u00ed registru smluv atd. ale ten po\u010det v\u011bc\u00ed, kter\u00fd vy jste prosadili a kter\u00fd my jsme prosadili, je zcela nesrovnatelnej, a to m\u00e1te 72 nebo 71 lid\u00ed, my m\u00e1me \u010dty\u0159i. Tak\u017ee j\u00e1 jsem na to hrdej, co jsme v t\u011bch \u010dty\u0159ech letech dok\u00e1zali, No, a ptala jste se tady na \u0161kolstv\u00ed, tak to asi jste mo\u017en\u00e1 jenom si zam\u011bnila \u0161kolstv\u00ed, m\u00e1 v gesci STAN.<br \/>My jsme se sna\u017eili tam, kde to jde, apelovat na na\u0161e koali\u010dn\u00ed partnery, aby ty nejd\u016fle\u017eit\u011bj\u0161\u00ed v\u011bci se posouvali, jako jsou r\u00e1mcov\u00fd vzd\u011bl\u00e1vac\u00ed pl\u00e1ny a dokonce jsme to vznesli na koali\u010dn\u00edm jedn\u00e1n\u00ed a podpo\u0159il n\u00e1s v tom premi\u00e9r Petr Fiala, aby nov\u00fd r\u00e1mcov\u00fd vzd\u011bl\u00e1vac\u00ed pl\u00e1ny za\u010dali fungovat u\u017e v tomto volebn\u00edm obdob\u00ed a pan ministr \u0161kolstv\u00ed p\u0159isl\u00edbil, \u017ee se pokus\u00ed o to, aby to t\u00edmto zp\u016fsobem nab\u011bhlo, tak\u017ee ty d\u016fle\u017eit\u00e9 v\u011bci jsme skute\u010dn\u011b \u0159e\u0161il a \u0159e\u0161ili jsme je z o\u010d\u00ed do o\u010d\u00ed. A samoz\u0159ejm\u011b, kdy\u017e jste v koalici, tak nem\u016f\u017eete vystoupit, nem\u016f\u017eete o\u010dek\u00e1vat, \u017ee tady budeme vystupovat, jako vystupujete vy se sv\u00fdmi mnoha a mnohahodinov\u00fdmi projevy a budeme v\u0161echno n\u011bjak\u00fdm zp\u016fsobem ve\u0159ejn\u011b ventilovat, proto\u017ee bychom se nikdy na ni\u010dem nedomluvili, kdyby si to nejd\u0159\u00edv ka\u017ed\u00fd ventiloval takhle u pult\u00edku a je\u0161t\u011b bychom t\u00edm \u00fapln\u011b zahltili Poslaneckou sn\u011bmovnu.<br \/>Ptala jste se na formul\u00e1\u0159e zjednodu\u0161en\u00ed, tak te\u010f le\u017e\u00ed u pana ministra Bla\u017eka n\u00e1vrh na zjednodu\u0161en\u00ed formul\u00e1\u0159e k exekuc\u00edm, kde za v\u00e1s bylo desetistr\u00e1nkov\u00fd formul\u00e1\u0159, v r\u00e1mci kter\u00fdho se, v r\u00e1mci kter\u00fdho se \u010dlov\u011bk v exekuc\u00edch ztratil a my to samoz\u0159ejm\u011b v\u00edme, \u017ee m\u00e1te ty vazby na exekutory r\u016fzn\u00fd. Pan Falt\u00fdnek tady te\u010fko teda nen\u00ed, ale my to, potom se p\u00ed\u0161e, o tom jsou, v\u0161echna m\u00e9dia se o tom p\u00ed\u0161ou a co t\u00fdkaj\u00ed se o tom vrabci na st\u0159e\u0161e. A v t\u00fdhlet\u00fd oblasti do\u0161lo k z\u00e1sadn\u00edmu zjednodu\u0161en\u00ed, proto\u017ee ten \u010dlov\u011bk m\u00edsto toho, aby se dneska proch\u00e1zel desetistr\u00e1nkov\u00fd formul\u00e1\u0159, tak pokud to tady pan ministr podep\u00ed\u0161e a j\u00e1 v\u011b\u0159\u00edm, \u017ee t\u00edm, \u017ee jsme to odpracovali spole\u010dn\u011b, to bude dokon\u010den\u00fd jako \u0159ada v\u011bc\u00ed, kter\u00fd jsme ho odpracovali spole\u010dn\u011b, tak ten \u010dlov\u011bk, kter\u00fd je v exekuci, dostane jeden dvoustr\u00e1nkov\u00fd pap\u00edr, kde bude m\u00edt QR k\u00f3d, kter\u00fdm si m\u016f\u017ee naskenovat a m\u016f\u017ee to zaplatit klidn\u011b z internetov\u00e9ho bankovnictv\u00ed, pokud ho m\u00e1, a dote\u010fka to bylo tak, \u017ee ty lidi nemohli ani tomu exekutorovi zaplatit, nemohli zaplatit tu exekuci, proto\u017ee m\u011bli obstaven\u00fd \u00fa\u010det, to byl ten syst\u00e9m, kter\u00fd tady byl p\u016fvodn\u011b nastavenej, kter\u00fd ty nejv\u00edc zraniteln\u00fd lidi dost\u00e1val do situace, \u017ee se v podstat\u011b nemohli br\u00e1nit a byl to neuv\u011b\u0159iteln\u011b slo\u017eit\u00fd na ty lidi, kter\u00fd se do t\u00fdhle situace dostali, tak\u017ee i s bankama jsme to domluvili a nov\u011b bude mo\u017en\u00fd jednoduchej, co komu dlu\u017e\u00edm, kolik pen\u011bz zaplatit QR k\u00f3dem Hotovo do jedn\u00fd minuty. Je to vy\u0159\u00edzen\u00fd, to, co za v\u00e1s v\u016fbec nefungovalo a nepostaral jste se o to. Tak\u017ee to jsou v\u011bci, na kter\u00fd jsme pracovali. O IT u\u017e jsem mluvil spoustu ve sv\u00e9m projevu, j\u00e1 jsem uznal, \u017ee n\u011bkter\u00fd v\u011bci jsme m\u011bli ud\u011blat jinak, j\u00e1 jsem uznal, \u017ee jsme m\u011bli rozf\u00e1zovat nasazen\u00ed digit\u00e1ln\u00edho stavebn\u00edho \u0159\u00edzen\u00ed na tu f\u00e1zi, kter\u00e1 je v\u016f\u010di ob\u010dan\u016fm, kter\u00e1 se povedla, port\u00e1l stavebn\u00edka a digit\u00e1ln\u00ed stavebn\u00ed projekty, ty dokumentace, \u017ee d\u00edky tomu u\u017e norm\u00e1ln\u00ed \u010dlov\u011bk, kdy\u017e p\u0159ijde na Stavebn\u00ed \u00fa\u0159ad, tak do budoucna u\u017e nebude muset jezdit s voz\u00ed\u010dkem a s dod\u00e1vkou, ve kter\u00e9 m\u00e1 tu stavebn\u00ed dokumentaci, ale bude tam m\u00edt tento, bude to m\u00edt elektronicky a v\u0161echny ty dot\u010den\u00e9 org\u00e1ny st\u00e1tn\u00ed spr\u00e1vy budou m\u00edt, budou m\u00edt mo\u017enost p\u0159istupovat k tomu elektronicky, nebudou muset \u010dekat na to, ne\u017e se s t\u00edm jeden sezn\u00e1m\u00ed, ale bude to mezi nimi ob\u00edhat, nebudou ob\u00edhat lidi s dokumentac\u00ed, ale ten spis, a to j\u00e1 si mysl\u00edm, \u017ee je z\u00e1sadn\u00ed posun, kter\u00fd se prost\u011b za v\u00e1s nepoda\u0159il.<br \/>Mysl\u00edm si, \u017ee je to v\u011bc, na kterou mi m\u016f\u017ee b\u00fdt hrd\u00fd a kter\u00e1 bude fungovat a kter\u00e1 tady bude fungovat i po n\u00e1s a bude tady fungovat asi i po t\u00fdhle t\u00fd vl\u00e1d\u011b, tak\u017ee v oblasti IT. Poda\u0159ilo se n\u00e1m, jak jsem \u0159\u00edkal, zv\u00fd\u0161it po\u010det u\u017eivatel\u016f port\u00e1lu port\u00e1lu ob\u010dana o 500 procent. Kdy\u017e se pod\u00edv\u00e1te na ty \u010d\u00edsla, ty \u010d\u00edsla jsou \u00fapln\u011b \u0161\u00edlen\u00fd. To nikdo nepou\u017e\u00edval, kde se platily obrovsk\u00fd pen\u00edze. Vy jste sed\u011bli s Ham\u00e1\u010dkem ve vl\u00e1d\u011b.<br \/>A m\u011bli jste elektronicky elektronickou ob\u010danku, kterou vy jste mi sl\u00edbila, \u017ee si z\u0159\u00edd\u00edte, nev\u00edm, jestli jste to z\u0159\u00eddila s elektronick\u00fdm podpisem, ale to je taky neuv\u011b\u0159iteln\u011b.<br \/>To byl tak neuv\u011b\u0159iteln\u011b neum\u011btelsk\u00fd n\u00e1stroj, kter\u00fd nefungoval a v praxi se v\u016fbec neosv\u011bd\u010dil, tak\u017ee to je, to byla digitalizace za v\u00e1s. Ano. My jsme neud\u011blali v\u0161echno, ide\u00e1ln\u011b n\u011bkter\u00fd v\u011bci haprovaly, m\u011bli jsme proti sob\u011b v\u0161echny ty byznysov\u00fd skupiny v ICT Unii Zde\u0148ka Zaj\u00ed\u010dka, ale nakonec jsme spustili ty v\u011bci, kter\u00fd jsou pro ob\u010dany d\u016fle\u017eit\u00fd. Port\u00e1l stavebn\u00edka a digit\u00e1ln\u00ed ob\u011bh stavebn\u00edch projekt\u016f, kter\u00fd to do budoucna v\u00fdrazn\u011b urychl\u00ed a postav\u00ed taky infrastrukturu st\u00e1tu. \u017de budeme schopn\u00fd m\u011b\u0159it, jak dlouho n\u00e1m to le\u017e\u00ed na t\u011bch stavebn\u00edch \u00fa\u0159adech.<br \/>Tak\u017ee.<br \/>Nechci, abychom tady byli pran\u00fd\u0159ov\u00e1n\u00ed za to, \u017ee jsme nehlasovali stejn\u011b o d\u016fchodech jako ANO, a to nen\u00ed \u017e\u00e1dn\u00e1 schizofrenie. My ne\u017eijeme tady ve sv\u011bt\u011b, kde by existovalo n\u011bjak\u00e9 dilema, \u017ee \u010dlov\u011bk mus\u00ed b\u00fdt bu\u010f Orb\u00e1novsk\u00fd populista, anebo mus\u00ed b\u00fdt v demokratick\u00fdm bloku, j\u00e1 si mysl\u00edm, \u017ee tady p\u0159ece takov\u00fdhle dilema a polarizace nen\u00ed. \u010clov\u011bk m\u016f\u017ee m\u00edt i r\u016fzn\u00fd jin\u00fd n\u00e1zory, m\u016f\u017ee b\u00fdt, m\u016f\u017ee m\u00edt liber\u00e1ln\u00ed sm\u00fd\u0161len\u00ed, m\u016f\u017ee se hl\u00e1sit k tomu, \u017ee by se politici m\u011bli sna\u017eit o v\u00fdrazn\u00fd pokrok v t\u011bch oblastech a \u017ee by se m\u011bli sna\u017eit o to, aby lidi se mohli rozhodovat svobodn\u011b, a\u0165 u\u017e v ekonomick\u00fd oblasti, tak v oblasti sv\u00fdho osobn\u00edho \u017eivota a voleb, kter\u00fd \u010din\u011bj t\u0159eba v r\u00e1mci i zdravotnictv\u00ed a soci\u00e1ln\u00ed oblast\u00ed a standardu atd. tak\u017ee pros\u00edm, nenu\u0165te n\u00e1s do toho, abychom se zav\u00edrali do n\u011bjak\u00fdch takov\u00fdchto \u0161katulek, kter\u00e9 mo\u017en\u00e1 fungovaly. Levice, pravice, orb\u00e1nov\u0161t\u00ed konzervativci versus Demoblok, do ni\u010deho takov\u00e9ho, do \u017e\u00e1dn\u00e9 takov\u00e9 \u0161katulky my se zav\u00edrat nenech\u00e1me. D\u011bkuji.<br \/><br \/>Jan Barto\u0161ek, m\u00edstop\u0159edseda sn\u011bmovny \/KDU-\u010cSL\/<br \/>&#8212;&#8212;&#8212;&#8212;&#8212;&#8212;&#8211;<br \/>Tak j\u00e1 v\u00e1m d\u011bkuji. Budeme pokra\u010dovat. V \u0159\u00e1dn\u00fdch p\u0159ihl\u00e1\u0161k\u00e1ch programu sch\u016fze nyn\u00ed vystoup\u00ed pan\u00ed poslankyn\u011b Helena V\u00e1lkov\u00e1. <br \/>Potom pan poslanec Karel Sl\u00e1de\u010dek. A je\u0161t\u011b dal\u0161\u00ed dv\u011b p\u0159ihl\u00e1\u0161ky. Pros\u00edm.<br \/><br \/>Helena V\u00e1lkov\u00e1, \u010dlenka sn\u011bmovn\u00edho \u00fastavn\u011b-pr\u00e1vn\u00edho-v\u00fdboru \/ANO\/<br \/>&#8212;&#8212;&#8212;&#8212;&#8212;&#8212;&#8211;<br \/>D\u011bkuju. Pane m\u00edstop\u0159edsedo, j\u00e1 teda po t\u011bchto projevech budu m\u00edt t\u011b\u017ekou \u00dalohu z\u00edskat va\u0161i pozornost. Nicm\u00e9n\u011b se o to pokus\u00edm velmi stru\u010dn\u00fdm n\u00e1vrhem, kde m\u016f\u017eeme demonstrovat, jestli tedy n\u00e1m jde o v\u011bc nebo o to \u0161katulkov\u00e1n\u00ed. Jde o to, \u017ee u\u017e dost dlouho \u010dek\u00e1me na schv\u00e1len\u00ed toho n\u00e1vrhu novely z\u00e1kona o ve\u0159ejn\u00fdm ochr\u00e1nci pr\u00e1v, kter\u00fdm se zav\u00e1d\u00ed nov\u00e1 instituce d\u011btsk\u00e9ho ombudsmana, kde krom\u011b jin\u00e9ho u\u017e i garan\u010dn\u00ed v\u00fdbor podpo\u0159il posunut\u00ed \u00fa\u010dinnosti. Samoz\u0159ejm\u011b se to nestihne k 1. lednu, tak k 1. 7. je tam 2025, Tak\u017ee j\u00e1 popros\u00edm, jestli by ct\u011bn\u00e1 Sn\u011bmovna nap\u0159\u00ed\u010d politick\u00fdm spektrem, proto\u017ee jsou tam t\u0159i pozm\u011b\u0148ov\u00e1ky, garan\u010dn\u00ed v\u00fdbor je doporu\u010dil. Je to velmi jednoduch\u00fd tisk, ho za\u0159adila 25. 10. pane m\u00edstop\u0159edsedo, jako prvn\u00ed bod na\u0161eho jedn\u00e1n\u00ed, t\u0159et\u00ed \u010dten\u00ed, pokud bude jako posledn\u00ed bod, tak na n\u011bj zase nedojde. Tak\u017ee jestli chceme u\u010dinit n\u011bco pro ty, kte\u0159\u00ed n\u00e1s sice nevol\u00ed, proto\u017ee je\u0161t\u011b nemaj\u00ed to hlasovac\u00ed pr\u00e1vo, tak to ud\u011blejme nap\u0159\u00ed\u010d politick\u00fdm spektrem. M\u016fj n\u00e1vrh za\u0159adit bod \u010d\u00edslo 145, Sn\u011bmovn\u00ed tisk 688 o ve\u0159ejn\u00e9m ochr\u00e1nci pr\u00e1v, kter\u00fd byl v gesci ji\u017e neexistuj\u00edc\u00edho, respektive odstoupiv\u0161\u00edho ministra pro legislativu na p\u00e1tek 25. 10. jako prvn\u00ed bod pevn\u011b za\u0159azen\u00fd do t\u0159et\u00edch \u010dten\u00ed.<br \/><br \/>Jan Barto\u0161ek, m\u00edstop\u0159edseda sn\u011bmovny \/KDU-\u010cSL\/<br \/>&#8212;&#8212;&#8212;&#8212;&#8212;&#8212;&#8211;<br \/>D\u011bkuji, j\u00e1 v\u00e1m d\u011bkuji. Pan\u00ed poslankyn\u011b, v\u00e1\u0161 n\u00e1vrh jsem si poznamenal. Jako dal\u0161\u00ed je pan poslanec Karel Sl\u00e1de\u010dek, p\u0159iprav\u00ed se pan\u00ed poslankyn\u011b Kl\u00e1ra Kocmanov\u00e1 a potom pan poslanec Radek Vondr\u00e1\u010dek.<br \/><br \/>mluv\u010d\u00ed 8,<br \/>&#8212;&#8212;&#8212;&#8212;&#8212;&#8212;&#8211;<br \/>Mil\u00e9 kolegyn\u011b, kolegov\u00e9 m\u00e1me p\u0159ed nebo ne p\u0159ed sebou, ale m\u00e1me za sebou poslaneck\u00fd t\u00fdden, kter\u00fd jsem jako obvykle str\u00e1vil mezi ob\u010dany sv\u00e9ho kraje, tedy krajem Moravskoslezsk\u00e9ho a z t\u011bchto jedn\u00e1n\u00ed vyvstalo mnoho ot\u00e1zek, kter\u00e9 cht\u011bj\u00ed m\u00ed spoluob\u010dan\u00e9 zn\u00e1t odpov\u011b\u010f a kter\u00e9 jsem prozat\u00edm shrnul do jednoho bodu s n\u00e1zvem Zpackan\u00e1 digitalizace stavebn\u00edho \u0159\u00edzen\u00ed. A z toho vypl\u00fdvaj\u00edc\u00ed komplikace \u017eivota na\u0161ich ob\u010dan\u016f. Jde tedy zejm\u00e9na o \u0159e\u0161en\u00ed n\u00e1sledk\u016f \u0161kod po \u017eiveln\u00ed pohrom\u011b. V nejv\u00edce\u00a0<strong>posti\u017een\u00fdch<\/strong>\u00a0oblastech. Padly ale i dal\u0161\u00ed ot\u00e1zky. V ot\u00e1zce, kdo m\u016f\u017ee za zpackanou digitalizaci stavebn\u00edho \u0159\u00edzen\u00ed, maj\u00ed na\u0161i ob\u010dan\u00e9 jasno. Ji\u017e t\u0159i roky. Vn\u00edmaj\u00ed, jak p\u011btikoali\u010dn\u00ed vl\u00e1da \u0161kod\u00ed a komplikuje \u017eivot b\u011b\u017en\u00fdm ob\u010dan\u016fm t\u00e9to zem\u011b. Zazn\u00edvaly i dal\u0161\u00ed ot\u00e1zky, kolik se za tento paskvil utratilo pen\u011bz, kdo nese politickou odpov\u011bdnost, kdo ponese hmotnou odpov\u011bdnost a jak\u00e1 bude n\u00e1hrada \u0161kody?Pro\u010d se software pustil do provozu bez \u0159\u00e1dn\u00e9ho testov\u00e1n\u00ed a certifikace? No, a jeliko\u017e se jedn\u00e1 o velmi pal\u010div\u00e9 a d\u016fle\u017eit\u00e9 t\u00e9ma pro v\u011bt\u0161inu na\u0161ich spoluob\u010dan\u016f. Navrhuji za\u0159adit tento bod jako prvn\u00ed na tuto sch\u016fzi.<br \/>D\u011bkuji.<br \/><br \/>Jan Barto\u0161ek, m\u00edstop\u0159edseda sn\u011bmovny \/KDU-\u010cSL\/<br \/>&#8212;&#8212;&#8212;&#8212;&#8212;&#8212;&#8211;<br \/>A j\u00e1 v\u00e1m d\u011bkuji a nyn\u00ed popros\u00edm pan\u00ed poslankyni Kl\u00e1ru Kocmanovou a p\u0159iprav\u00ed se pan poslanec Radek Vondr\u00e1\u010dek.<br \/><br \/>mluv\u010d\u00ed 10,<br \/>&#8212;&#8212;&#8212;&#8212;&#8212;&#8212;&#8211;<br \/>D\u011bkuji za slovo. J\u00e1 bych r\u00e1da navrhla p\u0159ed\u0159azen\u00ed sn\u011bmovn\u00edho tisku \u010d\u00edslo 721, tedy novelu ob\u010dansk\u00e9ho z\u00e1kon\u00edku, kter\u00e1 zav\u00e1d\u00ed jednotnou definici dom\u00e1c\u00edho n\u00e1sil\u00ed a sjednocuje p\u0159\u00edstup r\u016fzn\u00fdch instituc\u00ed, od policie p\u0159es soudy, soci\u00e1ln\u00ed slu\u017eby a\u017e po org\u00e1n soci\u00e1ln\u011bpr\u00e1vn\u00ed ochrany d\u011bt\u00ed. A je to z toho d\u016fvodu, \u017ee v \u010cesku m\u00e1me vysokou m\u00edru dom\u00e1c\u00edho n\u00e1sil\u00ed, podle v\u00fdzkum\u016f a\u017e 30 % \u017een, 12 % mu\u017e\u016f n\u011bjakou formu n\u00e1sil\u00ed za\u017eila, a to pot\u0159ebujeme \u0159e\u0161it a j\u00e1 si dovol\u00edm \u0159\u00edct, \u017ee tento tisk dle v\u00fdvoje na pl\u00e9nu, u p\u0159edchoz\u00edch jedn\u00e1n\u00ed je nekonfliktn\u00ed, a proto nen\u00ed d\u016fvod jej odsouvat a\u017e jako posledn\u00ed bod v t\u00e9 \u0159ad\u011b p\u00e1te\u010dn\u00edch t\u0159et\u00edch \u010dten\u00ed, proto navrhuji za\u0159azen\u00ed tohoto bodu na tento p\u00e1tek jako prvn\u00ed bod, z\u00e1rove\u0148, pokud by pro\u0161el n\u00e1vrh kolegyn\u011b V\u00e1lkov\u00e9 na za\u0159azen\u00ed d\u011btsk\u00e9ho ombudsmana jako prvn\u00ed bod v p\u00e1tek, pak bych navrhla\u0159adit tento tisk 721 jako druh\u00fd bod.<br \/><br \/>Jan Barto\u0161ek, m\u00edstop\u0159edseda sn\u011bmovny \/KDU-\u010cSL\/<br \/>&#8212;&#8212;&#8212;&#8212;&#8212;&#8212;&#8211;<br \/>N\u00e1vrh jsem si poznamenal, jenom jsem nestihl n\u00e1zev z\u00e1kona.<br \/><br \/>mluv\u010d\u00ed 10,<br \/>&#8212;&#8212;&#8212;&#8212;&#8212;&#8212;&#8211;<br \/>Je to novela ob\u010dansk\u00e9ho z\u00e1kon\u00edku.<br \/><br \/>mluv\u010d\u00ed 11,<br \/>&#8212;&#8212;&#8212;&#8212;&#8212;&#8212;&#8211;<br \/>D\u011bkuji.<br \/><br \/>Jan Barto\u0161ek, m\u00edstop\u0159edseda sn\u011bmovny \/KDU-\u010cSL\/<br \/>&#8212;&#8212;&#8212;&#8212;&#8212;&#8212;&#8211;<br \/>A nyn\u00ed popros\u00edm, pan poslanec Radek Vondr\u00e1\u010dek.<br \/><br \/>mluv\u010d\u00ed 12,<br \/>&#8212;&#8212;&#8212;&#8212;&#8212;&#8212;&#8211;<br \/>Tak pane m\u00edstop\u0159edsedo, d\u011bkuji za slovo. J\u00e1 p\u0159ich\u00e1z\u00edm s n\u00e1vrhem na p\u0159e\u0159azen\u00ed tisku 400 n\u00e1vrhu po\u0159adu sch\u016fze, je to, tu\u0161\u00edm, bod 108, a to, aby byl za\u0159azen jako prvn\u00ed v r\u00e1mci Bloku prvn\u00edch \u010dten\u00ed. V p\u0159\u00edpad\u011b, \u017ee tento n\u00e1vrh se nesetk\u00e1 s \u00fasp\u011bchem, tak potom ho navrhuji jako prvn\u00ed bod v p\u00e1tek po pevn\u011b za\u0159azen\u00fdch bodech. Je to nekonfliktn\u00ed tisk t\u00fdkaj\u00edc\u00ed se z\u00e1kona o zemsk\u00fdch znac\u00edch a vlajk\u00e1ch. J\u00e1 jsem \u010dekal na ten spr\u00e1vn\u00fd okam\u017eik v t\u00e9to Poslaneck\u00e9 sn\u011bmovn\u011b, kdy bude takov\u00fd klidn\u011bj\u0161\u00ed \u010das a budeme moct probrat n\u011bjak\u00e9 m\u00e9n\u011b konfliktn\u00ed t\u00e9ma, jen\u017ee to bych se taky ne\u010dekal, to bych, to bych to taky nemusel do konce volebn\u00edho obdob\u00ed u\u017e v\u016fbec p\u0159edkl\u00e1dat. J\u00e1 u\u017e jsem o tom tisku mluvil mnohokr\u00e1t, nebudu se opakovat. Motivem jeho p\u0159edlo\u017een\u00ed krom\u011b jin\u00e9ho bylo, \u017ee jsem se do\u010detl na str\u00e1nk\u00e1ch na\u0161\u00ed vl\u00e1dy, \u017ee ministr zahrani\u010dn\u00edch v\u011bc\u00ed Jan Lipavsk\u00fd, vl\u00e1dn\u00ed koordin\u00e1tor strategick\u00e9 komunikace st\u00e1tu Otakar Folt\u00fdn a z\u00e1stupce Odboru strategick\u00e9 komunikace st\u00e1tu UV \u010cR.Josef Dodo. Dobr\u00fdk a Jakub Podrou\u017eek spole\u010dn\u011b vystoup\u00ed na tiskov\u00e9 konferenci po\u0159\u00e1dan\u00e9 odborem strategick\u00e9 komunikace st\u00e1tu k t\u00e9matu strategick\u00e9 komunikace st\u00e1tu a p\u0159edstav\u00ed kampa\u0148 Moje vlajka, p\u0159\u00e1tel\u00e9, j\u00e1 v\u00e1s proto pros\u00edm o za\u0159azen\u00ed tohoto tisku, proto\u017ee Moravsk\u00e1 vlajka je moje vlajka a byl bych r\u00e1d, abysme nez\u016fst\u00e1vali pozadu za odborem strategick\u00e9 komunikace st\u00e1tu. Tento n\u00e1vrh podepsalo v\u00edc jak 70 poslanc\u016f nap\u0159\u00ed\u010d politick\u00fdm spektrem a u\u017e by bylo opravdu na\u010dase, abysme to dostali aspo\u0148 do prvn\u00edho \u010dten\u00ed. Ono se to nezd\u00e1, ale ten \u010das n\u00e1m b\u011b\u017e\u00ed a za chvilku tu m\u00e1me volby. D\u011bkuji za pozornost.<br \/><br \/><\/p>\n","protected":false},"excerpt":{"rendered":"<div class=\"mh-excerpt\"><p>Poslaneck\u00e1 sn\u011bmovna \u010cR\u00a0&#8211; P\u0159epis Ale\u0161 Juchelka, m\u00edstop\u0159edseda Poslaneck\u00e9 sn\u011bmovny, st\u00ednov\u00fd\u00a0ministr\u00a0pr\u00e1ce\u00a0a soci\u00e1ln\u00edch v\u011bc\u00ed \/ANO\/&#8212;&#8212;&#8212;&#8212;&#8212;&#8212;&#8211;Tady tento bod t\u0159eba na hodinku. A mysl\u00edm si, \u017ee jim spole\u010dn\u011b t\u011bm <a class=\"mh-excerpt-more\" href=\"https:\/\/www.invarena.cz\/?p=52642\" title=\"Mich\u00e1lek: Zjednodu\u0161ili jsme exekuce\u00a0\">[&#8230;]<\/a><\/p>\n<\/div>","protected":false},"author":1,"featured_media":49370,"comment_status":"open","ping_status":"closed","sticky":false,"template":"","format":"standard","meta":{"footnotes":""},"categories":[9],"tags":[],"class_list":["post-52642","post","type-post","status-publish","format-standard","has-post-thumbnail","hentry","category-zpravy"],"_links":{"self":[{"href":"https:\/\/www.invarena.cz\/index.php?rest_route=\/wp\/v2\/posts\/52642","targetHints":{"allow":["GET"]}}],"collection":[{"href":"https:\/\/www.invarena.cz\/index.php?rest_route=\/wp\/v2\/posts"}],"about":[{"href":"https:\/\/www.invarena.cz\/index.php?rest_route=\/wp\/v2\/types\/post"}],"author":[{"embeddable":true,"href":"https:\/\/www.invarena.cz\/index.php?rest_route=\/wp\/v2\/users\/1"}],"replies":[{"embeddable":true,"href":"https:\/\/www.invarena.cz\/index.php?rest_route=%2Fwp%2Fv2%2Fcomments&post=52642"}],"version-history":[{"count":0,"href":"https:\/\/www.invarena.cz\/index.php?rest_route=\/wp\/v2\/posts\/52642\/revisions"}],"wp:featuredmedia":[{"embeddable":true,"href":"https:\/\/www.invarena.cz\/index.php?rest_route=\/wp\/v2\/media\/49370"}],"wp:attachment":[{"href":"https:\/\/www.invarena.cz\/index.php?rest_route=%2Fwp%2Fv2%2Fmedia&parent=52642"}],"wp:term":[{"taxonomy":"category","embeddable":true,"href":"https:\/\/www.invarena.cz\/index.php?rest_route=%2Fwp%2Fv2%2Fcategories&post=52642"},{"taxonomy":"post_tag","embeddable":true,"href":"https:\/\/www.invarena.cz\/index.php?rest_route=%2Fwp%2Fv2%2Ftags&post=52642"}],"curies":[{"name":"wp","href":"https:\/\/api.w.org\/{rel}","templated":true}]}}