{"id":52969,"date":"2024-11-07T23:18:53","date_gmt":"2024-11-07T22:18:53","guid":{"rendered":"https:\/\/www.invarena.cz\/?p=52969"},"modified":"2024-11-07T23:18:54","modified_gmt":"2024-11-07T22:18:54","slug":"pristup-ke-vzdelani-jen-pro-zdrave-deti-jindra-pro-dceru-zoufale-hleda-skolu","status":"publish","type":"post","link":"https:\/\/www.invarena.cz\/?p=52969","title":{"rendered":"P\u0159\u00edstup ke vzd\u011bl\u00e1n\u00ed jen pro zdrav\u00e9 d\u011bti? Jindra pro dceru zoufale hled\u00e1 \u0161kolu"},"content":{"rendered":"\n<p>\u00dasp\u011bchy v sout\u011b\u017e\u00edch, dobr\u00e1 atmosf\u00e9ra, dopravn\u00ed obslu\u017enost, po\u010det p\u0159ijat\u00fdch na st\u0159edn\u00ed \u0161koly. Zat\u00edmco rodi\u010de zdrav\u00fdch d\u011bt\u00ed zohled\u0148uj\u00ed p\u0159i v\u00fdb\u011bru \u0161koly mnoho krit\u00e9ri\u00ed, rodi\u010de posti\u017een\u00fdch d\u011bt\u00ed se mus\u00ed spokojit s jedin\u00fdm \u2013 bezbari\u00e9rovost. A ani ten v\u011bt\u0161ina \u010desk\u00fdch \u0161kol nespl\u0148uje. Se situac\u00ed se rozhodla bojovat Jindra Landov\u00e1. Jej\u00ed dcera Mia trp\u00ed svalovou dystrofi\u00ed. \u017d\u00e1dn\u00e1 \u0161kola v jej\u00edm okol\u00ed ale nen\u00ed bezbari\u00e9rov\u00e1.<\/p>\n\n\n\n<p>\u201eV \u010cesk\u00e9 republice se n\u011bjak zapomn\u011blo, \u017ee d\u011bti s posti\u017een\u00edm se u\u017e d\u00e1vno nezav\u00edraj\u00ed do \u00fastav\u016f, ale jsou sou\u010d\u00e1st\u00ed b\u011b\u017en\u00e9 populace,\u201c poukazuje na smutnou realitu \u010desk\u00e9ho \u0161kolstv\u00ed Jindra Landov\u00e1.<\/p>\n\n\n\n<p>Jej\u00ed dcera Mia trp\u00ed od narozen\u00ed svalovou dystrofi\u00ed. Dnes k pohybu pot\u0159ebuje voz\u00edk. Jen\u017ee pr\u00e1v\u011b ten j\u00ed paradoxn\u011b br\u00e1n\u00ed v p\u0159\u00edstupu ke vzd\u011bl\u00e1n\u00ed. Do \u0161kol v okol\u00ed jejich bydli\u0161t\u011b se toti\u017e d\u00edvka na voz\u00edku nedostane.<\/p>\n\n\n\n<p>U\u017e jednou se st\u011bhovali<\/p>\n\n\n\n<p>Pro rodinu jakoby se opakovala sc\u00e9na z minulosti. Stejn\u00fd probl\u00e9m \u0159e\u0161ili ji\u017e p\u0159ed lety, kdy\u017e Mia nastupovala do prvn\u00ed t\u0159\u00eddy. \u201eNakonec jsme se museli st\u011bhovat, abychom na\u0161li \u0161kolu, kter\u00e1 byla ochotn\u00e1 dceru, kter\u00e9 postupn\u011b ochabuj\u00ed svaly, p\u0159ijmout,\u201c vzpom\u00edn\u00e1 Jindra.<\/p>\n\n\n\n<p>St\u00e1vaj\u00edc\u00ed \u0161kola ale poskytuje vzd\u011bl\u00e1v\u00e1n\u00ed jen pro prvn\u00ed stupe\u0148. A sp\u00e1dov\u00e1 \u0161kola, stejn\u011b jako dal\u0161\u00ed \u0161koly na Praze 13, kde rodina \u017eije, je pln\u00e1 bari\u00e9r.<\/p>\n\n\n\n<p>Do sp\u00e1dov\u00e9 \u0161koly s nosi\u010di<\/p>\n\n\n\n<p>Mia je podle maminky d\u00edvka jako ka\u017ed\u00e1 jin\u00e1. Jen j\u00ed t\u011blo funguje trochu jinak, ne\u017e v\u011bt\u0161in\u011b ostatn\u00edch lid\u00ed. \u201eNep\u0159\u00e1la bych to nikomu za\u017e\u00edt,\u201c sv\u011b\u0159uje se Jindra Landov\u00e1.<\/p>\n\n\n\n<p>\u201eKrom\u011b toho, \u017ee m\u00e1me hodn\u011b starost\u00ed s p\u00e9\u010d\u00ed o d\u00edt\u011b se speci\u00e1ln\u00edmi pot\u0159ebami, tak mus\u00edme, oproti b\u011b\u017en\u00fdm rodi\u010dovsk\u00fdm starostem, neust\u00e1le \u0159e\u0161it podobn\u00e9 z\u00e1le\u017eitosti. Je to velmi vy\u010derp\u00e1vaj\u00edc\u00ed, ob\u010das se c\u00edt\u00edme se sv\u00fdmi probl\u00e9my osamoceni. Jsem u\u017e zoufal\u00e1 a velmi unaven\u00e1,\u201c popisuje Jindra Landov\u00e1.<\/p>\n\n\n\n<p>Sp\u00e1dov\u00e1 \u0161kola by Miu sice r\u00e1da p\u0159ijala, probl\u00e9mem jsou ale pen\u00edze. Na vybudov\u00e1n\u00ed v\u00fdtah\u016f \u0161kole chyb\u00ed. Aby se tak do \u0161koly d\u00edvka mohla v\u016fbec pod\u00edvat, musela Jindra povolat doslova komando nosi\u010d\u016f, kte\u0159\u00ed Mie pomohli p\u0159ekonat schody.<\/p>\n\n\n\n<p>Kdy\u017e p\u0159inese pen\u00edze, budou v\u00fdtahy<\/p>\n\n\n\n<p>Jindra se v zoufal\u00e9 situaci rozhodla situaci pro svou dceru zlep\u0161it sama. Se \u0161kolou se domluvila, \u017ee kdy\u017e se j\u00ed poda\u0159\u00ed pen\u00edze sehnat, nech\u00e1 \u0161kola vybudovat v\u00fdtahy.<\/p>\n\n\n\n<p>\u201eZkusila jsem oslovit v\u0161echna ministerstva, m\u011bstkou \u010d\u00e1st i hlavn\u00ed m\u011bsto Prahu. V sou\u010dasn\u00e9 dob\u011b ale neexistuje grant, kter\u00fd by pokryl 100 % n\u00e1klad\u016f,\u201c vypr\u00e1v\u00ed Jindra Landov\u00e1, pro\u010d pot\u0159ebuje pomoc ve\u0159ejnosti. S pomoc\u00ed organizace Znesn\u00e1ze21 zalo\u017eila sb\u00edrku. Vybrat pot\u0159ebuje 3 miliony korun.<\/p>\n\n\n\n<p>Bezbari\u00e9rov\u00e9 \u0161kolstv\u00ed? V \u010cesku utopie<\/p>\n\n\n\n<p>Nov\u011b budovan\u00e9 \u0161koly mus\u00ed b\u00fdt dle platn\u00e9 legislativy \u0159e\u0161eny bezbari\u00e9rov\u011b ve v\u0161ech prostor\u00e1ch p\u0159\u00edstupn\u00fdch \u017e\u00e1k\u016fm<\/p>\n\n\n\n<p>Star\u0161\u00ed budovy tuto podm\u00ednku \u010dasto nespl\u0148uj\u00ed a bezbari\u00e9rovost \u0159e\u0161\u00ed a\u017e p\u0159i n\u00e1stupu \u017e\u00e1ka s t\u011blesn\u00fdm posti\u017een\u00edm<\/p>\n\n\n\n<p>O probl\u00e9mech posti\u017een\u00fdch d\u011bt\u00ed naj\u00edt \u0161kolu Den\u00edk informoval ji\u017e v roce 2015<\/p>\n\n\n\n<p>Podle dat \u010cesk\u00e9 \u0161koln\u00ed inspekce je nap\u0159\u00edklad v Praze zcela bazbari\u00e9rov\u00fdch pouze 23 ze 197 \u0161kol<\/p>\n\n\n\n<p>Zdroj: Katalog podp\u016frn\u00fdch opat\u0159en\u00ed, \u010cesk\u00e1 \u0161koln\u00ed inspekce<\/p>\n\n\n\n<p>P\u0159isp\u011bjte d\u011btem na bezbari\u00e9rov\u00fd p\u0159\u00edstup do \u0161koly:<\/p>\n\n\n\n<p>Jindra Landov\u00e1, kter\u00e1 na s\u00edt\u00edch vystupuje jako Oby\u010dejn\u00e1 m\u00e1ma, z\u00edskala cenu Pe\u010duj\u00edc\u00ed roku 2023. Aktivn\u011b se zasazuje za pr\u00e1va lid\u00ed s posti\u017een\u00edm a neform\u00e1ln\u00edch pe\u010duj\u00edc\u00edch. Dnes vyb\u00edr\u00e1 (nejen) pro svou dceru na v\u00fdtah do \u0161koly. P\u0159isp\u011bt j\u00ed a dal\u0161\u00edm d\u011btem m\u016f\u017eete i vy ZDE: <a href=\"https:\/\/www.znesnaze21.cz\/sbirka\/vytah-do-skoly-pro-miu\" target=\"_blank\" rel=\"noreferrer noopener\">https:\/\/www.znesnaze21.cz\/sbirka\/vytah-do-skoly-pro-miu<\/a>. Sb\u00edrku organizuje organizace Znesn\u00e1ze21.<\/p>\n\n\n\n<p>Barbora Havlov\u00e1<\/p>\n\n\n\n<p>Den\u00edk.cz<\/p>\n\n\n\n<p><a href=\"https:\/\/www.denik.cz\" target=\"_blank\" rel=\"noreferrer noopener\">https:\/\/www.denik.cz<\/a><\/p>\n","protected":false},"excerpt":{"rendered":"<div class=\"mh-excerpt\"><p>\u00dasp\u011bchy v sout\u011b\u017e\u00edch, dobr\u00e1 atmosf\u00e9ra, dopravn\u00ed obslu\u017enost, po\u010det p\u0159ijat\u00fdch na st\u0159edn\u00ed \u0161koly. Zat\u00edmco rodi\u010de zdrav\u00fdch d\u011bt\u00ed zohled\u0148uj\u00ed p\u0159i v\u00fdb\u011bru \u0161koly mnoho krit\u00e9ri\u00ed, rodi\u010de posti\u017een\u00fdch d\u011bt\u00ed <a class=\"mh-excerpt-more\" href=\"https:\/\/www.invarena.cz\/?p=52969\" title=\"P\u0159\u00edstup ke vzd\u011bl\u00e1n\u00ed jen pro zdrav\u00e9 d\u011bti? Jindra pro dceru zoufale hled\u00e1 \u0161kolu\">[&#8230;]<\/a><\/p>\n<\/div>","protected":false},"author":1,"featured_media":18704,"comment_status":"open","ping_status":"closed","sticky":false,"template":"","format":"standard","meta":{"footnotes":""},"categories":[9],"tags":[],"class_list":["post-52969","post","type-post","status-publish","format-standard","has-post-thumbnail","hentry","category-zpravy"],"_links":{"self":[{"href":"https:\/\/www.invarena.cz\/index.php?rest_route=\/wp\/v2\/posts\/52969","targetHints":{"allow":["GET"]}}],"collection":[{"href":"https:\/\/www.invarena.cz\/index.php?rest_route=\/wp\/v2\/posts"}],"about":[{"href":"https:\/\/www.invarena.cz\/index.php?rest_route=\/wp\/v2\/types\/post"}],"author":[{"embeddable":true,"href":"https:\/\/www.invarena.cz\/index.php?rest_route=\/wp\/v2\/users\/1"}],"replies":[{"embeddable":true,"href":"https:\/\/www.invarena.cz\/index.php?rest_route=%2Fwp%2Fv2%2Fcomments&post=52969"}],"version-history":[{"count":0,"href":"https:\/\/www.invarena.cz\/index.php?rest_route=\/wp\/v2\/posts\/52969\/revisions"}],"wp:featuredmedia":[{"embeddable":true,"href":"https:\/\/www.invarena.cz\/index.php?rest_route=\/wp\/v2\/media\/18704"}],"wp:attachment":[{"href":"https:\/\/www.invarena.cz\/index.php?rest_route=%2Fwp%2Fv2%2Fmedia&parent=52969"}],"wp:term":[{"taxonomy":"category","embeddable":true,"href":"https:\/\/www.invarena.cz\/index.php?rest_route=%2Fwp%2Fv2%2Fcategories&post=52969"},{"taxonomy":"post_tag","embeddable":true,"href":"https:\/\/www.invarena.cz\/index.php?rest_route=%2Fwp%2Fv2%2Ftags&post=52969"}],"curies":[{"name":"wp","href":"https:\/\/api.w.org\/{rel}","templated":true}]}}