{"id":52972,"date":"2024-11-07T23:23:47","date_gmt":"2024-11-07T22:23:47","guid":{"rendered":"https:\/\/www.invarena.cz\/?p=52972"},"modified":"2024-11-07T23:23:47","modified_gmt":"2024-11-07T22:23:47","slug":"zemrel-vojtech-vasicek-necekany-vladce-petiboje-na-barcelonske-paralympiade","status":"publish","type":"post","link":"https:\/\/www.invarena.cz\/?p=52972","title":{"rendered":"Zem\u0159el Vojt\u011bch Va\u0161\u00ed\u010dek, ne\u010dekan\u00fd vl\u00e1dce p\u011btiboje na barcelonsk\u00e9 paralympi\u00e1d\u011b"},"content":{"rendered":"\n<p>Ve v\u011bku 68 let zem\u0159el Vojt\u011bch Va\u0161\u00ed\u010dek, paralympijsk\u00fd v\u00edt\u011bz v atletick\u00e9m p\u011btiboji z her v Barcelon\u011b 1992. O \u00famrt\u00ed handicapovan\u00e9ho sportovce a funkcion\u00e1\u0159e, jen\u017e po nehod\u011b na motocyklu v 18 letech \u017eil na invalidn\u00edm voz\u00edku, informoval na sv\u00e9m webu \u010cesk\u00fd paralympijsk\u00fd v\u00fdbor.<\/p>\n\n\n\n<p>Cel\u00fd \u010dl\u00e1nek naleznete na idnes.cz: <a href=\"https:\/\/www.idnes.cz\/oh\/paralympijske-hry\/umrti-nekrolog-vojtech-vasicek.A241106_154622_sport_oh_ten\" target=\"_blank\" rel=\"noreferrer noopener\">https:\/\/www.idnes.cz\/oh\/paralympijske-hry\/umrti-nekrolog-vojtech-vasicek.A241106_154622_sport_oh_ten<\/a><\/p>\n","protected":false},"excerpt":{"rendered":"<div class=\"mh-excerpt\"><p>Ve v\u011bku 68 let zem\u0159el Vojt\u011bch Va\u0161\u00ed\u010dek, paralympijsk\u00fd v\u00edt\u011bz v atletick\u00e9m p\u011btiboji z her v Barcelon\u011b 1992. O \u00famrt\u00ed handicapovan\u00e9ho sportovce a funkcion\u00e1\u0159e, jen\u017e po <a class=\"mh-excerpt-more\" href=\"https:\/\/www.invarena.cz\/?p=52972\" title=\"Zem\u0159el Vojt\u011bch Va\u0161\u00ed\u010dek, ne\u010dekan\u00fd vl\u00e1dce p\u011btiboje na barcelonsk\u00e9 paralympi\u00e1d\u011b\">[&#8230;]<\/a><\/p>\n<\/div>","protected":false},"author":1,"featured_media":12567,"comment_status":"open","ping_status":"closed","sticky":false,"template":"","format":"standard","meta":{"footnotes":""},"categories":[9],"tags":[],"class_list":["post-52972","post","type-post","status-publish","format-standard","has-post-thumbnail","hentry","category-zpravy"],"_links":{"self":[{"href":"https:\/\/www.invarena.cz\/index.php?rest_route=\/wp\/v2\/posts\/52972","targetHints":{"allow":["GET"]}}],"collection":[{"href":"https:\/\/www.invarena.cz\/index.php?rest_route=\/wp\/v2\/posts"}],"about":[{"href":"https:\/\/www.invarena.cz\/index.php?rest_route=\/wp\/v2\/types\/post"}],"author":[{"embeddable":true,"href":"https:\/\/www.invarena.cz\/index.php?rest_route=\/wp\/v2\/users\/1"}],"replies":[{"embeddable":true,"href":"https:\/\/www.invarena.cz\/index.php?rest_route=%2Fwp%2Fv2%2Fcomments&post=52972"}],"version-history":[{"count":0,"href":"https:\/\/www.invarena.cz\/index.php?rest_route=\/wp\/v2\/posts\/52972\/revisions"}],"wp:featuredmedia":[{"embeddable":true,"href":"https:\/\/www.invarena.cz\/index.php?rest_route=\/wp\/v2\/media\/12567"}],"wp:attachment":[{"href":"https:\/\/www.invarena.cz\/index.php?rest_route=%2Fwp%2Fv2%2Fmedia&parent=52972"}],"wp:term":[{"taxonomy":"category","embeddable":true,"href":"https:\/\/www.invarena.cz\/index.php?rest_route=%2Fwp%2Fv2%2Fcategories&post=52972"},{"taxonomy":"post_tag","embeddable":true,"href":"https:\/\/www.invarena.cz\/index.php?rest_route=%2Fwp%2Fv2%2Ftags&post=52972"}],"curies":[{"name":"wp","href":"https:\/\/api.w.org\/{rel}","templated":true}]}}