{"id":53034,"date":"2024-11-11T06:05:19","date_gmt":"2024-11-11T05:05:19","guid":{"rendered":"https:\/\/www.invarena.cz\/?p=53034"},"modified":"2024-11-11T06:06:32","modified_gmt":"2024-11-11T05:06:32","slug":"debata-o-vyssi-podpore-o-ovdoveni","status":"publish","type":"post","link":"https:\/\/www.invarena.cz\/?p=53034","title":{"rendered":"Za\u010d\u00edn\u00e1 se debatovat o vy\u0161\u0161\u00ed podpo\u0159e p\u0159i ovdov\u011bn\u00ed\u00a0\u00a0"},"content":{"rendered":"\n<p>\u010cT 1\u00a0&#8211; Ud\u00e1losti<br \/><br \/>Podpora lid\u00ed, kter\u00fdm zem\u0159el bl\u00edzk\u00fd \u010dlov\u011bk. Ve sn\u011bmovn\u011b se politici i z\u00e1stupci neziskov\u00fdch organizac\u00ed shodli, \u017ee by poz\u016fstal\u00fdm m\u011bl v\u00edc pom\u00e1hat st\u00e1t, a to jak senior\u016fm, tak i rodi\u010d\u016fm v produktivn\u00edm v\u011bku s nezaopat\u0159en\u00fdmi d\u011btmi.<br \/><br \/>Lea Surovcov\u00e1, redaktorka \u010cT<br \/>&#8212;&#8212;&#8212;&#8212;&#8212;&#8212;&#8211;<br \/>Veronika Maxi\u00e1nov\u00e1 ovdov\u011bla ne\u010dekan\u011b p\u0159ed dv\u011bma lety. Jej\u00ed man\u017eel m\u011bl autonehodu, bylo j\u00ed 28 let a m\u011bli dvoulet\u00e9ho syna.<br \/><br \/>(syn),<br \/>&#8212;&#8212;&#8212;&#8212;&#8212;&#8212;&#8211;<br \/>Co to je?<br \/><br \/>Veronika Maxi\u00e1nov\u00e1, vdova<br \/>&#8212;&#8212;&#8212;&#8212;&#8212;&#8212;&#8211;<br \/>Co to je? To je sv\u00ed\u010dka? Na \u00fa\u010det toho partnera se vlastn\u011b nedostanete. Ten den, co man\u017eel zem\u0159el, tak j\u00e1 jsem vlastn\u011b z\u016fstala s dvouma tis\u00edcema sama na \u00fa\u010dt\u011b a vy m\u00e1te vlastn\u011b hypot\u00e9ku na krku, \u00fav\u011br na krku.<br \/><br \/>Z\u00e1hy vyhledala pomoc Nada\u010dn\u00edho fondu Vrba. Zku\u0161enosti te\u010f sd\u00edlela i ve sn\u011bmovn\u011b.<br \/><br \/>Veronika Maxi\u00e1nov\u00e1, vdova<br \/>&#8212;&#8212;&#8212;&#8212;&#8212;&#8212;&#8211;<br \/>J\u00e1 jsem moc r\u00e1da, \u017ee se dnes dost\u00e1v\u00e1 pov\u011bdom\u00ed to, \u017ee dosti se t\u00fdk\u00e1 i mlad\u00fdch lid\u00ed v produktivn\u00edm v\u011bku. Mn\u011b velmi pomohly Vrb\u011bnky, kter\u00e9 mi pom\u00e1haly s p\u00e9\u010d\u00ed o syna. Tak tohle by bylo fajn, kdyby se dostalo do syst\u00e9mu.<br \/><br \/>redaktorka \u010cT<br \/>&#8212;&#8212;&#8212;&#8212;&#8212;&#8212;&#8211;<br \/>Dal\u0161\u00edm t\u00e9matem byla dlouh\u00e1 d\u011bdick\u00e1 \u0159\u00edzen\u00ed s nezaopat\u0159en\u00fdmi d\u011btmi, probl\u00e9m zablokov\u00e1n\u00ed \u00fa\u010dt\u016f zesnul\u00e9ho partnera nebo nerovn\u00e9 vypl\u00e1cen\u00ed sirot\u010d\u00edch d\u016fchod\u016f. Z\u00e1rove\u0148 se \u0159e\u0161ila podpora organizac\u00ed, kter\u00e9 ovdov\u011bl\u00fdm pom\u00e1haj\u00ed.<br \/><br \/>Petra Glosr Cvrkalov\u00e1, \u0159eitelka, Nada\u010dn\u00ed fond Vrba<br \/>&#8212;&#8212;&#8212;&#8212;&#8212;&#8212;&#8211;<br \/>My t\u0159eba, \u017ee jo, c\u00edl\u00edme na poz\u016fstal\u00e9 rodiny s d\u011btmi, n\u011bkdo zase c\u00edl\u00ed na d\u011bti v paliativ\u011b, n\u011bkdo c\u00edl\u00ed na seniory. Ale \u017ee by n\u00e1s m\u011bl zast\u0159e\u0161it n\u011bjak\u00fd model.<br \/><br \/>Jitka Pra\u017e\u00e1kov\u00e1, \u0159editelka, Nadace EP Corporate Group<br \/>&#8212;&#8212;&#8212;&#8212;&#8212;&#8212;&#8211;<br \/>Pro m\u011b je to p\u0159esn\u011b ta poz\u016fstalostn\u00ed p\u00e9\u010de a typu psychologick\u00e1, bezplatn\u00e1 psychologick\u00e1 pomoc.<br \/><br \/>redaktorka \u010cT<br \/>&#8212;&#8212;&#8212;&#8212;&#8212;&#8212;&#8211;<br \/>Poz\u016fstalostn\u00ed p\u00e9\u010de je nov\u011b za\u0159azena do oblasti rodinn\u00e9 politiky. I proto se kulat\u00e9ho stolu z\u00fa\u010dastnil ministr Marian Jure\u010dka.<br \/><br \/>Marian Jure\u010dka,\u00a0<strong>ministr<\/strong>\u00a0<strong>pr\u00e1ce<\/strong>\u00a0a soci\u00e1ln\u00edch v\u011bc\u00ed \/KDU-\u010cSL\/<br \/>&#8212;&#8212;&#8212;&#8212;&#8212;&#8212;&#8211;<br \/>Um\u00edme tak chr\u00e1nit tu rodinu, kter\u00e1 si t\u0159eba proch\u00e1z\u00ed tak v\u00fdjime\u010dnou situac\u00ed. Tam vlastn\u011b jako m\u016f\u017ee pr\u00e1v\u011b doj\u00edt k tomu, \u017ee se n\u011bco nestihne v\u010das podat, zaplatit a pak u\u017e se m\u016f\u017ee rozb\u011bhnout velmi rychl\u00fd \u0159et\u011bzec t\u0159eba exekuc\u00ed, ztr\u00e1ty, t\u0159eba i bydlen\u00ed. Tak na tyto v\u011bci se te\u010f sna\u017e\u00edme soust\u0159edit.<br \/><br \/>redaktorka \u010cT<br \/>&#8212;&#8212;&#8212;&#8212;&#8212;&#8212;&#8211;<br \/>Resort soci\u00e1ln\u00edch v\u011bc\u00ed tak\u00e9 pl\u00e1nuje podporu dom\u00e1c\u00edch pe\u010duj\u00edc\u00edch po \u00famrt\u00ed bl\u00edzk\u00e9ho, a to finan\u010dn\u00ed a praktickou. Aby se mohli vr\u00e1tit do pr\u00e1ce. S p\u00e9\u010d\u00ed o poz\u016fstal\u00e9 chce pom\u00e1hat i prvn\u00ed d\u00e1ma. <\/p>\n\n\n\n<p>\u010cesk\u00e1 televize.<\/p>\n","protected":false},"excerpt":{"rendered":"<div class=\"mh-excerpt\"><p>\u010cT 1\u00a0&#8211; Ud\u00e1losti Podpora lid\u00ed, kter\u00fdm zem\u0159el bl\u00edzk\u00fd \u010dlov\u011bk. Ve sn\u011bmovn\u011b se politici i z\u00e1stupci neziskov\u00fdch organizac\u00ed shodli, \u017ee by poz\u016fstal\u00fdm m\u011bl v\u00edc pom\u00e1hat st\u00e1t, <a class=\"mh-excerpt-more\" href=\"https:\/\/www.invarena.cz\/?p=53034\" title=\"Za\u010d\u00edn\u00e1 se debatovat o vy\u0161\u0161\u00ed podpo\u0159e p\u0159i ovdov\u011bn\u00ed\u00a0\u00a0\">[&#8230;]<\/a><\/p>\n<\/div>","protected":false},"author":1,"featured_media":14273,"comment_status":"open","ping_status":"closed","sticky":false,"template":"","format":"standard","meta":{"footnotes":""},"categories":[9],"tags":[],"class_list":["post-53034","post","type-post","status-publish","format-standard","has-post-thumbnail","hentry","category-zpravy"],"_links":{"self":[{"href":"https:\/\/www.invarena.cz\/index.php?rest_route=\/wp\/v2\/posts\/53034","targetHints":{"allow":["GET"]}}],"collection":[{"href":"https:\/\/www.invarena.cz\/index.php?rest_route=\/wp\/v2\/posts"}],"about":[{"href":"https:\/\/www.invarena.cz\/index.php?rest_route=\/wp\/v2\/types\/post"}],"author":[{"embeddable":true,"href":"https:\/\/www.invarena.cz\/index.php?rest_route=\/wp\/v2\/users\/1"}],"replies":[{"embeddable":true,"href":"https:\/\/www.invarena.cz\/index.php?rest_route=%2Fwp%2Fv2%2Fcomments&post=53034"}],"version-history":[{"count":0,"href":"https:\/\/www.invarena.cz\/index.php?rest_route=\/wp\/v2\/posts\/53034\/revisions"}],"wp:featuredmedia":[{"embeddable":true,"href":"https:\/\/www.invarena.cz\/index.php?rest_route=\/wp\/v2\/media\/14273"}],"wp:attachment":[{"href":"https:\/\/www.invarena.cz\/index.php?rest_route=%2Fwp%2Fv2%2Fmedia&parent=53034"}],"wp:term":[{"taxonomy":"category","embeddable":true,"href":"https:\/\/www.invarena.cz\/index.php?rest_route=%2Fwp%2Fv2%2Fcategories&post=53034"},{"taxonomy":"post_tag","embeddable":true,"href":"https:\/\/www.invarena.cz\/index.php?rest_route=%2Fwp%2Fv2%2Ftags&post=53034"}],"curies":[{"name":"wp","href":"https:\/\/api.w.org\/{rel}","templated":true}]}}