{"id":53118,"date":"2024-11-13T11:52:06","date_gmt":"2024-11-13T10:52:06","guid":{"rendered":"https:\/\/www.invarena.cz\/?p=53118"},"modified":"2024-11-13T11:52:30","modified_gmt":"2024-11-13T10:52:30","slug":"uzavirani-pobocek-uradu-prace","status":"publish","type":"post","link":"https:\/\/www.invarena.cz\/?p=53118","title":{"rendered":"Uzav\u00edr\u00e1n\u00ed pobo\u010dek \u00da\u0159adu pr\u00e1ce\u00a0\u00a0"},"content":{"rendered":"\n<p>Prima\u00a0&#8211; Hlavn\u00ed zpr\u00e1vy<br \/><\/p>\n\n\n\n<p>Starostov\u00e9 n\u011bkter\u00fdch obc\u00ed nap\u0159\u00ed\u010d republikou nesouhlas\u00ed s ru\u0161en\u00edm men\u0161\u00edch pobo\u010dek \u00da\u0159adu pr\u00e1ce. Celkem by jich m\u011blo postupn\u011b skon\u010dit 83, co\u017e je zhruba p\u011btina v\u0161ech pracovi\u0161\u0165.<br \/><br \/>Veden\u00ed \u00fa\u0159adu argumentuje bezpe\u010dnost\u00ed \u00fa\u0159edn\u00edk\u016f, kterou lze l\u00e9pe zajistit na v\u011bt\u0161\u00edch pracovi\u0161t\u00edch. Podle starost\u016f na to ale doplat\u00ed lid\u00e9 ze soci\u00e1ln\u011b slab\u0161\u00edch skupin, kte\u0159\u00ed se budou t\u011b\u017eko dost\u00e1vat do v\u011bt\u0161\u00edch m\u011bst.<br \/><br \/>Hlavn\u00ed d\u016fvod ru\u0161en\u00ed pobo\u010dek je ochrana \u00fa\u0159edn\u00edk\u016f. Tak h\u00e1j\u00ed zav\u00edr\u00e1n\u00ed pobo\u010dek veden\u00ed \u00da\u0159adu pr\u00e1ce.<br \/><br \/>Daniel Kri\u0161tof, gener\u00e1ln\u00ed \u0159editel, \u00da\u0159ad pr\u00e1ce<br \/>&#8212;&#8212;&#8212;&#8212;&#8212;&#8212;&#8211;<br \/>Je kl\u00ed\u010dov\u00e9, abysme dodali prost\u0159ed\u00ed, kde skute\u010dn\u011b mohou pracovat, mohou pom\u00e1hat lidem a d\u011blat to bez obavy o svoji vlastn\u00ed bezpe\u010dnost.<br \/><br \/>Marian Jure\u010dka, vicepremi\u00e9r,\u00a0<strong>ministr<\/strong>\u00a0<strong>pr\u00e1ce<\/strong>\u00a0a soci\u00e1ln\u00edch v\u011bc\u00ed \/KDU-\u010cSL\/<br \/>&#8212;&#8212;&#8212;&#8212;&#8212;&#8212;&#8211;<br \/>Ty lidi budeme stahovat do t\u011bch v\u011bt\u0161\u00edch pobo\u010dek tak, abychom na t\u011bch pobo\u010dk\u00e1ch dok\u00e1zali vytvo\u0159it opravdu kvalitn\u00ed klientickou z\u00f3nu.<br \/><br \/>redaktorka<br \/>&#8212;&#8212;&#8212;&#8212;&#8212;&#8212;&#8211;<br \/>N\u011bkte\u0159\u00ed starostov\u00e9 jsou ale proti. Vad\u00ed jim, \u017ee lid\u00e9 z jejich obc\u00ed budou muset na v\u011bt\u0161\u00ed pobo\u010dky slo\u017eit\u011b doj\u00ed\u017ed\u011bt a ti nejzraniteln\u011bj\u0161\u00ed nemus\u00ed m\u00edt na cestu ani pen\u00edze.<br \/><br \/>Milan Pavl\u00edk, starosta M\u011bstce Kr\u00e1lov\u00e9 \/SOCDEM\/<br \/>&#8212;&#8212;&#8212;&#8212;&#8212;&#8212;&#8211;<br \/>Bu\u010f m\u016f\u017eeme jet do Pod\u011bbrad, zde p\u0159estoupit na vlak do Nymburka, anebo p\u0159\u00edmo spojen\u00ed z M\u011bstce Kr\u00e1lov\u00e9 a ta cesta trv\u00e1 zhruba hodinu. Probl\u00e9m je pro t\u011blesn\u011b\u00a0<strong>posti\u017een\u00e9<\/strong>\u00a0nebo star\u0161\u00ed osoby.<br \/><br \/>Iva Mal\u00e1, starostka Votic \/Voti\u010d\u00e1ci spolu\/<br \/>&#8212;&#8212;&#8212;&#8212;&#8212;&#8212;&#8211;<br \/>Z Votic to je 20 km, ale pokud vezmeme t\u0159eba, \u017ee je\u0161t\u011b d\u00e1l k tomu Zv\u011bstovu a dal\u0161\u00edch 15, m\u016f\u017ee to b\u00fdt 35, 40 km, ale s p\u0159estupama se t\u0159eba m\u016f\u017ee st\u00e1t, \u017ee ani ty pen\u00edze na to, aby tam dojeli, pro n\u011b nebudou m\u00edt v tu dobu.<br \/><br \/>redaktorka<br \/>&#8212;&#8212;&#8212;&#8212;&#8212;&#8212;&#8211;<br \/>Takov\u00fd argument ale \u00da\u0159ad pr\u00e1ce nechce p\u0159ijmout.<br \/><br \/>Daniel Kri\u0161tof, gener\u00e1ln\u00ed \u0159editel, \u00da\u0159ad pr\u00e1ce<br \/>&#8212;&#8212;&#8212;&#8212;&#8212;&#8212;&#8211;<br \/>98 % klient\u016f. Tu dojezdovou vzd\u00e1lenost skute\u010dn\u011b od dve\u0159\u00ed ke dve\u0159\u00edm bude m\u00edt bu\u010fto 45 minut ve\u0159ejnou dopravou, anebo 25 minut autem.<br \/><br \/>redaktorka<br \/>&#8212;&#8212;&#8212;&#8212;&#8212;&#8212;&#8211;<br \/>Veden\u00ed \u00da\u0159adu pr\u00e1ce po\u010d\u00edt\u00e1 s t\u00edm, \u017ee by s agendou \u00fa\u0159adu mohly vypom\u00e1hat pobo\u010dky po\u0161t. Podle starost\u016f ale budou fronty na po\u0161t\u00e1ch, po\u0161ta nebude plnit svoji funkci a nav\u00edc bude pouze org\u00e1nem poradn\u00edm.<br \/><br \/>Iva Mal\u00e1, starostka Votic \/Voti\u010d\u00e1ci spolu\/<br \/>&#8212;&#8212;&#8212;&#8212;&#8212;&#8212;&#8211;<br \/>Nen\u00ed vy\u0159e\u0161eno, kdo t\u011bm lidem vlastn\u011b bude pom\u00e1hat s vypl\u0148ov\u00e1n\u00edm \u017e\u00e1dost\u00ed a s online pod\u00e1n\u00edm.<br \/><br \/>Milan Pavl\u00edk, starosta M\u011bstce Kr\u00e1lov\u00e9 \/SOCDEM\/<br \/>&#8212;&#8212;&#8212;&#8212;&#8212;&#8212;&#8211;<br \/>Ne ka\u017ed\u00fd m\u00e1 chytr\u00fd mobil, ne ka\u017ed\u00fd m\u00e1 doma internet.<br \/><br \/>redaktorka<br \/>&#8212;&#8212;&#8212;&#8212;&#8212;&#8212;&#8211;<br \/>Veden\u00ed \u00da\u0159adu pr\u00e1ce po\u010d\u00edt\u00e1 s t\u00edm, \u017ee by se prvn\u00ed pobo\u010dky mohly za\u010d\u00edt uzav\u00edrat v pr\u016fb\u011bhu p\u0159\u00ed\u0161t\u00edho roku. Monika Ber\u00e1nkov\u00e1, CNN Prima News.<br \/><br \/>moder\u00e1torka<br \/>&#8212;&#8212;&#8212;&#8212;&#8212;&#8212;&#8211;<br \/>A ozn\u00e1men\u00e9 ru\u0161en\u00ed pobo\u010dek \u00da\u0159adu pr\u00e1ce vyvolalo velkou nevoli t\u0159eba v Holic\u00edch na Pardubicku. Starosta m\u011bsta dokonce inicioval protestn\u00ed petici, na kter\u00e9 ka\u017ed\u00fdm dnem p\u0159ib\u00fdvaj\u00ed podpisy. N\u011bkte\u0159\u00ed lid\u00e9 toti\u017e m\u00edsto p\u016fl hodiny budou nov\u011b doj\u00ed\u017ed\u011bt na \u00fa\u0159ad i dv\u011b hodiny. A dal\u0161\u00ed ho t\u0159eba ze zdravotn\u00edch d\u016fvod\u016f v\u016fbec nezvl\u00e1dnou.<br \/><br \/>redaktor<br \/>&#8212;&#8212;&#8212;&#8212;&#8212;&#8212;&#8211;<br \/>\u00da\u0159ad pr\u00e1ce v Holic\u00edch m\u00e1 asi 2 200 klient\u016f. Z toho jen dv\u011b stovky jsou nezam\u011bstnan\u00ed a z celkov\u00e9ho po\u010dtu jen asi 10 % je schopno vyu\u017e\u00edvat elektronickou komunikaci.<br \/><br \/>So\u0148a Markov\u00e1, obyvatelka Holic<br \/>&#8212;&#8212;&#8212;&#8212;&#8212;&#8212;&#8211;<br \/>Tam vy\u0159izujeme n\u011bjak\u00e9 v\u011bci ohledn\u011b m\u00e9 maminky, kter\u00e1 je v\u00e1\u017en\u011b nemocn\u00e1, a v\u016fbec si nedovedu p\u0159edstavit situaci, \u017ee bysme m\u011bli doj\u00ed\u017ed\u011bt n\u011bkde do Pardubic nebo do n\u011bjak\u00fdho jin\u00fdho m\u011bsta.<br \/><br \/>redaktor<br \/>&#8212;&#8212;&#8212;&#8212;&#8212;&#8212;&#8211;<br \/>Maminka pan\u00ed Markov\u00e9 je imobiln\u00ed. S \u00fa\u0159adem komunikovat elektronicky nedok\u00e1\u017ee. A doj\u00ed\u017ed\u011bt a\u017e do Pardubic bude velmi n\u00e1ro\u010dn\u00e9.<br \/><br \/>So\u0148a Markov\u00e1, obyvatelka Holic<br \/>&#8212;&#8212;&#8212;&#8212;&#8212;&#8212;&#8211;<br \/>Auto m\u00e1m, ale chod\u00edm do pr\u00e1ce, tak\u017ee bych si na to musela br\u00e1t asi n\u011bjak dovolenou, abych to s n\u00ed mohla za\u0159izovat, tak\u017ee \u010dasov\u011b si to v\u016fbec taky nedovedu p\u0159edstavit.<br \/><br \/>Ond\u0159ej V\u00fdborn\u00fd, starosta Holic \/Pro Holice\/<br \/>&#8212;&#8212;&#8212;&#8212;&#8212;&#8212;&#8211;<br \/>Jsou to lid\u00e9 \u010dasto, kte\u0159\u00ed maj\u00ed zdravotn\u00ed\u00a0<strong>posti\u017een\u00ed<\/strong>, kte\u0159\u00ed jsou ze soci\u00e1ln\u011b t\u011b\u017ek\u00fdch lokalit, tak\u017ee pro n\u011b ta slu\u017eba bude velmi daleko. M\u00e1me zde p\u0159\u00edklad t\u0159ech obc\u00ed, kter\u00e9 dnes se dostanou do Holic v \u0159\u00e1du des\u00edtek minut, nov\u011b je to hodina, nebo i dokonce dv\u011b hodiny cesty do Pardubic.<br \/><br \/>redaktor<br \/>&#8212;&#8212;&#8212;&#8212;&#8212;&#8212;&#8211;<br \/>Proto starosta inicioval petici. Petice m\u00e1 u\u017e v\u00edce ne\u017e stovku podpis\u016f na vyti\u0161t\u011bn\u00fdch ar\u0161\u00edch a dal\u0161\u00ed v\u00edce ne\u017e \u010dty\u0159i stovky na internetu.<br \/><br \/>Ond\u0159ej V\u00fdborn\u00fd, starosta Holic \/Pro Holice\/<br \/>&#8212;&#8212;&#8212;&#8212;&#8212;&#8212;&#8211;<br \/>N\u011bkdo p\u0159ijde s takovouto my\u0161lenkou, ani\u017e by s n\u00e1mi jako s obc\u00ed s roz\u0161\u00ed\u0159enou p\u016fsobnost\u00ed dop\u0159edu projedn\u00e1val dopady pro region.<br \/><br \/>redaktor<br \/>&#8212;&#8212;&#8212;&#8212;&#8212;&#8212;&#8211;<br \/>\u00da\u0159ad pr\u00e1ce m\u00e1 v pl\u00e1nu na jihu \u010cech zru\u0161it dvan\u00e1ct pobo\u010dek. Jednou z nich je i tahle v Nov\u00fdch Hradech.<br \/><br \/>anketa<br \/>&#8212;&#8212;&#8212;&#8212;&#8212;&#8212;&#8211;<br \/>J\u00e1 m\u00e1m dv\u011b mal\u00fd d\u011bti a jako pro m\u011b je to i finan\u010dn\u011b, i jakoby \u010dasov\u011b n\u00e1ro\u010dn\u00fd, jezdit a\u017e tady odsud do Bud\u011bjovic, no.<br \/><br \/>anketa<br \/>&#8212;&#8212;&#8212;&#8212;&#8212;&#8212;&#8211;<br \/>Prakticky \u00fa\u0159ady pr\u00e1ce jsou p\u0159\u00edmo pro \u010dlov\u011bka d\u016fle\u017eit\u00fd. J\u00e1 nev\u00edm, pro\u010d je ru\u0161\u00ed.<br \/><br \/>Vladim\u00edr Hokr, starosta Nov\u00fdch Hrad\u016f \/Ob\u010dan\u00e9 pro zdrav\u00e9 m\u011bsto\/<br \/>&#8212;&#8212;&#8212;&#8212;&#8212;&#8212;&#8211;<br \/>Pot\u0159ebujete poradenstv\u00ed, pot\u0159ebujete nav\u00e9st a to si mysl\u00edm, \u017ee v\u0161echno \u0159\u00edct p\u0159es n\u011bjak\u00fd digit\u00e1ln\u00ed formul\u00e1\u0159e se bude d\u011blat \u0161patn\u011b.<br \/><br \/>CNN Prima News.<br \/><\/p>\n","protected":false},"excerpt":{"rendered":"<div class=\"mh-excerpt\"><p>Prima\u00a0&#8211; Hlavn\u00ed zpr\u00e1vy Starostov\u00e9 n\u011bkter\u00fdch obc\u00ed nap\u0159\u00ed\u010d republikou nesouhlas\u00ed s ru\u0161en\u00edm men\u0161\u00edch pobo\u010dek \u00da\u0159adu pr\u00e1ce. Celkem by jich m\u011blo postupn\u011b skon\u010dit 83, co\u017e je zhruba <a class=\"mh-excerpt-more\" href=\"https:\/\/www.invarena.cz\/?p=53118\" title=\"Uzav\u00edr\u00e1n\u00ed pobo\u010dek \u00da\u0159adu pr\u00e1ce\u00a0\u00a0\">[&#8230;]<\/a><\/p>\n<\/div>","protected":false},"author":1,"featured_media":1077,"comment_status":"open","ping_status":"closed","sticky":false,"template":"","format":"standard","meta":{"footnotes":""},"categories":[9],"tags":[],"class_list":["post-53118","post","type-post","status-publish","format-standard","has-post-thumbnail","hentry","category-zpravy"],"_links":{"self":[{"href":"https:\/\/www.invarena.cz\/index.php?rest_route=\/wp\/v2\/posts\/53118","targetHints":{"allow":["GET"]}}],"collection":[{"href":"https:\/\/www.invarena.cz\/index.php?rest_route=\/wp\/v2\/posts"}],"about":[{"href":"https:\/\/www.invarena.cz\/index.php?rest_route=\/wp\/v2\/types\/post"}],"author":[{"embeddable":true,"href":"https:\/\/www.invarena.cz\/index.php?rest_route=\/wp\/v2\/users\/1"}],"replies":[{"embeddable":true,"href":"https:\/\/www.invarena.cz\/index.php?rest_route=%2Fwp%2Fv2%2Fcomments&post=53118"}],"version-history":[{"count":0,"href":"https:\/\/www.invarena.cz\/index.php?rest_route=\/wp\/v2\/posts\/53118\/revisions"}],"wp:featuredmedia":[{"embeddable":true,"href":"https:\/\/www.invarena.cz\/index.php?rest_route=\/wp\/v2\/media\/1077"}],"wp:attachment":[{"href":"https:\/\/www.invarena.cz\/index.php?rest_route=%2Fwp%2Fv2%2Fmedia&parent=53118"}],"wp:term":[{"taxonomy":"category","embeddable":true,"href":"https:\/\/www.invarena.cz\/index.php?rest_route=%2Fwp%2Fv2%2Fcategories&post=53118"},{"taxonomy":"post_tag","embeddable":true,"href":"https:\/\/www.invarena.cz\/index.php?rest_route=%2Fwp%2Fv2%2Ftags&post=53118"}],"curies":[{"name":"wp","href":"https:\/\/api.w.org\/{rel}","templated":true}]}}