{"id":53322,"date":"2024-12-28T10:27:43","date_gmt":"2024-12-28T09:27:43","guid":{"rendered":"https:\/\/www.invarena.cz\/?p=53322"},"modified":"2024-12-28T10:27:43","modified_gmt":"2024-12-28T09:27:43","slug":"jinde-nemaji-tolik-svobody-jako-u-nas","status":"publish","type":"post","link":"https:\/\/www.invarena.cz\/?p=53322","title":{"rendered":"Jinde nemaj\u00ed tolik svobody jako u n\u00e1s\u00a0\u00a0"},"content":{"rendered":"\n<p>Radio\u017eurn\u00e1l\u00a0&#8211; Rann\u00ed interview <br \/><\/p>\n\n\n\n<p>Tereza Hovad\u00edkov\u00e1 z Hav\u00ed\u0159ova se od sv\u00fdch 14 let v\u011bnuje dobrovolnictv\u00ed v\u011bt\u0161inu sv\u00e9ho voln\u00e9ho \u010dasu, pom\u00e1h\u00e1 handicapovan\u00fdm lidem v roce 2022. Za to z\u00edskala Krajskou cenu Dobrovolnice roku. Jedn\u00edm z jej\u00edch klient\u016f je Adam, kter\u00fd trp\u00ed spin\u00e1ln\u00ed muskul\u00e1rn\u00ed atrofi\u00ed. V posledn\u00edm d\u00edle na\u0161eho seri\u00e1lu Narozen\u00ed do Svobody usly\u0161\u00edte, co pro n\u011b znamen\u00e1 \u017eivot v demokratick\u00e9 spole\u010dnosti.<br \/><br \/>redaktor<br \/>&#8212;&#8212;&#8212;&#8212;&#8212;&#8212;&#8211;<br \/>Tereza pom\u00e1h\u00e1 Adamovi najet s elektrick\u00fdm voz\u00edkem.<br \/>Do speci\u00e1ln\u011b upraven\u00e9ho auta, Adam trp\u00ed spin\u00e1ln\u00ed svalovou atrofi\u00ed, to znamen\u00e1, \u017ee mu postupn\u011b ochabuj\u00ed svaly na t\u011ble. Za sebou M\u00e1 pravidelnou hodinu rehabilitace. A te\u010f vyr\u00e1\u017e\u00edme do m\u011bsta.<br \/><br \/>mluv\u010d\u00ed 2,<br \/>&#8212;&#8212;&#8212;&#8212;&#8212;&#8212;&#8211;<br \/>Pojedeme kafat asi do Futura a pak se uvid\u00ed, no, jako prost\u011b mo\u017en\u00e1 stihnem n\u00e1kup.<br \/><br \/>Franti\u0161ek Ku\u010da, redaktor<br \/>&#8212;&#8212;&#8212;&#8212;&#8212;&#8212;&#8211;<br \/>A zat\u00edmco se p\u0159esouv\u00e1me do kav\u00e1rny, tak j\u00e1 tady Terku tro\u0161ku ru\u0161\u00edm p\u0159i \u0159\u00edzen\u00ed.<br \/>Jak dlouho Vlastn\u011b d\u011bl\u00e1te Dobrovolnictv\u00ed? A jak Jste se k tomu dostala.<br \/><br \/>mluv\u010d\u00ed 5,<br \/>&#8212;&#8212;&#8212;&#8212;&#8212;&#8212;&#8211;<br \/>Od 14 let, Mysl\u00edm. M\u016fj ta\u0165ka m\u011bl vlastn\u011b pracovn\u00ed \u00faraz, kde m\u011bl po tom \u00farazu n\u00e1sledky zdravotn\u00ed, za\u010dal chodit na rehabilitace. Tam n\u00e1s sezn\u00e1mili s organizac\u00ed, do kter\u00e9 doch\u00e1z\u00edme jednou m\u011bs\u00ed\u010dn\u011b, kter\u00e1 spojuje lidi s handicapem, d\u011bti s p\u011bstounsk\u00fdch rodin i dal\u0161\u00ed. A ta vlastn\u011b spolupracuje s organizac\u00ed, kde d\u011bl\u00e1m dobrovolnictv\u00ed.<br \/><br \/>mluv\u010d\u00ed 6,<br \/>&#8212;&#8212;&#8212;&#8212;&#8212;&#8212;&#8211;<br \/>Po\u010dkej. Vystupujeme u obchodn\u00edho centra. A j\u00e1 se pt\u00e1m Adama, jak by si p\u0159edstavil sv\u016fj \u017eivot t\u0159eba p\u0159ed 40 lety.<br \/><br \/>mluv\u010d\u00ed 7,<br \/>&#8212;&#8212;&#8212;&#8212;&#8212;&#8212;&#8211;<br \/>No, a jsem teda nebyl tak jednoduch\u00fd. Mysl\u00edm si, \u017ee by to bylo hodn\u011b slo\u017eit\u011bj\u0161\u00ed v tom n\u011bjak se jako zapojit do t\u00e9 spole\u010dnosti.<br \/><br \/>redaktor<br \/>&#8212;&#8212;&#8212;&#8212;&#8212;&#8212;&#8211;<br \/>Adamovi dala dne\u0161n\u00ed doba mo\u017enost vystudovat vysokou \u0161kolu, pracuje jako poradce pro rodiny, kter\u00e9 pe\u010duj\u00ed o lidi stejn\u011b\u00a0<strong>posti\u017een\u00e9<\/strong>\u00a0jako on, d\u011bl\u00e1 taky besedy ve \u0161kol\u00e1ch. Tereza mu pom\u00e1h\u00e1 jednou t\u00fddn\u011b s n\u00e1kupy, s \u00faklidem doma nebo s va\u0159en\u00edm. Krom\u011b toho doch\u00e1z\u00ed n\u011bkolikr\u00e1t t\u00fddn\u011b do neziskov\u00e9 organizace Br\u00e1na.<br \/><br \/>mluv\u010d\u00ed 5,<br \/>&#8212;&#8212;&#8212;&#8212;&#8212;&#8212;&#8211;<br \/>Kde jsou bu\u010f n\u011bjak\u00e9 ka\u017edodenn\u00ed aktivity v t\u00fddnu, anebo jsou n\u011bjak\u00e9 mimo\u0159\u00e1dn\u00e9 aktivity jako cesty za pozn\u00e1n\u00edm, nebo kter\u00e9 jsou vlastn\u011b celodenn\u00ed p\u0159es v\u00edkend.<br \/><br \/>Franti\u0161ek Ku\u010da, redaktor<br \/>&#8212;&#8212;&#8212;&#8212;&#8212;&#8212;&#8211;<br \/>V\u011bt\u0161inou pe\u010dovatelsk\u00e1 povaha a chu\u0165 pom\u00e1hat se u Terezy projevovala u\u017e od d\u011btstv\u00ed, \u0159\u00edk\u00e1 jej\u00ed maminka Iveta, kter\u00e1 za\u017eila 17. listopad 89 jako st\u0159edo\u0161kola\u010dka.<br \/><br \/>mluv\u010d\u00ed 8,<br \/>&#8212;&#8212;&#8212;&#8212;&#8212;&#8212;&#8211;<br \/>\u0158\u00edkala jsem jim, jak\u00e9 to bylo, jak jsem vlastn\u011b vyr\u016fstala j\u00e1 a co v\u0161echno oni te\u010f m\u016f\u017eou A \u0159\u00edk\u00e1m to, \u017ee pr\u00e1v\u011b m\u016f\u017ee j\u00edt t\u0159eba takhle vycestovat do zahrani\u010d\u00ed a n\u011bkdy dobrovolni\u010dit do rozvojov\u00fdch zem\u00ed. A m\u00e1 to vlastn\u011b p\u0159\u00edle\u017eitosti ze \u0161koly, kter\u00e1 j\u00ed to plat\u00ed. Tak pro m\u011b to je sen.<br \/><br \/>Franti\u0161ek Ku\u010da, redaktor<br \/>&#8212;&#8212;&#8212;&#8212;&#8212;&#8212;&#8211;<br \/>Srovn\u00e1n\u00ed, jak m\u016f\u017ee vypadat \u017eivot jinde, m\u00e1 Tereza z m\u011bs\u00ed\u010dn\u00edho pobytu v Keni, kde pracovala jako dobrovoln\u00edk v sirot\u010dinci.<br \/><br \/>mluv\u010d\u00ed 5,<br \/>&#8212;&#8212;&#8212;&#8212;&#8212;&#8212;&#8211;<br \/>Ti lidi maj\u00ed \u00fapln\u011b jinak nastaven\u00e9 hodnoty, n\u011bjak\u00e9 pot\u0159eby a ka\u017ed\u00e1 mali\u010dkost je pro n\u011b jakoby velik\u00e1, vlastn\u011b to, co my bereme jako mali\u010dkost, tak pro n\u011b je to obrovsk\u00e1 v\u011bc.<br \/><br \/>mluv\u010d\u00ed 9,<br \/>&#8212;&#8212;&#8212;&#8212;&#8212;&#8212;&#8211;<br \/>Te\u010f ta hlavn\u00ed ot\u00e1zka, co pro v\u00e1s znamen\u00e1 Svoboda a \u017e\u00edt ve svobod\u011b?<br \/><br \/>mluv\u010d\u00ed 5,<br \/>&#8212;&#8212;&#8212;&#8212;&#8212;&#8212;&#8211;<br \/>Mysl\u00edm si, \u017ee v Evrop\u011b je ta svoboda n\u011bco mo\u017en\u00e1, \u010deho si lidi a\u017e tak nev\u00e1\u017e\u00ed, si mysl\u00edm pr\u00e1v\u011b, jak jsem mohla poznat tu Afriku, kde ty lidi, sice je to demokratick\u00e1 zem\u011b, tak je obecn\u011b, ale bohu\u017eel tam a\u017e tak tu svobodu nemaj\u00ed tak jako my. Moment\u00e1ln\u011b Pro m\u011b, jako ve studentsk\u00e9m \u017eivot\u011b, to je mo\u017enost cestovat, mo\u017enost pozn\u00e1vat a m\u00edt n\u011bjakou samoz\u0159ejm\u011b svobodu slova, co\u017e v jin\u00fdch zem\u00edch tak \u00fapln\u011b nen\u00ed. Mysl\u00edm si, \u017ee je t\u0159eba si toho ur\u010dit\u011b v\u00e1\u017eit.<br \/><br \/>mluv\u010d\u00ed 3,<br \/>&#8212;&#8212;&#8212;&#8212;&#8212;&#8212;&#8211;<br \/>A c\u00edt\u00edte se svobodn\u00e1.<br \/><br \/>Franti\u0161ek Ku\u010da, redaktor<br \/>&#8212;&#8212;&#8212;&#8212;&#8212;&#8212;&#8211;<br \/>Ano. Po dostudov\u00e1n\u00ed by se Tereza r\u00e1da v\u011bnovala d\u011btem s poruchami chov\u00e1n\u00ed nebo ran\u00e9 p\u00e9\u010di.<\/p>\n\n\n\n<p>Radio\u017eurn\u00e1l.<br \/><\/p>\n","protected":false},"excerpt":{"rendered":"<div class=\"mh-excerpt\"><p>Radio\u017eurn\u00e1l\u00a0&#8211; Rann\u00ed interview Tereza Hovad\u00edkov\u00e1 z Hav\u00ed\u0159ova se od sv\u00fdch 14 let v\u011bnuje dobrovolnictv\u00ed v\u011bt\u0161inu sv\u00e9ho voln\u00e9ho \u010dasu, pom\u00e1h\u00e1 handicapovan\u00fdm lidem v roce 2022. Za <a class=\"mh-excerpt-more\" href=\"https:\/\/www.invarena.cz\/?p=53322\" title=\"Jinde nemaj\u00ed tolik svobody jako u n\u00e1s\u00a0\u00a0\">[&#8230;]<\/a><\/p>\n<\/div>","protected":false},"author":1,"featured_media":53948,"comment_status":"open","ping_status":"closed","sticky":false,"template":"","format":"standard","meta":{"footnotes":""},"categories":[12],"tags":[],"class_list":["post-53322","post","type-post","status-publish","format-standard","has-post-thumbnail","hentry","category-rozhovory"],"_links":{"self":[{"href":"https:\/\/www.invarena.cz\/index.php?rest_route=\/wp\/v2\/posts\/53322","targetHints":{"allow":["GET"]}}],"collection":[{"href":"https:\/\/www.invarena.cz\/index.php?rest_route=\/wp\/v2\/posts"}],"about":[{"href":"https:\/\/www.invarena.cz\/index.php?rest_route=\/wp\/v2\/types\/post"}],"author":[{"embeddable":true,"href":"https:\/\/www.invarena.cz\/index.php?rest_route=\/wp\/v2\/users\/1"}],"replies":[{"embeddable":true,"href":"https:\/\/www.invarena.cz\/index.php?rest_route=%2Fwp%2Fv2%2Fcomments&post=53322"}],"version-history":[{"count":0,"href":"https:\/\/www.invarena.cz\/index.php?rest_route=\/wp\/v2\/posts\/53322\/revisions"}],"wp:featuredmedia":[{"embeddable":true,"href":"https:\/\/www.invarena.cz\/index.php?rest_route=\/wp\/v2\/media\/53948"}],"wp:attachment":[{"href":"https:\/\/www.invarena.cz\/index.php?rest_route=%2Fwp%2Fv2%2Fmedia&parent=53322"}],"wp:term":[{"taxonomy":"category","embeddable":true,"href":"https:\/\/www.invarena.cz\/index.php?rest_route=%2Fwp%2Fv2%2Fcategories&post=53322"},{"taxonomy":"post_tag","embeddable":true,"href":"https:\/\/www.invarena.cz\/index.php?rest_route=%2Fwp%2Fv2%2Ftags&post=53322"}],"curies":[{"name":"wp","href":"https:\/\/api.w.org\/{rel}","templated":true}]}}