{"id":53376,"date":"2024-12-28T11:23:08","date_gmt":"2024-12-28T10:23:08","guid":{"rendered":"https:\/\/www.invarena.cz\/?p=53376"},"modified":"2024-12-28T11:23:10","modified_gmt":"2024-12-28T10:23:10","slug":"makularni-degenerace-sitnice-muze-byt-i-geneticky-podminena","status":"publish","type":"post","link":"https:\/\/www.invarena.cz\/?p=53376","title":{"rendered":"Makul\u00e1rn\u00ed degenerace s\u00edtnice m\u016f\u017ee b\u00fdt i geneticky podm\u00edn\u011bn\u00e1\u00a0\u00a0"},"content":{"rendered":"\n<p>\u010cRo Dvojka\u00a0&#8211; Poradna<br \/><\/p>\n\n\n\n<p>Makul\u00e1rn\u00ed degenerace je z\u00e1va\u017en\u00e9 onemocn\u011bn\u00ed, kter\u00e9 postihuje st\u00e1le v\u00edce lid\u00ed, zp\u016fsobuje postupnou ztr\u00e1tu centr\u00e1ln\u00edho vid\u011bn\u00ed a v\u00fdrazn\u011b zhor\u0161uje kvalitu \u017eivota. Jak\u00e9 jsou prvn\u00ed p\u0159\u00edznaky, kter\u00fdch bychom si m\u011bli v\u0161\u00edmat a jestli existuje n\u011bjak\u00e1 prevence a tak\u00e9, jestli se zlep\u0161uj\u00ed mo\u017enosti l\u00e9\u010dby, zkr\u00e1tka makul\u00e1rn\u00ed degeneraci, se budeme v\u011bnovat i v dne\u0161n\u00ed Poradn\u011b a prostor pro sv\u00e9 dotazy pochopiteln\u011b dostanete i vy. Na\u0161\u00edm dne\u0161n\u00edm t\u00e9matem v Poradn\u011b je makul\u00e1rn\u00ed degenerace a hostem ve studiu vedouc\u00ed l\u00e9ka\u0159 specializace oftalmologie Canadian Medical, pan Dr. Vadim Friedman.<br \/><br \/>Hezk\u00fd den. Pane doktore. Co je v\u011bkem podm\u00edn\u011bn\u00e1 makul\u00e1rn\u00ed degenerace a jakou \u010d\u00e1st oka, oka vlastn\u011b postihuje, jak\u00e9 jde, jak\u00e9 je to.<br \/><br \/>mluv\u010d\u00ed 1,<br \/>&#8212;&#8212;&#8212;&#8212;&#8212;&#8212;&#8211;<br \/>Onemocn\u011bn\u00ed v\u011bkem podm\u00edn\u011bn\u00e1 makul\u00e1rn\u00ed degenerace, je z\u00edskan\u00fd degenerativn\u00ed onemocn\u011bn\u00ed s\u00edtnice, kter\u00e9 postihuje hlavn\u00ed makulu, \u010desky je to \u017elut\u00e1 skvrna a tato \u010d\u00e1st s\u00edtnice m\u00e1 nejvy\u0161\u0161\u00ed koncentrace fotoreceptoru a t\u00edm p\u00e1dem toto onemocn\u011bn\u00ed v pokro\u010dilej\u0161\u00edch f\u00e1z\u00edch ovliv\u0148uje zrakovou ostrost.<br \/><br \/>\u0160\u00e1rka Volemanov\u00e1, moder\u00e1torka<br \/>&#8212;&#8212;&#8212;&#8212;&#8212;&#8212;&#8211;<br \/>Vlastn\u011b v tom n\u00e1zvu je v\u011bkov\u011b podm\u00edn\u011bn\u00e1 makul\u00e1rn\u00ed degenerace, je to tedy onemocn\u011bn\u00ed, kter\u00fd je souvzta\u017en\u00e9 s vy\u0161\u0161\u00edm v\u011bkem, anebo v\u016fbec.<br \/><br \/>mluv\u010d\u00ed 1,<br \/>&#8212;&#8212;&#8212;&#8212;&#8212;&#8212;&#8211;<br \/>ur\u010dit\u011b jedna z rizikov\u00fdch faktor\u016f tohoto onemocn\u011bn\u00ed je samoz\u0159ejm\u011b v\u011bk, kter\u00e9 je neovlivniteln\u00fd, ale \u010dasto to postihuje lidi, kte\u0159\u00ed jsou star\u0161\u00ed 65 let.<br \/><br \/>Jan Burda, moder\u00e1tor<br \/>&#8212;&#8212;&#8212;&#8212;&#8212;&#8212;&#8211;<br \/>Tak\u017ee ve 47 letech se mi to st\u00e1t m\u016f\u017ee nebo nem\u016f\u017ee.<br \/><br \/>mluv\u010d\u00ed 1,<br \/>&#8212;&#8212;&#8212;&#8212;&#8212;&#8212;&#8211;<br \/>Jsou vz\u00e1cn\u00fd degenerativn\u00ed onemocn\u011bn\u00ed s\u00edtnice, kter\u00e9 jsou famili\u00e1rn\u00ed, neboli z\u00edskan\u00fd geneticky v rodin\u011b a ty se mohou vyskytnout v mlad\u0161\u00edm v\u011bku, ale t\u00edm p\u00e1dem nemluv\u00edm jen o typicky v\u011bkem podm\u00edn\u011bn\u00e9 makulodegeneraci jako takov\u00e9.<br \/><br \/>\u0160\u00e1rka Volemanov\u00e1, moder\u00e1torka<br \/>&#8212;&#8212;&#8212;&#8212;&#8212;&#8212;&#8211;<br \/>Pane doktore, pov\u011bzte, jak\u00e9 jsou vlastn\u011b p\u0159\u00edznaky, co najednou se za\u010dne d\u00edt s na\u0161ima o\u010dima? Nen\u00ed to v po\u0159\u00e1dku.<br \/><br \/>mluv\u010d\u00ed 1,<br \/>&#8212;&#8212;&#8212;&#8212;&#8212;&#8212;&#8211;<br \/>Tak co se t\u00fd\u010de po\u010d\u00ednaj\u00edc\u00ed faze tohoto onemocn\u011bn\u00ed, ty p\u0159\u00edznaky nejsou a\u017e p\u0159\u00edli\u0161 z\u00e1va\u017en\u00fd a \u010dasto ten pacient je tzv. asymptomatick\u00fd, znamen\u00e1, \u017ee ani nev\u00ed, \u017ee m\u00e1 jakoukoliv chorobu nebo\u00a0<strong>posti\u017een\u00ed<\/strong>\u00a0s\u00edtnice a a\u017e vpokro\u010dilej\u0161\u00edch f\u00e1z\u00edch, kdy\u017e \u00fabytek t\u011bch fotoreceptor\u016f je pokro\u010dil\u00fd, tak pak u\u017e pacient m\u016f\u017ee vn\u00edmat tzv. metamorfopsii nebo zvln\u011bn\u00ed toho obrazu, zhor\u0161en\u00ed zraku, zhor\u0161en\u00ed zrakov\u00fd ostrosti jak na bl\u00edzko, tak na d\u00e1lku a vz\u00e1cn\u011b, kdy\u017e se jedn\u00e1 o vlhk\u00fd formy v\u011bkem podm\u00edn\u011bn\u00e9 makul\u00e1rn\u00ed degenerace, tak pak pacient m\u016f\u017ee p\u0159ij\u00edt s n\u00e1hl\u00fdm zhor\u0161en\u00fdm vid\u011bn\u00ed kv\u016fli zakrv\u00e1cen\u00ed nebo prosakovan\u00ed. <br \/><br \/>Jan Burda, moder\u00e1tor<br \/>&#8212;&#8212;&#8212;&#8212;&#8212;&#8212;&#8211;<br \/>Pane doktore, vy jste te\u010f popsal. D\u00edky za to. N\u011bkter\u00e9 projevy makul\u00e1rn\u00ed degenerace, existuj\u00ed n\u011bjak\u00e9 hlavn\u00ed typy, p\u0159\u00edpadn\u011b v \u010dem se li\u0161\u00ed nebo u\u017e jsme je popsali.<br \/><br \/>mluv\u010d\u00ed 1,<br \/>&#8212;&#8212;&#8212;&#8212;&#8212;&#8212;&#8211;<br \/>Ano, kdy\u017e mluv\u00edme o v\u011bkem podm\u00edn\u011bn\u00e9 makul\u00e1rn\u00ed degeneraci, tak jsou dva typy. Prvn\u00ed typ je such\u00e1, forma, kter\u00e9 je charakterizovan\u00e1 kumulace dr\u00faz v membr\u00e1n\u011b s\u00edtnice. A toto nemocn\u00fd, kdy\u017e pokra\u010duje d\u00e1l, tak pak v termin\u00e1ln\u00edm stavu vyvol\u00e1v\u00e1 tzv. atrofii, p\u0159i kter\u00e9 pacient m\u00e1 tzv. leg\u00e1ln\u00ed slepotu. A to nen\u00ed, \u017ee \u00fapln\u00fd oslepne, \u017ee nevid\u00ed v\u016fbec nic na to oko, ale jak jsem zm\u00ednil p\u0159edt\u00edm, tam je hlavn\u011b ovlivn\u011bna ta \u017elut\u00e1 skvrna, on m\u00e1 jakoby flek uprost\u0159ed toho zorn\u00e9ho pole, ale ta periferie je zachovan\u00e1, tak\u017ee orientace v prostoru toho pacienta z\u016fst\u00e1v\u00e1, ale bohu\u017eel centr\u00e1ln\u00ed zrakov\u00e1 ostrost je velmi slab\u00e1 a vlhk\u00e1 forma, v\u011bkem podm\u00edn\u011bn\u00e9 makul\u00e1rn\u00ed degenerace je charakterizovan\u00e1, nov\u011b vytvo\u0159en\u00fdmi c\u00e9vami, kter\u00e9 jsou samoz\u0159ejm\u011b patologick\u00e9, kter\u00e9 jsou vyvol\u00e1ny dlouhodob\u00fdm procesem z\u00e1n\u011btu a ty vyvol\u00e1vaj\u00ed \u010dasem r\u016fzn\u00fd faktory tzv. vasoendoteli\u00e1ln\u00ed faktor, kter\u00e9 pak vyvol\u00e1v\u00e1 ty vytvo\u0159en\u00e9 c\u00e9vy, kter\u00e9 jsou \u0161patn\u011b kvality. A prosakuj\u00ed.<br \/><br \/>\u0160\u00e1rka Volemanov\u00e1, moder\u00e1torka<br \/>&#8212;&#8212;&#8212;&#8212;&#8212;&#8212;&#8211;<br \/>D\u011bkujeme. samoz\u0159ejm\u011b v na\u0161\u00ed Poradn\u011b i dnes m\u016f\u017eete a j\u00e1 p\u0159id\u00e1m kontakty k n\u00e1m do studia 702 222 220, \u010d\u00edslo pro esemeskov\u00e9 dotazy dvojka@rozhlas.cz, na\u0161e emailov\u00e1 adresa a p\u0159id\u00e1m je\u0161t\u011b telefonn\u00ed \u010d\u00edslo 22 155 25 20.<br \/><br \/>Jan Burda, moder\u00e1tor<br \/>&#8212;&#8212;&#8212;&#8212;&#8212;&#8212;&#8211;<br \/>Na\u0161\u00edm dne\u0161n\u00edm t\u00e9matem je makul\u00e1rn\u00ed degenerace. V\u011bnujeme se zraku a spole\u010dn\u011b s n\u00e1mi je ve vys\u00edl\u00e1n\u00ed Dr. Vadim Friedman, vedouc\u00ed l\u00e9ka\u0159 specializace oftalmologie Canadian Medical.<br \/><br \/>\u0160\u00e1rka Volemanov\u00e1, moder\u00e1torka<br \/>&#8212;&#8212;&#8212;&#8212;&#8212;&#8212;&#8211;<br \/>My jsme dali prostor i dnes na\u0161im poslucha\u010d\u016fm. N\u011bkdo vyu\u017eil telefonn\u00edho \u010d\u00edsla k n\u00e1m, to znamen\u00e1, \u017ee se m\u016f\u017ee pt\u00e1t. Hezk\u00e9 dopoledne a v\u00edtejte u n\u00e1s na Dvojce.<br \/><br \/>mluv\u010d\u00ed 2,<br \/>&#8212;&#8212;&#8212;&#8212;&#8212;&#8212;&#8211;<br \/>Dobr\u00fd den. Dobr\u00fd den Z Prahy. Cht\u011bla jsem se zeptat, zda. Druhotn\u00fd \u0161ed\u00fd z\u00e1kal n\u011bjak souvis\u00ed s makul\u00e1rn\u00ed degenerac\u00ed, d\u011bkuji.<br \/><br \/>mluv\u010d\u00ed 1,<br \/>&#8212;&#8212;&#8212;&#8212;&#8212;&#8212;&#8211;<br \/>Nem\u00e1 to nic spole\u010dn\u00e9ho s makul\u00e1rn\u00ed generac\u00ed a je l\u00e9\u010diteln\u00fd laserov\u00fdm z\u00e1krokem.<br \/><br \/>mluv\u010d\u00ed 5,<br \/>&#8212;&#8212;&#8212;&#8212;&#8212;&#8212;&#8211;<br \/>D\u011bkujeme. Takov\u00e1 byla odpov\u011b\u010f.<br \/><br \/>Jan Burda, moder\u00e1tor<br \/>&#8212;&#8212;&#8212;&#8212;&#8212;&#8212;&#8211;<br \/>Ano. A my v\u00edt\u00e1me dal\u0161\u00ed poslucha\u010dku nebo poslucha\u010de, dobr\u00fd den. Kdopak se dovolal? M\u016f\u017eete se pt\u00e1t.<br \/><br \/>mluv\u010d\u00ed 6,<br \/>&#8212;&#8212;&#8212;&#8212;&#8212;&#8212;&#8211;<br \/>Dobr\u00fd den. Tady Vlasta z Nov\u00fdho Boru<br \/>J\u00e1 m\u00e1m makul\u00e1rn\u00ed degeneraci u\u017e \u0161estej rok, na jedn\u00e9 m\u00e1m mokrou a na druhou suchou, v t\u00fd mokr\u00fd jsem m\u011bla 12 injekc\u00ed, nem\u016f\u017eu nic jako p\u0159e\u010d\u00edst, m\u00e1m perifern\u00ed vid\u011bn\u00ed a d\u00e1 se s t\u00edm je\u0161t\u011b n\u011bco d\u011blat.<br \/><br \/>mluv\u010d\u00ed 1,<br \/>&#8212;&#8212;&#8212;&#8212;&#8212;&#8212;&#8211;<br \/>Dobr\u00fd den. Pane Vlasto, p\u0159edpokl\u00e1d\u00e1m, \u017ee pokud se jedn\u00e1 o vlhk\u00fd formy, tak jste dost\u00e1vala biologickou l\u00e9\u010dbu. Je to tak.<br \/><br \/>mluv\u010d\u00ed 6,<br \/>&#8212;&#8212;&#8212;&#8212;&#8212;&#8212;&#8211;<br \/>Ano, Dost\u00e1vala jsem 12 injekc\u00ed.<br \/><br \/>mluv\u010d\u00ed 1,<br \/>&#8212;&#8212;&#8212;&#8212;&#8212;&#8212;&#8211;<br \/>Do ok\u00e1 a pak u\u017e s t\u00edm p\u0159est\u00e1li, \u0159ekli, \u017ee u\u017e to p\u0159estali&#8230;<br \/><br \/>mluv\u010d\u00ed 6,<br \/>&#8212;&#8212;&#8212;&#8212;&#8212;&#8212;&#8211;<br \/>\u017de pr\u00fd u\u017e, \u017ee u\u017e to je zbyte\u010dn\u00fd.<br \/><br \/>mluv\u010d\u00ed 1,<br \/>&#8212;&#8212;&#8212;&#8212;&#8212;&#8212;&#8211;<br \/>Tak tam nejsp\u00ed\u0161 do\u0161lo jizevnat\u00fdm zm\u011bn\u00e1m \u017elut\u00fd skvrny, a to bohu\u017eel u\u017e je v\u011bc nevratn\u00e1, tak\u017ee to perifern\u00ed vid\u011bn\u00ed v\u00e1m z\u016fstane, ale bohu\u017eel ten centr\u00e1ln\u00ed flek v\u00e1m nezmiz\u00ed, ale d\u016fle\u017eit\u00fd je sledovat to druh\u00fd oko, aby pr\u00e1v\u011b z t\u00e9 such\u00e9 formy se nevytvo\u0159ila vlhka forma.<br \/><br \/>\u0160\u00e1rka Volemanov\u00e1, moder\u00e1torka<br \/>&#8212;&#8212;&#8212;&#8212;&#8212;&#8212;&#8211;<br \/>D\u011bkujeme i za tu odpov\u011b\u010f, p\u0159ejeme v\u00e1m hodn\u011b zdrav\u00ed, m\u011bjte se hezky. Na\u0161e poslucha\u010dka, pane doktore, te\u010f zm\u00ednila injekce. My se vlastn\u011b p\u0159es tuhle jej\u00ed pozn\u00e1mku dostaneme k form\u00e1m l\u00e9\u010dby makul\u00e1rn\u00ed degenerace, jak\u00e9 jsou&#8230;.<br \/><br \/>mluv\u010d\u00ed 1,<br \/>&#8212;&#8212;&#8212;&#8212;&#8212;&#8212;&#8211;<br \/>Tak kdy\u017e mluv\u00edme o such\u00e9 form\u011b v\u011bkem podm\u00edn\u011bn\u00e9 makul\u00e1rn\u00ed degenerace, tak tam bohu\u017eel nem\u00e1me a\u017e tak \u00fa\u010dinn\u00fd metody, tam nejsp\u00ed\u0161 ta l\u00e9\u010dba spo\u010d\u00edv\u00e1 v dopl\u0148k\u00e1ch stravy jako Lutein, Xantin a Omega t\u0159i a z\u00e1rove\u0148 nejd\u016fle\u017eit\u011bj\u0161\u00ed v obou form\u00e1ch samoz\u0159ejm\u011b je p\u0159estat kou\u0159it. Jeliko\u017e se jedn\u00e1 o z\u00e1n\u011bt, tak ten oxidativn\u00fd stres na to t\u011blo, na to s\u00edtnice je velmi z\u00e1va\u017en\u00fd, tak\u017ee \u010d\u00edm m\u00ed\u0148 faktor\u016f, kter\u00e9 vyvol\u00e1vaj\u00ed ten oxidativn\u00ed stres, t\u00edm l\u00edp. Co se t\u00fd\u010de vlhk\u00fd formy, tak tam jsou samoz\u0159ejm\u011b biologick\u00fd l\u00e9\u010dby, dneska jsou dostupn\u00fd na \u010desk\u00e9m trhu 4\u20135 l\u00e1tek a reakce na tu aplikaci biologick\u00e9 l\u00e9\u010dby a bohu\u017eel i ta biologick\u00e1 l\u00e9\u010dba m\u016f\u017ee, \u0159ekn\u011bme, odlo\u017eit termin\u00e1ln\u00ed stav t\u00fd vlhk\u00fd formy makul\u00e1rn\u00ed degenerace, ale nem\u016f\u017ee \u00fapln\u011b zastavit ten proces, tak\u017ee ob\u010das pacient na to zareaguje pom\u011brn\u011b dob\u0159e a m\u00e1 \u0159adu let bez pot\u00ed\u017e\u00ed, ale jak jsme sly\u0161eli p\u0159edt\u00edm, ob\u010das i 12 injekci bohu\u017eel tomu pacientovi moc nepom\u016f\u017eou.<br \/><br \/>Jan Burda, moder\u00e1tor<br \/>&#8212;&#8212;&#8212;&#8212;&#8212;&#8212;&#8211;<br \/>Odpov\u00edd\u00e1 Dr. Vadim Friedman. Vy jste zm\u00ednil i lehce prevenci, m\u016f\u017eeme to trochu rozv\u00e9st, existuje n\u011bjak\u00e1 je\u0161t\u011b \u00fa\u010dinn\u011bj\u0161\u00ed prevence, \u0159ekl jste nekou\u0159it.<br \/><br \/>mluv\u010d\u00ed 1,<br \/>&#8212;&#8212;&#8212;&#8212;&#8212;&#8212;&#8211;<br \/>Ur\u010dit\u011b ano, nekou\u0159it. Samoz\u0159ejm\u011b celkov\u00fd stav pacienta, celkov\u00fd zdravotn\u00ed stav, tak jsou nemoci, kter\u00e9 zvy\u0161uj\u00ed riziko na jak\u00fdkoliv dal\u0161\u00ed o\u010dn\u00ed onemocn\u011bn\u00ed, nap\u0159\u00edklad cukrovka, vysok\u00fd krevn\u00ed tlak a tak d\u00e1l, ale tam bohu\u017eel je to multifaktori\u00e1ln\u00ed onemocn\u011bn\u00ed, tak\u017ee tam tro\u0161ku hraje roli i genetika, ale i n\u011bjak\u00fd faktory, kter\u00e9 nejsou ovlivniteln\u00fd t\u00edm \u010dlov\u011bkem, prevence je d\u016fle\u017eit\u00e1 v tom smyslu, kdy\u017e v\u00edme o tom onemocn\u011bn\u00ed a vid\u00edme ty typicky dr\u00fazy na s\u00edtnici, tak v\u017edycky d\u016fle\u017eit\u00fd sledovat toho pacienta, pomoci vy\u0161et\u0159en\u00ed a z\u00e1rove\u0148 mu d\u00e1t takzvanou Amslerovu m\u0159\u00ed\u017eku, aby mohl to sledovat s\u00e1m doma a pokud by do\u0161lo k n\u011bjak\u00fdmu zhor\u0161en\u00ed, tak p\u0159ijde d\u0159\u00edv na tu kontrolu, ale znovu, jeliko\u017e ta sucha forma nem\u00e1 a\u017e tak \u00fa\u010dinnou l\u00e9\u010dbu, tak\u017ee d\u016fle\u017eit\u00fd sledovat, aby se to nezvr\u00e1tilo do vlhk\u00fd formy a tam m\u00e1me ty mo\u017enost biologickou l\u00e9\u010dbou.<br \/><br \/>\u0160\u00e1rka Volemanov\u00e1, moder\u00e1torka<br \/>&#8212;&#8212;&#8212;&#8212;&#8212;&#8212;&#8211;<br \/>Biologickou l\u00e9\u010dbu se je\u0161t\u011b ve t\u0159et\u00ed \u010d\u00e1sti na\u0161\u00ed dne\u0161n\u00ed Poradny pop\u00ed\u0161eme, ale j\u00e1 bych se r\u00e1da vr\u00e1tila k tomu, co jste \u0159ekl, pane doktore, v prvn\u00ed \u010d\u00e1sti Poradny, to znamen\u00e1, \u017ee dost velkou \u00falohu v onemocn\u011bn\u00ed makul\u00e1rn\u00ed degenerace sehr\u00e1v\u00e1 genetika, pokud tedy v\u00edme, \u017ee n\u011bkdo v na\u0161\u00ed rodin\u011b makul\u00e1rn\u00ed degeneraci z na\u0161ich p\u0159edk\u016f m\u00e1 \u010di m\u011bl, je dobr\u00e9 to hl\u00eddat v\u010das, jak d\u016fle\u017eit\u00e1 je ta v\u010dasnost z\u00e1chytu.<br \/><br \/>mluv\u010d\u00ed 1,<br \/>&#8212;&#8212;&#8212;&#8212;&#8212;&#8212;&#8211;<br \/>Je pom\u011brn\u011b d\u016fle\u017eit\u00e1, proto\u017ee znovu, kdy\u017e v\u00edme o tom onemocn\u011bn\u00ed a m\u00e1me tu pozitivn\u00ed rodinnou anamn\u00e9zu, tak toho pacienta sledujeme pe\u010dliv\u011b. J\u00e1 m\u00e1m taky n\u011bkolik pacient\u016f, u kter\u00fdch i rodi\u010de i prarodi\u010de maj\u00ed degenerace, ale zat\u00edm nevyskytuj\u00ed \u017e\u00e1dn\u00fd zn\u00e1mky toho onemocn\u011bn\u00ed, ale to nen\u00ed d\u016fvod p\u0159estat to sledovat, to znamen\u00e1, \u017ee oni chod\u00ed pravideln\u011b jednou za rok a jakmile vyskytne se tam sebemen\u0161\u00ed n\u00e1znak toho onemocn\u011bn\u00ed, tak pak samoz\u0159ejm\u011b ty intervaly mohou b\u00fdt zkr\u00e1ceny a tam ta prevence fakt jenom chodit k tomu doktorovi, b\u00fdt sledovan\u00fd, dopl\u0148ky stravy, nekou\u0159it a zdrav\u00e1 strava, a to je v\u0161echno, co m\u016f\u017ee pro to ud\u011blat.<br \/><br \/>Jan Burda, moder\u00e1tor<br \/>&#8212;&#8212;&#8212;&#8212;&#8212;&#8212;&#8211;<br \/>A na na\u0161em telefonu na chv\u00edli obsazeno, proto\u017ee je p\u0159ipravena pan\u00ed poslucha\u010dka s dal\u0161\u00edm dotazem. Dobr\u00fd den.<br \/><br \/>mluv\u010d\u00ed 7,<br \/>&#8212;&#8212;&#8212;&#8212;&#8212;&#8212;&#8211;<br \/>Ano, Dobr\u00fd den. Dobr\u00fd den, zdrav\u00edm v\u0161echny ve studiu a m\u016fj dotaz je n\u00e1sleduj\u00edc\u00ed. M\u00e1m tedy, byla mi diagnostikov\u00e1na makul\u00e1rn\u00ed degenerace a pan doktor mi \u0159ekl, \u017ee bohu\u017eel prom\u011bnit nem\u016f\u017eou ud\u011blat. A\u0165 se pod\u00edv\u00e1m na internet. No. To pova\u017euji za pokus o \u010dern\u00fd humor, ale m\u016fj dotaz je n\u00e1sleduj\u00edc\u00ed. P\u0159ed \u010dasem, U\u017e del\u0161\u00ed dobou va\u0161e dvojka odvys\u00edlala report\u00e1\u017e z jednoho V\u00fdzkumn\u00e9ho \u00fastavu v \u010cech\u00e1ch. Nev\u00edm p\u0159esn\u011b kde, ale zaujalo m\u011b to. D\u011blaj\u00ed tam pokusy na prasatech pr\u00e1v\u011b v t\u00e9to oblasti a bylo tam zm\u011bna, \u017ee pokusy.<br \/><br \/>\u0160\u00e1rka Volemanov\u00e1, moder\u00e1torka<br \/>&#8212;&#8212;&#8212;&#8212;&#8212;&#8212;&#8211;<br \/>Tak, a vy n\u00e1m te\u010f za\u010d\u00edn\u00e1te vypad\u00e1vat, poj\u010fte ud\u011blat tro\u0161i\u010dku \u00fakrok, mo\u017en\u00e1, \u017ee jste n\u011bkde vy\u0161la ze sign\u00e1lu. Zkus\u00edme to je\u0161t\u011b jednou, pros\u00edm. Sly\u0161\u00edme se.<br \/><br \/>Jan Burda, moder\u00e1tor<br \/>&#8212;&#8212;&#8212;&#8212;&#8212;&#8212;&#8211;<br \/>Tak j\u00e1 mysl\u00edm, \u017ee ten z\u00e1klad, dotaz jsme pochopili, pane doktore, jestli byste mohl reagovat. P\u0159\u00edpadn\u011b potom, kde prob\u00edh\u00e1 v\u00fdzkum a podobn\u011b.<br \/><br \/>mluv\u010d\u00ed 1,<br \/>&#8212;&#8212;&#8212;&#8212;&#8212;&#8212;&#8211;<br \/>Takhle v\u00fdzkum samoz\u0159ejm\u011b prob\u00edh\u00e1 na cel\u00e9m sv\u011bt\u011b, proto\u017ee to je jedna z nej\u010dast\u011bj\u0161\u00edch onemocn\u011bn\u00ed, kter\u00e9 p\u016fsob\u00ed ztr\u00e1tu zraku v z\u00e1padn\u00edm sv\u011bt\u011b, tak\u017ee v\u00fdzkum prob\u00edh\u00e1, jak jsem \u0159ekl, na cel\u00e9m sv\u011bt\u011b, co se t\u00fd\u010de v \u010cech\u00e1ch, tak tady u\u017e za\u010d\u00ednaj\u00ed zab\u00fdvat tzv. plazmafer\u00e9zou, kter\u00e9 m\u00e1 pomoct s tou suchou formou ve smyslu, \u017ee ty dr\u00fazy n\u011bjak\u00fdm zp\u016fsobem zmen\u0161\u00ed a t\u00edm p\u00e1dem ta z\u00e1n\u011btliv\u00e1 reakce, kterou vyvol\u00e1vaj\u00ed ty dr\u00fazy, je o n\u011bco men\u0161\u00ed, tak\u017ee tomu pacientovi samoz\u0159ejm\u011b to pom\u00e1h\u00e1, ale znovu zastavit \u00fapln\u011b proces toho onemocn\u011bn\u00ed nelze, ale co se t\u00fd\u010de biologicky l\u00e9\u010dby a l\u00e9\u010dba vlhk\u00e9 formy v\u011bkem podm\u00edn\u011bn\u00e9 makulodegenerace, tak tam znovu zm\u00edn\u00edme, \u017ee ta kask\u00e1da toho z\u00e1n\u011btu, ve kter\u00e9 je vyvolan\u00fd ten r\u016fstov\u00fd faktor, kter\u00e9 vyvol\u00e1v\u00e1 vytv\u00e1\u0159en\u00ed c\u00e9v, je v podstat\u011b posledn\u00ed f\u00e1ze toho z\u00e1n\u011btu, tak tam dneska ta snaha je tro\u0161ku j\u00edt zp\u00e1tky a samoz\u0159ejm\u011b zam\u011b\u0159ovat se i na tu genetiku, tam je jeden gen, kter\u00fd je mutovan\u00fd u genetick\u00fd formy tohoto onemocn\u011bn\u00ed, kter\u00fd tlum\u00ed nebo m\u00e1 na povinnost tlumit tu imunitu a jeliko\u017e je mutovan\u00fd, tak ta imunita funguje, \u0159ekn\u011bme, o n\u011bco v\u00edc paradoxn\u011b, tak\u017ee jsou dneska biologick\u00fd l\u00e9\u010dby, kter\u00e9 pr\u00e1v\u011b c\u00edl\u00ed na tu z\u00e1n\u011btlivou reakce, aby se zastavila o n\u011bco d\u0159\u00edv a nedo\u0161lo k t\u00e9 pokro\u010dil\u00e9 f\u00e1zi<br \/><br \/>\u0160\u00e1rka Volemanov\u00e1, moder\u00e1torka<br \/>&#8212;&#8212;&#8212;&#8212;&#8212;&#8212;&#8211;<br \/>Biologick\u00e1 l\u00e9\u010dba jako jedna z novinek p\u0159i l\u00e9\u010db\u011b makul\u00e1rn\u00ed degenerace. Dal\u0161\u00ed dotaz od na\u0161\u00ed poslucha\u010dky Aleny. P\u0159ed m\u011bs\u00edcem mi zjistily vlhkou formu a l\u00e9ka\u0159 nab\u00edz\u00ed pouze jin\u00e9 siln\u011bj\u0161\u00ed br\u00fdle, nyn\u00ed m\u00e1m tak\u00e9 dioptrie, ale nechci se s t\u00edm sm\u00ed\u0159it, \u017ee nem\u016f\u017eu \u010d\u00edst pouze na denn\u00edm sv\u011btle. Pros\u00edm, pora\u010fte mi. P\u00ed\u0161e poslucha\u010dka Alena.<br \/><br \/>mluv\u010d\u00ed 1,<br \/>&#8212;&#8212;&#8212;&#8212;&#8212;&#8212;&#8211;<br \/>Samoz\u0159ejm\u011b, jeliko\u017e jsem je nikdy nevy\u0161et\u0159oval, nem\u00e1m klinick\u00fd zpr\u00e1vy nebo dokumentace, tak nem\u016f\u017eu se k tomu \u00fapln\u011b vyj\u00e1d\u0159it. Pokud diagnostikovali vlhkou formu, tak znovu &#8211; t\u00e1zka je, v jak\u00fd f\u00e1zi toho onemocn\u011bn\u00ed jsme, jestli je indikovan\u00e1 n\u011bjak\u00e1 biologick\u00e1 l\u00e9\u010dba nebo ne, ale co se t\u00fd\u010de pr\u00e1v\u011b t\u011bch termin\u00e1ln\u00edch stadi\u00ed, jak such\u00fd, tak vlhk\u00fd formy, ve kter\u00e9 bohu\u017eel ten centr\u00e1ln\u00ed flek je p\u0159\u00edli\u0161 pokro\u010dily, aby mohly \u010d\u00edst, tak tam existuj\u00ed n\u011bkter\u00e9 pom\u016fcky ve form\u011b lupy, n\u011bjak\u00fd digit\u00e1ln\u00ed zobrazovac\u00ed metody, kter\u00e9 hodn\u011b zv\u011bt\u0161uj\u00ed ty p\u00edsmenka a n\u011bjak\u00fd speci\u00e1ln\u00ed \u010do\u010dky, kter\u00e9 mohou pomoci.<br \/><br \/>Jan Burda, moder\u00e1tor<br \/>&#8212;&#8212;&#8212;&#8212;&#8212;&#8212;&#8211;<br \/>Odpov\u00edd\u00e1 l\u00e9ka\u0159 Vadim Friedman, vedouc\u00ed l\u00e9ka\u0159 specializace oftalmologie Canadian Medical, mnohokr\u00e1t d\u011bkujeme, pane doktore, za \u00fa\u010dast v dne\u0161n\u00ed poradn\u011b.<br \/><\/p>\n","protected":false},"excerpt":{"rendered":"<div class=\"mh-excerpt\"><p>\u010cRo Dvojka\u00a0&#8211; Poradna Makul\u00e1rn\u00ed degenerace je z\u00e1va\u017en\u00e9 onemocn\u011bn\u00ed, kter\u00e9 postihuje st\u00e1le v\u00edce lid\u00ed, zp\u016fsobuje postupnou ztr\u00e1tu centr\u00e1ln\u00edho vid\u011bn\u00ed a v\u00fdrazn\u011b zhor\u0161uje kvalitu \u017eivota. Jak\u00e9 jsou <a class=\"mh-excerpt-more\" href=\"https:\/\/www.invarena.cz\/?p=53376\" title=\"Makul\u00e1rn\u00ed degenerace s\u00edtnice m\u016f\u017ee b\u00fdt i geneticky podm\u00edn\u011bn\u00e1\u00a0\u00a0\">[&#8230;]<\/a><\/p>\n<\/div>","protected":false},"author":1,"featured_media":20406,"comment_status":"open","ping_status":"closed","sticky":false,"template":"","format":"standard","meta":{"footnotes":""},"categories":[12],"tags":[],"class_list":["post-53376","post","type-post","status-publish","format-standard","has-post-thumbnail","hentry","category-rozhovory"],"_links":{"self":[{"href":"https:\/\/www.invarena.cz\/index.php?rest_route=\/wp\/v2\/posts\/53376","targetHints":{"allow":["GET"]}}],"collection":[{"href":"https:\/\/www.invarena.cz\/index.php?rest_route=\/wp\/v2\/posts"}],"about":[{"href":"https:\/\/www.invarena.cz\/index.php?rest_route=\/wp\/v2\/types\/post"}],"author":[{"embeddable":true,"href":"https:\/\/www.invarena.cz\/index.php?rest_route=\/wp\/v2\/users\/1"}],"replies":[{"embeddable":true,"href":"https:\/\/www.invarena.cz\/index.php?rest_route=%2Fwp%2Fv2%2Fcomments&post=53376"}],"version-history":[{"count":0,"href":"https:\/\/www.invarena.cz\/index.php?rest_route=\/wp\/v2\/posts\/53376\/revisions"}],"wp:featuredmedia":[{"embeddable":true,"href":"https:\/\/www.invarena.cz\/index.php?rest_route=\/wp\/v2\/media\/20406"}],"wp:attachment":[{"href":"https:\/\/www.invarena.cz\/index.php?rest_route=%2Fwp%2Fv2%2Fmedia&parent=53376"}],"wp:term":[{"taxonomy":"category","embeddable":true,"href":"https:\/\/www.invarena.cz\/index.php?rest_route=%2Fwp%2Fv2%2Fcategories&post=53376"},{"taxonomy":"post_tag","embeddable":true,"href":"https:\/\/www.invarena.cz\/index.php?rest_route=%2Fwp%2Fv2%2Ftags&post=53376"}],"curies":[{"name":"wp","href":"https:\/\/api.w.org\/{rel}","templated":true}]}}