{"id":53401,"date":"2024-11-28T00:05:06","date_gmt":"2024-11-27T23:05:06","guid":{"rendered":"https:\/\/www.invarena.cz\/?p=53401"},"modified":"2024-11-28T00:05:07","modified_gmt":"2024-11-27T23:05:07","slug":"falesny-prukaz-ztp-jsem-pouzival-8-let-priznal-ridic-parkujici-na-mistech-pro-invalidy","status":"publish","type":"post","link":"https:\/\/www.invarena.cz\/?p=53401","title":{"rendered":"Fale\u0161n\u00fd pr\u016fkaz ZTP jsem pou\u017e\u00edval 8 let, p\u0159iznal \u0159idi\u010d parkuj\u00edc\u00ed na m\u00edstech pro invalidy"},"content":{"rendered":"\n<p>Od ledna do \u0159\u00edjna leto\u0161n\u00edho roku str\u00e1\u017en\u00edci v Praze zat\u00edm \u0159e\u0161ili 9 169 p\u0159estupk\u016f t\u00fdkaj\u00edc\u00edch se neopr\u00e1vn\u011bn\u00e9ho zastaven\u00ed a st\u00e1n\u00ed na vyhrazen\u00e9m parkovi\u0161ti pro vozidlo p\u0159epravuj\u00edc\u00ed osobu se zdravotn\u00edm posti\u017een\u00edm, za cel\u00fd lo\u0148sk\u00fd rok pak odhalili 11 989 t\u011bchto p\u0159estupk\u016f. Sd\u011blila to mluv\u010d\u00ed M\u011bstsk\u00e9 policie hl. m. Prahy Irena Seifertov\u00e1. Je to podle n\u00ed boj s bezohledn\u00fdmi a mnohdy a\u017e arogantn\u00edmi \u0159idi\u010di.<\/p>\n\n\n\n<p>Cel\u00fd \u010dl\u00e1nek naleznete v Pra\u017esk\u00e9m Patriotu: <a href=\"https:\/\/www.prazskypatriot.cz\/falesny-prukaz-ztp-jsem-pouzival-8-let-priznal-ridic-parkujici-na-mistech-pro-invalidy\/\" target=\"_blank\" rel=\"noreferrer noopener\">https:\/\/www.prazskypatriot.cz\/falesny-prukaz-ztp-jsem-pouzival-8-let-priznal-ridic-parkujici-na-mistech-pro-invalidy\/<\/a><\/p>\n","protected":false},"excerpt":{"rendered":"<div class=\"mh-excerpt\"><p>Od ledna do \u0159\u00edjna leto\u0161n\u00edho roku str\u00e1\u017en\u00edci v Praze zat\u00edm \u0159e\u0161ili 9 169 p\u0159estupk\u016f t\u00fdkaj\u00edc\u00edch se neopr\u00e1vn\u011bn\u00e9ho zastaven\u00ed a st\u00e1n\u00ed na vyhrazen\u00e9m parkovi\u0161ti pro vozidlo <a class=\"mh-excerpt-more\" href=\"https:\/\/www.invarena.cz\/?p=53401\" title=\"Fale\u0161n\u00fd pr\u016fkaz ZTP jsem pou\u017e\u00edval 8 let, p\u0159iznal \u0159idi\u010d parkuj\u00edc\u00ed na m\u00edstech pro invalidy\">[&#8230;]<\/a><\/p>\n<\/div>","protected":false},"author":1,"featured_media":614,"comment_status":"open","ping_status":"closed","sticky":false,"template":"","format":"standard","meta":{"footnotes":""},"categories":[9],"tags":[],"class_list":["post-53401","post","type-post","status-publish","format-standard","has-post-thumbnail","hentry","category-zpravy"],"_links":{"self":[{"href":"https:\/\/www.invarena.cz\/index.php?rest_route=\/wp\/v2\/posts\/53401","targetHints":{"allow":["GET"]}}],"collection":[{"href":"https:\/\/www.invarena.cz\/index.php?rest_route=\/wp\/v2\/posts"}],"about":[{"href":"https:\/\/www.invarena.cz\/index.php?rest_route=\/wp\/v2\/types\/post"}],"author":[{"embeddable":true,"href":"https:\/\/www.invarena.cz\/index.php?rest_route=\/wp\/v2\/users\/1"}],"replies":[{"embeddable":true,"href":"https:\/\/www.invarena.cz\/index.php?rest_route=%2Fwp%2Fv2%2Fcomments&post=53401"}],"version-history":[{"count":0,"href":"https:\/\/www.invarena.cz\/index.php?rest_route=\/wp\/v2\/posts\/53401\/revisions"}],"wp:featuredmedia":[{"embeddable":true,"href":"https:\/\/www.invarena.cz\/index.php?rest_route=\/wp\/v2\/media\/614"}],"wp:attachment":[{"href":"https:\/\/www.invarena.cz\/index.php?rest_route=%2Fwp%2Fv2%2Fmedia&parent=53401"}],"wp:term":[{"taxonomy":"category","embeddable":true,"href":"https:\/\/www.invarena.cz\/index.php?rest_route=%2Fwp%2Fv2%2Fcategories&post=53401"},{"taxonomy":"post_tag","embeddable":true,"href":"https:\/\/www.invarena.cz\/index.php?rest_route=%2Fwp%2Fv2%2Ftags&post=53401"}],"curies":[{"name":"wp","href":"https:\/\/api.w.org\/{rel}","templated":true}]}}