{"id":53422,"date":"2024-11-28T07:36:44","date_gmt":"2024-11-28T06:36:44","guid":{"rendered":"https:\/\/www.invarena.cz\/?p=53422"},"modified":"2024-11-28T07:40:42","modified_gmt":"2024-11-28T06:40:42","slug":"vladni-plany-digitalizace-postupuji","status":"publish","type":"post","link":"https:\/\/www.invarena.cz\/?p=53422","title":{"rendered":"Vl\u00e1dn\u00ed pl\u00e1ny digitalizace\u00a0postupuj\u00ed\u00a0"},"content":{"rendered":"\n<p>\u010cT 1&nbsp;&#8211; Ud\u00e1losti<br \/><br \/>Vl\u00e1da sl\u00edbila na p\u0159\u00ed\u0161t\u00ed rok dal\u0161\u00ed postup v digitalizaci. T\u0159eba soci\u00e1ln\u00ed zabezpe\u010den\u00ed m\u00e1 b\u00fdt pln\u011b elektronick\u00e9 a v\u011bci t\u00fdkaj\u00edc\u00ed se dopravy p\u016fjdou vy\u0159\u00eddit online z 90 %. Opozice p\u0159ipom\u00edn\u00e1, \u017ee z\u00e1kon sliboval stoprocentn\u00ed digitalizaci ve\u0161ker\u00fdch st\u00e1tn\u00edch agend a n\u011bkter\u00e9 kroky kritizuje. T\u0159eba eDoklady, elektronick\u00fd ob\u010dansk\u00fd pr\u016fkaz za\u010dnou uzn\u00e1vat dal\u0161\u00ed \u00fa\u0159ady a poprv\u00e9 s n\u00edm bude mo\u017en\u00e9 j\u00edt k volb\u00e1m.<br \/><br \/>T\u0159eba k vyzvednut\u00ed dopisu posta\u010d\u00ed jen mobil. Od ledna prok\u00e1\u017eou z\u00e1kazn\u00edci po\u0161ty svoji toto\u017enost tak\u00e9 ob\u010dansk\u00fdm pr\u016fkazem v digit\u00e1ln\u00ed podob\u011b.<br \/><br \/>Maty\u00e1\u0161 Vit\u00edk, mluv\u010d\u00ed, \u010cesk\u00e1 po\u0161ta<br \/>&#8212;&#8212;&#8212;&#8212;&#8212;&#8212;&#8211;<br \/>V aplikaci eDoklady kliknete na prok\u00e1zat se, n\u00e1sledn\u011b naskenujete QR k\u00f3d, kter\u00fd bude na ka\u017ed\u00e9 p\u0159ep\u00e1\u017ece.<br \/><br \/>redaktorka \u010cT<br \/>&#8212;&#8212;&#8212;&#8212;&#8212;&#8212;&#8211;<br \/>Stejn\u011b klienti budou moci pou\u017e\u00edt elektronick\u00e9 doklady i na pobo\u010dk\u00e1ch bank.<br \/><br \/>Marek Vos\u00e1tka, v\u00fdkonn\u00fd \u0159editel retailov\u00e9ho bankovnictv\u00ed, Komer\u010dn\u00ed banka<br \/>&#8212;&#8212;&#8212;&#8212;&#8212;&#8212;&#8211;<br \/>P\u0159ipravujeme se na \u0161kolen\u00ed zam\u011bstnanc\u016f a vlastn\u011b na to spu\u0161t\u011bn\u00ed b\u011bhem ledna nebo respektive od ledna, aby to v\u0161echno fungovalo.<br \/><br \/>redaktorka \u010cT<br \/>&#8212;&#8212;&#8212;&#8212;&#8212;&#8212;&#8211;<br \/>Aplikaci eDoklady si st\u00e1hlo asi 560 000 u\u017eivatel\u016f. Zat\u00edm obsahuje pouze ob\u010dansk\u00fd pr\u016fkaz, v budoucnu by do n\u00ed m\u011bly p\u0159ib\u00fdt dal\u0161\u00ed doklady.<br \/><br \/>redaktorka \u010cT<br \/>&#8212;&#8212;&#8212;&#8212;&#8212;&#8212;&#8211;<br \/>T\u0159eba \u0159idi\u010dsk\u00fd pr\u016fkaz, a to v prvn\u00ed polovin\u011b p\u0159\u00ed\u0161t\u00edho roku. U\u017e te\u010f je mo\u017en\u00e9 online za\u017e\u00e1dat nap\u0159\u00edklad o rodi\u010dovsk\u00fd p\u0159\u00edsp\u011bvek nebo o d\u016fchod.<br \/><br \/>Marian Jure\u010dka,&nbsp;<strong>ministr<\/strong>&nbsp;<strong>pr\u00e1ce<\/strong>&nbsp;a soci\u00e1ln\u00edch v\u011bc\u00ed \/KDU-\u010cSL\/<br \/>&#8212;&#8212;&#8212;&#8212;&#8212;&#8212;&#8211;<br \/>1. ledna k v\u011bci, jako je mate\u0159sk\u00e1 dovolen\u00e1, jako je o\u0161et\u0159ovn\u00e9, u\u017e nikdo nikam nebude b\u011bhat s \u017e\u00e1dn\u00fdmi pap\u00edry.<br \/><br \/>redaktorka \u010cT<br \/>&#8212;&#8212;&#8212;&#8212;&#8212;&#8212;&#8211;<br \/>D\u00e1l by pak m\u011blo b\u00fdt mo\u017en\u00e9 online nahl\u00e1sit t\u0159eba ztr\u00e1tu ob\u010danky nebo pasu, vznikne tak\u00e9 centr\u00e1ln\u00ed registr zbran\u00ed.<br \/><br \/>V\u00edt Raku\u0161an, ministr vnitra \/STAN\/<br \/>&#8212;&#8212;&#8212;&#8212;&#8212;&#8212;&#8211;<br \/>Dojde tady k lep\u0161\u00ed evidenci n\u00e1kup\u016f ze strany prodejc\u016f zbran\u00ed. Celkov\u011b tady dojde i k propojen\u00ed tohoto registru ze zdravotnick\u00fdmi agendami.<br \/><br \/>Tereza Gleichov\u00e1, redaktorka \u010cT<br \/>&#8212;&#8212;&#8212;&#8212;&#8212;&#8212;&#8211;<br \/>Do \u00fanora p\u0159\u00ed\u0161t\u00edho roku m\u011bla b\u00fdt podle z\u00e1kona ve\u0161ker\u00e1 agenda st\u00e1tu digit\u00e1ln\u00ed, z\u00e1stupci vl\u00e1dy ale navrhuj\u00ed dvoulet\u00fd odklad.<br \/><br \/>Petr Fiala, premi\u00e9r, p\u0159edseda strany \/ODS\/<br \/>&#8212;&#8212;&#8212;&#8212;&#8212;&#8212;&#8211;<br \/>V digitalizaci se ukazuje, \u017ee digitalizujeme mnohem l\u00e9pe ne\u017e N\u011bmecko.<br \/><br \/>Robert Kr\u00e1l\u00ed\u010dek, m\u00edstop\u0159edseda hnut\u00ed \/ANO\/<br \/>&#8212;&#8212;&#8212;&#8212;&#8212;&#8212;&#8211;<br \/>Nep\u0159inesly ty z\u00e1sadn\u00ed projekty, jako je digitalizace stavebn\u00edho \u0159\u00edzen\u00ed a pr\u00e1v\u011b implementace tohoto z\u00e1kona.<br \/><br \/>Jan Hrn\u010d\u00ed\u0159, m\u00edstop\u0159edseda sn\u011bmovn\u00edho rozpo\u010dtov\u00e9ho v\u00fdboru \/SPD\/<br \/>&#8212;&#8212;&#8212;&#8212;&#8212;&#8212;&#8211;<br \/>Kdy\u017e se pod\u00edv\u00e1me vlastn\u011b, jak vznikla t\u0159eba ta digit\u00e1ln\u00ed ob\u010danka, kter\u00e1 nen\u00ed kompatibiln\u00ed se syst\u00e9my v Evropsk\u00e9 unii, to je opravdu propad\u00e1k.<br \/><br \/>redaktorka \u010cT<br \/>&#8212;&#8212;&#8212;&#8212;&#8212;&#8212;&#8211;<br \/>I p\u0159es digitalizaci ale podle kabinetu plat\u00ed, \u017ee si lid\u00e9 z\u00e1le\u017eitosti mohou p\u0159ij\u00edt osobn\u011b vy\u0159\u00eddit na \u00fa\u0159ady. <\/p>\n\n\n\n<p>\u010cesk\u00e1 televize.<\/p>\n\n\n\n<p><a>Ob\u010dansk\u00fd pr\u016fkaz v mobilu m\u00e1 u\u017e p\u0159es p\u016fl milionu lid\u00ed\u00a0\u00a0<\/a><\/p>\n\n\n\n<p>Radio\u017eurn\u00e1l\u00a0&#8211; Zpr\u00e1vy <br \/><br \/>Ob\u010dansk\u00fd pr\u016fkaz v mobilu m\u00e1 u\u017e p\u0159es p\u016fl milionu lid\u00ed. Ukazuj\u00ed to data Digit\u00e1ln\u00ed a informa\u010dn\u00ed agentury. V p\u0159\u00ed\u0161t\u00edm roce chce st\u00e1t online komunikaci je\u0161t\u011b zjednodu\u0161it. \u00dapln\u011b digitalizovat v\u0161echny \u00fa\u0159ady ale z\u0159ejm\u011b nestihne.<br \/><br \/>M\u00edsto fronty na \u00fa\u0159ad\u011b aplikace v mobilu. Lid\u00e9 a firmy si v p\u0159\u00ed\u0161t\u00edm roce budou moci podle\u00a0<strong>ministra<\/strong>\u00a0<strong>pr\u00e1ce<\/strong>\u00a0Mariana Jure\u010dky z KDU-\u010cSL t\u00e9m\u011b\u0159 cokoliv vy\u0159\u00eddit online. T\u0159eba syst\u00e9my spr\u00e1vy soci\u00e1ln\u00edho zabezpe\u010den\u00ed maj\u00ed b\u00fdt digitalizovan\u00e9 kompletn\u011b.<br \/><br \/>Marian Jure\u010dka,\u00a0<strong>ministr<\/strong>\u00a0<strong>pr\u00e1ce<\/strong>\u00a0a soci\u00e1ln\u00edch v\u011bc\u00ed, vicepremi\u00e9r \/KDU-\u010cSL\/<br \/>&#8212;&#8212;&#8212;&#8212;&#8212;&#8212;&#8211;<br \/>Ty posledn\u00ed, kter\u00e9 od 1. ledna nab\u00edhaj\u00ed, jsou agendy d\u00e1vek nemocensk\u00e9, to znamen\u00e1 v\u011bci, jako je mate\u0159sk\u00e1 dovolen\u00e1, jako je o\u0161et\u0159ovn\u00e9&#8230;<br \/><br \/>redaktor<br \/>&#8212;&#8212;&#8212;&#8212;&#8212;&#8212;&#8211;<br \/>Do \u00fanora p\u0159\u00ed\u0161t\u00edho roku m\u011bla b\u00fdt podle z\u00e1kona o pr\u00e1vu na digit\u00e1ln\u00ed slu\u017eby ve\u0161ker\u00e1 agenda st\u00e1tu online. Vl\u00e1da ale zva\u017euje odklad. To kritizuje poslanec ANO Robert Kr\u00e1l\u00ed\u010dek.<br \/><br \/>Robert Kr\u00e1l\u00ed\u010dek, poslanec \/ANO\/<br \/>&#8212;&#8212;&#8212;&#8212;&#8212;&#8212;&#8211;<br \/>Pro\u010d odkl\u00e1daj\u00ed o dva roky tento z\u00e1kladn\u00ed z\u00e1kon, vlastn\u011b takovou digit\u00e1ln\u00ed \u00fastavu, kterou mimochodem spolu s n\u00e1mi v minul\u00e9m volebn\u00edm obdob\u00ed schv\u00e1lili?<br \/><\/p>\n\n\n\n<p>redaktor<br \/>&#8212;&#8212;&#8212;&#8212;&#8212;&#8212;&#8211;<br \/>Vl\u00e1da taky d\u00e1l \u0159e\u0161\u00ed probl\u00e9my s digitalizac\u00ed stavebn\u00edho \u0159\u00edzen\u00ed. <\/p>\n\n\n\n<p>Radio\u017eurn\u00e1l.<br \/><\/p>\n","protected":false},"excerpt":{"rendered":"<div class=\"mh-excerpt\"><p>\u010cT 1&nbsp;&#8211; Ud\u00e1losti Vl\u00e1da sl\u00edbila na p\u0159\u00ed\u0161t\u00ed rok dal\u0161\u00ed postup v digitalizaci. T\u0159eba soci\u00e1ln\u00ed zabezpe\u010den\u00ed m\u00e1 b\u00fdt pln\u011b elektronick\u00e9 a v\u011bci t\u00fdkaj\u00edc\u00ed se dopravy p\u016fjdou <a class=\"mh-excerpt-more\" href=\"https:\/\/www.invarena.cz\/?p=53422\" title=\"Vl\u00e1dn\u00ed pl\u00e1ny digitalizace\u00a0postupuj\u00ed\u00a0\">[&#8230;]<\/a><\/p>\n<\/div>","protected":false},"author":1,"featured_media":21736,"comment_status":"open","ping_status":"closed","sticky":false,"template":"","format":"standard","meta":{"footnotes":""},"categories":[9],"tags":[],"class_list":["post-53422","post","type-post","status-publish","format-standard","has-post-thumbnail","hentry","category-zpravy"],"_links":{"self":[{"href":"https:\/\/www.invarena.cz\/index.php?rest_route=\/wp\/v2\/posts\/53422","targetHints":{"allow":["GET"]}}],"collection":[{"href":"https:\/\/www.invarena.cz\/index.php?rest_route=\/wp\/v2\/posts"}],"about":[{"href":"https:\/\/www.invarena.cz\/index.php?rest_route=\/wp\/v2\/types\/post"}],"author":[{"embeddable":true,"href":"https:\/\/www.invarena.cz\/index.php?rest_route=\/wp\/v2\/users\/1"}],"replies":[{"embeddable":true,"href":"https:\/\/www.invarena.cz\/index.php?rest_route=%2Fwp%2Fv2%2Fcomments&post=53422"}],"version-history":[{"count":0,"href":"https:\/\/www.invarena.cz\/index.php?rest_route=\/wp\/v2\/posts\/53422\/revisions"}],"wp:featuredmedia":[{"embeddable":true,"href":"https:\/\/www.invarena.cz\/index.php?rest_route=\/wp\/v2\/media\/21736"}],"wp:attachment":[{"href":"https:\/\/www.invarena.cz\/index.php?rest_route=%2Fwp%2Fv2%2Fmedia&parent=53422"}],"wp:term":[{"taxonomy":"category","embeddable":true,"href":"https:\/\/www.invarena.cz\/index.php?rest_route=%2Fwp%2Fv2%2Fcategories&post=53422"},{"taxonomy":"post_tag","embeddable":true,"href":"https:\/\/www.invarena.cz\/index.php?rest_route=%2Fwp%2Fv2%2Ftags&post=53422"}],"curies":[{"name":"wp","href":"https:\/\/api.w.org\/{rel}","templated":true}]}}