{"id":53426,"date":"2024-11-28T07:54:01","date_gmt":"2024-11-28T06:54:01","guid":{"rendered":"https:\/\/www.invarena.cz\/?p=53426"},"modified":"2024-11-28T07:54:02","modified_gmt":"2024-11-28T06:54:02","slug":"jak-zvysit-mista-pro-seniory","status":"publish","type":"post","link":"https:\/\/www.invarena.cz\/?p=53426","title":{"rendered":"Jak zv\u00fd\u0161it m\u00edsta pro seniory\u00a0\u00a0"},"content":{"rendered":"\n<p>Prima\u00a0&#8211; Hlavn\u00ed zpr\u00e1vy<br \/><br \/>V \u010cesku chyb\u00ed 15 000 m\u00edst v domovech pro seniory. A se st\u00e1rnut\u00edm populace jich bude podle expert\u016f pot\u0159eba je\u0161t\u011b v\u00edce.<br \/><br \/>Premi\u00e9r,\u00a0<strong>minist\u0159i<\/strong>\u00a0<strong>pr\u00e1ce<\/strong>\u00a0a soci\u00e1ln\u00edch v\u011bc\u00ed a financ\u00ed proto podepsali s \u010ceskou asociac\u00ed poji\u0161\u0165oven memorandum, kter\u00e9 m\u00e1 zajistit vznik 2 500 nov\u00fdch l\u016f\u017eek dlouhodob\u00e9 p\u00e9\u010de.<br \/><br \/>T\u0159eba opozi\u010dn\u00ed SPD vad\u00ed, \u017ee v memorandu chyb\u00ed garance ceny za slu\u017eby.<br \/><br \/>Pod\u00edl senior\u016f nad 65 let bude do roku 2050 30 % v\u0161ech lid\u00ed v \u010cesku. Zat\u00edmco te\u010f je jich zhruba p\u011btina. Se st\u00e1rnut\u00edm populace roste i pot\u0159eba m\u00edst v domovech pro seniory. Pr\u00e1v\u011b to by m\u011blo podepsan\u00e9 memorandum zohled\u0148ovat.<br \/><br \/>Petr Fiala, premi\u00e9r, p\u0159edseda strany \/ODS\/<br \/>&#8212;&#8212;&#8212;&#8212;&#8212;&#8212;&#8211;<br \/>Spolupr\u00e1ce ve\u0159ejn\u00e9ho a soukrom\u00e9ho sektoru pozitivn\u011b p\u0159isp\u011bje k \u0159e\u0161en\u00ed dlouhodob\u00e9 p\u00e9\u010de.<br \/><br \/>redaktorka<br \/>&#8212;&#8212;&#8212;&#8212;&#8212;&#8212;&#8211;<br \/>\u010cesk\u00e9 poji\u0161\u0165ovny se zav\u00e1zaly vyu\u017e\u00edt sv\u00e9 rezervy na vybudov\u00e1n\u00ed dvaceti domov\u016f pro seniory. Prvn\u00ed dva by m\u011bly vzniknout v Chodov\u00e9 Plan\u00e9 a Doln\u00edch B\u0159e\u017eanech.<br \/><br \/>Martin Divi\u0161 (prezident \u010cesk\u00e9 asociace poji\u0161\u0165oven),<br \/>&#8212;&#8212;&#8212;&#8212;&#8212;&#8212;&#8211;<br \/>Mluv\u00edme o 2 500 nov\u00fdch l\u016f\u017eek zhruba v horizontu deseti let.<br \/><br \/>Jan Matou\u0161ek, v\u00fdkonn\u00fd \u0159editel \u010cesk\u00e9 asociace poji\u0161\u0165oven<br \/>&#8212;&#8212;&#8212;&#8212;&#8212;&#8212;&#8211;<br \/>Na\u0161e domovy budou soukrom\u011b provozovan\u00e9 \u010ceskou asociac\u00ed poji\u0161\u0165oven a vybran\u00fdm poskytovatelem t\u00e9 p\u00e9\u010de.<br \/><br \/>redaktorka<br \/>&#8212;&#8212;&#8212;&#8212;&#8212;&#8212;&#8211;<br \/>Memorandum m\u00e1 podporu i opozi\u010dn\u00edho hnut\u00ed ANO.<br \/><br \/>Ale\u0161 Juchelka, m\u00edstop\u0159edseda Poslaneck\u00e9 sn\u011bmovny \/ANO\/<br \/>&#8212;&#8212;&#8212;&#8212;&#8212;&#8212;&#8211;<br \/>My se bez t\u011bch soukrom\u00fdch poskytovatel\u016f neobejdeme.<br \/><br \/>redaktorka<br \/>&#8212;&#8212;&#8212;&#8212;&#8212;&#8212;&#8211;<br \/>Podle Asociace poskytovatel\u016f soci\u00e1ln\u00edch slu\u017eeb jde ale jen o \u010d\u00e1ste\u010dn\u00e9 \u0159e\u0161en\u00ed probl\u00e9mu.<br \/><br \/>Ji\u0159\u00ed Horeck\u00fd, prezident Asociace poskytovatel\u016f soci\u00e1ln\u00edch slu\u017eeb \u010cR<br \/>&#8212;&#8212;&#8212;&#8212;&#8212;&#8212;&#8211;<br \/>Poji\u0161\u0165ovny p\u0159ipravily nov\u00fd pojistn\u00fd produkt z poji\u0161t\u011bn\u00ed dlouhodob\u00e9 p\u00e9\u010de a samoz\u0159ejm\u011b, aby to pln\u011bn\u00ed z toho poji\u0161t\u011bn\u00ed m\u011blo n\u011bjak\u00fd smysl, tak je pot\u0159eba, aby bylo za co ho utratit.<br \/><br \/>Zbyn\u011bk Stanjura, ministr financ\u00ed, 1. m\u00edstop\u0159edseda strany \/ODS\/<br \/>&#8212;&#8212;&#8212;&#8212;&#8212;&#8212;&#8211;<br \/>Dali jsme tam jist\u00e9 da\u0148ov\u00e9 zv\u00fdhodn\u011bn\u00ed, co\u017e je takov\u00e1 motivace pro to, aby to ob\u010dan\u00e9 vyu\u017e\u00edvali.<br \/><br \/>redaktorka<br \/>&#8212;&#8212;&#8212;&#8212;&#8212;&#8212;&#8211;<br \/>Opozi\u010dn\u00ed SPD chyb\u00ed v memorandu nastaven\u00ed cenov\u00e9ho stropu za pobyt v chystan\u00fdch domovech.<br \/><br \/>Karla Ma\u0159\u00edkov\u00e1, poslankyn\u011b, m\u00edstop\u0159edsedkyn\u011b v\u00fdboru pro zdravotnictv\u00ed \/SPD\/<br \/>&#8212;&#8212;&#8212;&#8212;&#8212;&#8212;&#8211;<br \/>Aby se nestalo to, \u017ee nakonec bude pro \u010desk\u00e9 seniory tato slu\u017eba nedostupn\u00e1. A to u\u017e z d\u016fvodu, \u017ee to prost\u011b nepokryj\u00ed.<br \/><br \/>Jan Matou\u0161ek, v\u00fdkonn\u00fd \u0159editel \u010cesk\u00e9 asociace poji\u0161\u0165oven<br \/>&#8212;&#8212;&#8212;&#8212;&#8212;&#8212;&#8211;<br \/>Horn\u00ed hranice bude z\u00e1le\u017eet na provozu a podm\u00ednk\u00e1ch a cen\u011b toho ka\u017ed\u00e9ho domova.<br \/><br \/>redaktorka<br \/>&#8212;&#8212;&#8212;&#8212;&#8212;&#8212;&#8211;<br \/>Pr\u016fm\u011brn\u00e1 \u010dekac\u00ed doba nam\u00edsto v domovech pro seniory je zhruba 6 a\u017e 12 m\u011bs\u00edc\u016f. Podle Asociace poskytovatel\u016f soci\u00e1ln\u00edch slu\u017eeb je situace nejhor\u0161\u00ed v Praze a St\u0159edo\u010desk\u00e9m kraji.<br \/><br \/>Marian Jure\u010dka, vicepremi\u00e9r,\u00a0<strong>ministr<\/strong>\u00a0<strong>pr\u00e1ce<\/strong>\u00a0a soci\u00e1ln\u00edch v\u011bc\u00ed \/KDU-\u010cSL\/<br \/>&#8212;&#8212;&#8212;&#8212;&#8212;&#8212;&#8211;<br \/>Kraj je ten, kter\u00fd zodpov\u011bdn\u00fd za to, jakou s\u00ed\u0165 soci\u00e1ln\u00edch slu\u017eeb si ve sv\u00e9m \u00fazem\u00ed nastav\u00ed.<br \/><br \/>redaktorka<br \/>&#8212;&#8212;&#8212;&#8212;&#8212;&#8212;&#8211;<br \/>V \u010cesku je zhruba 35 000 m\u00edst v domovech pro seniory. 15 000 \u010dekaj\u00edc\u00edch by pot\u0159ebovalo l\u016f\u017eko ihned. <\/p>\n\n\n\n<p> CNN Prima News.<\/p>\n\n\n\n<p><\/p>\n","protected":false},"excerpt":{"rendered":"<div class=\"mh-excerpt\"><p>Prima\u00a0&#8211; Hlavn\u00ed zpr\u00e1vy V \u010cesku chyb\u00ed 15 000 m\u00edst v domovech pro seniory. A se st\u00e1rnut\u00edm populace jich bude podle expert\u016f pot\u0159eba je\u0161t\u011b v\u00edce. Premi\u00e9r,\u00a0minist\u0159i\u00a0pr\u00e1ce\u00a0a <a class=\"mh-excerpt-more\" href=\"https:\/\/www.invarena.cz\/?p=53426\" title=\"Jak zv\u00fd\u0161it m\u00edsta pro seniory\u00a0\u00a0\">[&#8230;]<\/a><\/p>\n<\/div>","protected":false},"author":1,"featured_media":14571,"comment_status":"open","ping_status":"closed","sticky":false,"template":"","format":"standard","meta":{"footnotes":""},"categories":[9],"tags":[],"class_list":["post-53426","post","type-post","status-publish","format-standard","has-post-thumbnail","hentry","category-zpravy"],"_links":{"self":[{"href":"https:\/\/www.invarena.cz\/index.php?rest_route=\/wp\/v2\/posts\/53426","targetHints":{"allow":["GET"]}}],"collection":[{"href":"https:\/\/www.invarena.cz\/index.php?rest_route=\/wp\/v2\/posts"}],"about":[{"href":"https:\/\/www.invarena.cz\/index.php?rest_route=\/wp\/v2\/types\/post"}],"author":[{"embeddable":true,"href":"https:\/\/www.invarena.cz\/index.php?rest_route=\/wp\/v2\/users\/1"}],"replies":[{"embeddable":true,"href":"https:\/\/www.invarena.cz\/index.php?rest_route=%2Fwp%2Fv2%2Fcomments&post=53426"}],"version-history":[{"count":0,"href":"https:\/\/www.invarena.cz\/index.php?rest_route=\/wp\/v2\/posts\/53426\/revisions"}],"wp:featuredmedia":[{"embeddable":true,"href":"https:\/\/www.invarena.cz\/index.php?rest_route=\/wp\/v2\/media\/14571"}],"wp:attachment":[{"href":"https:\/\/www.invarena.cz\/index.php?rest_route=%2Fwp%2Fv2%2Fmedia&parent=53426"}],"wp:term":[{"taxonomy":"category","embeddable":true,"href":"https:\/\/www.invarena.cz\/index.php?rest_route=%2Fwp%2Fv2%2Fcategories&post=53426"},{"taxonomy":"post_tag","embeddable":true,"href":"https:\/\/www.invarena.cz\/index.php?rest_route=%2Fwp%2Fv2%2Ftags&post=53426"}],"curies":[{"name":"wp","href":"https:\/\/api.w.org\/{rel}","templated":true}]}}