{"id":53430,"date":"2024-11-28T08:01:47","date_gmt":"2024-11-28T07:01:47","guid":{"rendered":"https:\/\/www.invarena.cz\/?p=53430"},"modified":"2024-11-28T08:01:48","modified_gmt":"2024-11-28T07:01:48","slug":"urad-prace-zavre-mene-pobocek-nez-planoval","status":"publish","type":"post","link":"https:\/\/www.invarena.cz\/?p=53430","title":{"rendered":"\u00da\u0159ad pr\u00e1ce zav\u0159e m\u00e9n\u011b pobo\u010dek ne\u017e pl\u00e1noval\u00a0\u00a0"},"content":{"rendered":"\n<p>\u010cT 1\u00a0&#8211; Ud\u00e1losti<br \/><br \/>\u00da\u0159ad pr\u00e1ce m\u00e1 zav\u0159\u00edt m\u00e9n\u011b pobo\u010dek, ne\u017e p\u016fvodn\u011b oznamoval.\u00a0<strong>Ministr<\/strong>\u00a0<strong>pr\u00e1ce<\/strong>\u00a0a soci\u00e1ln\u00edch v\u011bc\u00ed Marian Jure\u010dka. \u010cesk\u00e9 televizi \u0159ekl, \u017ee to bude asi kolem 50 nam\u00edsto avizovan\u00fdch osmi des\u00edtek. Rozhodnut\u00ed o redukci \u00fa\u0159adu v mal\u00fdch m\u011bstech kritizovala \u010d\u00e1st starost\u016f.<br \/><br \/>Marian Jure\u010dka,\u00a0<strong>ministr<\/strong>\u00a0<strong>pr\u00e1ce<\/strong>\u00a0a soci\u00e1ln\u00edch v\u011bc\u00ed \/KDU-\u010cSL\/<br \/>&#8212;&#8212;&#8212;&#8212;&#8212;&#8212;&#8211;<br \/>V t\u011bch p\u0159\u00ed\u0161t\u00edch m\u011bs\u00edc\u00edch nedojde k tomu, aby z obc\u00ed s roz\u0161\u00ed\u0159enou p\u016fsobnost\u00ed zmizelo na\u0161e kontaktn\u00ed pracovi\u0161t\u011b nebo alespo\u0148 forma, kter\u00e1 bude znamenat, \u017ee na to kontaktn\u00ed pracovi\u0161t\u011b budou pracovn\u00edci p\u0159\u00edpadn\u011b vysl\u00e1ni.<br \/><br \/>redaktorka \u010cT<br \/>&#8212;&#8212;&#8212;&#8212;&#8212;&#8212;&#8211;<br \/>Zm\u011bny ozn\u00e1mil\u00a0<strong>ministr<\/strong>\u00a0<strong>pr\u00e1ce<\/strong>\u00a0a soci\u00e1ln\u00edch v\u011bc\u00ed po dne\u0161n\u00edm jedn\u00e1n\u00ed s \u0159editelem \u00da\u0159adu pr\u00e1ce, ten p\u0159itom je\u0161t\u011b na konci minul\u00e9ho t\u00fddne mluvil o nutnosti zru\u0161en\u00ed 83 pobo\u010dek, aby zajistil bezpe\u010dnost sv\u00fdch zam\u011bstnanc\u016f.<br \/><br \/>Daniel Kri\u0161tof, \u0159editel \u00da\u0159adu pr\u00e1ce \u010cR<br \/>&#8212;&#8212;&#8212;&#8212;&#8212;&#8212;&#8211;<br \/>Kdy\u017e m\u00e1te pobo\u010dku, kde jsou jenom dva lidi, tak tu nedok\u00e1\u017eete dob\u0159e zabezpe\u010dit. My dob\u0159e fungujeme tam, kde m\u00e1me v\u011bt\u0161\u00ed pobo\u010dky a pak z nich p\u0159\u00edpadn\u011b vys\u00edl\u00e1me mobiln\u00ed t\u00fdmy tam, kde je pot\u0159eba.<\/p>\n\n\n\n<p>\u00a0<\/p>\n","protected":false},"excerpt":{"rendered":"<div class=\"mh-excerpt\"><p>\u010cT 1\u00a0&#8211; Ud\u00e1losti \u00da\u0159ad pr\u00e1ce m\u00e1 zav\u0159\u00edt m\u00e9n\u011b pobo\u010dek, ne\u017e p\u016fvodn\u011b oznamoval.\u00a0Ministr\u00a0pr\u00e1ce\u00a0a soci\u00e1ln\u00edch v\u011bc\u00ed Marian Jure\u010dka. \u010cesk\u00e9 televizi \u0159ekl, \u017ee to bude asi kolem 50 <a class=\"mh-excerpt-more\" href=\"https:\/\/www.invarena.cz\/?p=53430\" title=\"\u00da\u0159ad pr\u00e1ce zav\u0159e m\u00e9n\u011b pobo\u010dek ne\u017e pl\u00e1noval\u00a0\u00a0\">[&#8230;]<\/a><\/p>\n<\/div>","protected":false},"author":1,"featured_media":1077,"comment_status":"open","ping_status":"closed","sticky":false,"template":"","format":"standard","meta":{"footnotes":""},"categories":[9],"tags":[],"class_list":["post-53430","post","type-post","status-publish","format-standard","has-post-thumbnail","hentry","category-zpravy"],"_links":{"self":[{"href":"https:\/\/www.invarena.cz\/index.php?rest_route=\/wp\/v2\/posts\/53430","targetHints":{"allow":["GET"]}}],"collection":[{"href":"https:\/\/www.invarena.cz\/index.php?rest_route=\/wp\/v2\/posts"}],"about":[{"href":"https:\/\/www.invarena.cz\/index.php?rest_route=\/wp\/v2\/types\/post"}],"author":[{"embeddable":true,"href":"https:\/\/www.invarena.cz\/index.php?rest_route=\/wp\/v2\/users\/1"}],"replies":[{"embeddable":true,"href":"https:\/\/www.invarena.cz\/index.php?rest_route=%2Fwp%2Fv2%2Fcomments&post=53430"}],"version-history":[{"count":0,"href":"https:\/\/www.invarena.cz\/index.php?rest_route=\/wp\/v2\/posts\/53430\/revisions"}],"wp:featuredmedia":[{"embeddable":true,"href":"https:\/\/www.invarena.cz\/index.php?rest_route=\/wp\/v2\/media\/1077"}],"wp:attachment":[{"href":"https:\/\/www.invarena.cz\/index.php?rest_route=%2Fwp%2Fv2%2Fmedia&parent=53430"}],"wp:term":[{"taxonomy":"category","embeddable":true,"href":"https:\/\/www.invarena.cz\/index.php?rest_route=%2Fwp%2Fv2%2Fcategories&post=53430"},{"taxonomy":"post_tag","embeddable":true,"href":"https:\/\/www.invarena.cz\/index.php?rest_route=%2Fwp%2Fv2%2Ftags&post=53430"}],"curies":[{"name":"wp","href":"https:\/\/api.w.org\/{rel}","templated":true}]}}