{"id":53555,"date":"2024-12-05T12:12:00","date_gmt":"2024-12-05T11:12:00","guid":{"rendered":"https:\/\/www.invarena.cz\/?p=53555"},"modified":"2024-12-06T10:25:30","modified_gmt":"2024-12-06T09:25:30","slug":"cssz-informuje-zamestnavatele-o-digitalizaci-dalsich-davek-nemocenskeho-pojisteni","status":"publish","type":"post","link":"https:\/\/www.invarena.cz\/?p=53555","title":{"rendered":"\u010cSSZ informuje zam\u011bstnavatele o digitalizaci dal\u0161\u00edch d\u00e1vek nemocensk\u00e9ho poji\u0161t\u011bn\u00ed"},"content":{"rendered":"\n<p>V roce 2020 jsme \u00fasp\u011b\u0161n\u011b spustili eNeschopenku a digitalizovali tak \u201enemocenskou\u201c.<\/p>\n\n\n\n<p>Od 1. 1. 2025 digitalizujeme ostatn\u00ed d\u00e1vky nemocensk\u00e9ho poji\u0161t\u011bn\u00ed:<\/p>\n\n\n\n<ul class=\"wp-block-list\">\n<li>o\u0161et\u0159ovn\u00e9,<\/li>\n\n\n\n<li>dlouhodob\u00e9 o\u0161et\u0159ovn\u00e9,<\/li>\n\n\n\n<li>pen\u011b\u017eitou pomoc v mate\u0159stv\u00ed,<\/li>\n\n\n\n<li>otcovskou,<\/li>\n\n\n\n<li>vyrovn\u00e1vac\u00ed p\u0159\u00edsp\u011bvek v t\u011bhotenstv\u00ed a mate\u0159stv\u00ed.<br \/><br \/>D\u00e1vky budou fungovat podobn\u011b jako eNeschopenka, \u010d\u00edm\u017e se zrychl\u00ed cel\u00fd proces mezi<br \/>l\u00e9ka\u0159em\/poskytovatelem zdravotn\u00edch slu\u017eeb, V\u00e1mi, na\u0161\u00edm klientem a zefektivn\u00ed i komunikace s n\u00e1mi.<br \/><br \/>L\u00e9ka\u0159 elektronicky zalo\u017e\u00ed nov\u00fd p\u0159\u00edpad a syst\u00e9m vygeneruje identifik\u00e1tor (tj. \u010d\u00edslo rozhodnut\u00ed\/potvrzen\u00ed), kter\u00e9 klient nahl\u00e1s\u00ed sv\u00e9mu zam\u011bstnavateli.<br \/><br \/>N\u00e1vrh pr\u00e1vn\u00ed \u00fapravy (z\u00e1kona m\u011bn\u00edc\u00edho z\u00e1kon \u010d. 187\/2006 Sb., o nemocensk\u00e9m poji\u0161t\u011bn\u00ed, ve zn\u011bn\u00ed<br \/>pozd\u011bj\u0161\u00edch p\u0159edpis\u016f, a dal\u0161\u00ed souvisej\u00edc\u00ed z\u00e1kony), byl schv\u00e1len Parlamentem \u010cR a dne 25. 11. 2024<br \/>odesl\u00e1n k podpisu prezidentovi \u010cR, s ohledem na p\u0159edpokl\u00e1danou \u00fa\u010dinnost nyn\u00ed dokon\u010dujeme jeho implementa\u010dn\u00ed f\u00e1zi.<br \/><br \/>Jak\u00e9 zm\u011bny a nov\u00e9 povinnosti se zam\u011bstnavatel\u016f dotknou?<\/li>\n<\/ul>\n\n\n\n<ol class=\"wp-block-list\">\n<li>O\u0161et\u0159uj\u00edc\u00ed l\u00e9ka\u0159 (pop\u0159. org\u00e1n ochrany ve\u0159ejn\u00e9ho zdrav\u00ed \u010di \u0161kolsk\u00e9\/d\u011btsk\u00e9 za\u0159\u00edzen\u00ed apod.) vyd\u00e1<br \/>rozhodnut\u00ed\/potvrzen\u00ed elektronicky.<\/li>\n\n\n\n<li>Poji\u0161t\u011bnec sd\u011bl\u00ed o\u0161et\u0159uj\u00edc\u00edmu l\u00e9ka\u0159i telefonn\u00ed \u010d\u00edslo nebo e-mailovou adresu, na kterou obdr\u017e\u00ed<br \/>od \u010cSSZ zpr\u00e1vu obsahuj\u00edc\u00ed:<br \/>&#8211; identifik\u00e1tor (tj. \u010d\u00edslo rozhodnut\u00ed\/potvrzen\u00ed),<br \/>&#8211; druh d\u00e1vky, datum jej\u00edho vzniku, odkaz na ePort\u00e1l \u010cSSZ pro zji\u0161t\u011bn\u00ed podrobn\u00fdch \u00fadaj\u016f,<br \/>&#8211; a pokyn, aby V\u00e1m tyto informace p\u0159edal.<\/li>\n\n\n\n<li>\u017d\u00e1dost (o d\u00e1vku a jej\u00ed v\u00fdplatu) uplatn\u00ed poji\u0161t\u011bnec t\u00edm, \u017ee v\u00e1m:<br \/>&#8211; ozn\u00e1m\u00ed soci\u00e1ln\u00ed ud\u00e1lost a sd\u011bl\u00ed, o kterou d\u00e1vku \u017e\u00e1d\u00e1,<br \/>&#8211; dolo\u017e\u00ed doklad, kter\u00fd osv\u011bd\u010d\u00ed spln\u011bn\u00ed podm\u00ednek pro n\u00e1rok na d\u00e1vku a jej\u00ed v\u00fdplatu (pokud<br \/>nap\u0159. p\u0159eb\u00edr\u00e1 d\u00edt\u011b do p\u00e9\u010de jako osvojitel), o a pr\u016fkazn\u011b p\u0159ed\u00e1 informace s identifik\u00e1torem, pokud byl k d\u00e1vce vystaven.<br \/>\u017d\u00e1dost jste v t\u00e9to form\u011b povinni p\u0159ijmout. Sv\u00fdm zam\u011bstnanc\u016fm proto nastav\u00edte postup, jak\u00fdm<br \/>V\u00e1m informace budou p\u0159ed\u00e1vat, nap\u0159. p\u0159es SMS, e-mail nebo person\u00e1ln\u00ed syst\u00e9m. Doporu\u010den\u00e9<br \/>vzory ozn\u00e1men\u00ed najdete na webu \u010cSSZ: doporu\u010den\u00e9 vzory hl\u00e1\u0161en\u00ed pro poji\u0161t\u011bnce.<\/li>\n\n\n\n<li>Ode\u0161lete spr\u00e1v\u011b soci\u00e1ln\u00edho zabezpe\u010den\u00ed formul\u00e1\u0159 \u201eOzn\u00e1men\u00ed zam\u011bstnavatele o \u017e\u00e1dosti<br \/>zam\u011bstnance o d\u00e1vku\u201c (NEMPRI_2025), kde uvedete sd\u011blen\u00ed zam\u011bstnance a \u00fadaje pot\u0159ebn\u00e9<br \/>pro v\u00fdpo\u010det d\u00e1vky. Spr\u00e1v\u011b soci\u00e1ln\u00edho zabezpe\u010den\u00ed ji\u017e nep\u0159ed\u00e1v\u00e1te samotn\u00e9 ozn\u00e1men\u00ed<br \/>o vzniku soci\u00e1ln\u00ed ud\u00e1losti, ani \u017e\u00e1dost o d\u00e1vku.<\/li>\n\n\n\n<li>Pokud V\u00e1m zam\u011bstnanec p\u0159ed\u00e1 k d\u00e1vce dal\u0161\u00ed doklady v pap\u00edrov\u00e9 podob\u011b (nap\u0159.<br \/>rozhodnut\u00ed soudu o osvojen\u00ed), p\u0159evedete je do elektronick\u00e9 podoby (sta\u010d\u00ed prost\u00e1 kopie)<br \/>a p\u0159ed\u00e1te okresn\u00ed spr\u00e1v\u011b soci\u00e1ln\u00edho zabezpe\u010den\u00ed spolu s formul\u00e1\u0159em \u201eOzn\u00e1men\u00ed<br \/>zam\u011bstnavatele o \u017e\u00e1dosti zam\u011bstnance o d\u00e1vku\u201c nebo prost\u0159ednictv\u00edm datov\u00e9 zpr\u00e1vy.<\/li>\n\n\n\n<li>D\u00e1vku vypl\u00e1c\u00edme Va\u0161emu zam\u011bstnanci stejn\u00fdm zp\u016fsobem, jako vypl\u00e1c\u00edte jeho mzdu, pokud n\u00e1s<br \/>zam\u011bstnanec nepo\u017e\u00e1d\u00e1 o jin\u00fd zp\u016fsob v\u00fdplaty d\u00e1vky.<\/li>\n\n\n\n<li>Informace potvrzen\u00e9 l\u00e9ka\u0159em k nov\u011b digitalizovan\u00fdm d\u00e1vk\u00e1m zjist\u00edte ve slu\u017eb\u011b DZNP (podobn\u011b<br \/>jako DZDPN pro eNeschopenky), nebo na ePort\u00e1lu \u010cSSZ: P\u0159ehled pod\u00e1n\u00ed k d\u00e1vk\u00e1m<br \/>nemocensk\u00e9ho poji\u0161t\u011bn\u00ed.<br \/><br \/>Nov\u00e9 postupy v\u010detn\u011b podrobn\u00e9ho popisu doklad\u016f, na z\u00e1klad\u011b kter\u00fdch je uplat\u0148ov\u00e1n n\u00e1rok<br \/>na d\u00e1vku a jej\u00ed v\u00fdplatu, jsou uvedeny na webov\u00fdch str\u00e1nk\u00e1ch \u010cSSZ.<br \/>Jak postupovat, pokud ud\u00e1lost vznikne v roce 2024?<br \/><br \/>Pokud o\u0161et\u0159uj\u00edc\u00ed l\u00e9ka\u0159i vystav\u00ed p\u0159\u00edslu\u0161n\u00e1 rozhodnut\u00ed p\u0159ed 1. 1. 2025, budou dokon\u010deny podle st\u00e1vaj\u00edc\u00ed pr\u00e1vn\u00ed \u00fapravy \u2013 tedy na p\u0159\u00edslu\u0161n\u00fdch \u201estar\u00fdch\u201c pap\u00edrov\u00fdch tiskopisech. Budete tak\u00e9 postupovat dosavadn\u00edm zp\u016fsobem, tj. za\u0161lete st\u00e1vaj\u00edc\u00ed formul\u00e1\u0159 \u201eP\u0159\u00edloha k \u017e\u00e1dosti o d\u00e1vku\u201c (NEMPRI 2020) a kopii \u017e\u00e1dosti zam\u011bstnanc\u016f o d\u00e1vky.<br \/><br \/>Pokud rozhodne o\u0161et\u0159uj\u00edc\u00ed l\u00e9ka\u0159 po 31. 12. 2024 (i kdy\u017e nap\u0159. pot\u0159eba o\u0161et\u0159ov\u00e1n\u00ed vznikla je\u0161t\u011b v roce 2024), budete ji\u017e pou\u017e\u00edvat nov\u00e9 postupy podle pr\u00e1vn\u00ed \u00fapravy platn\u00e9 od 1. 1. 2025. Budete postupovat nov\u00fdm, v\u00fd\u0161e uveden\u00fdm zp\u016fsobem a pou\u017eijete ji\u017e nov\u00fd formul\u00e1\u0159 \u201eOzn\u00e1men\u00ed zam\u011bstnavatele o \u017e\u00e1dosti zam\u011bstnance o d\u00e1vku\u201c (NEMPRI_2025).<br \/><br \/>Informace pro v\u00fdvoj\u00e1\u0159e mzdov\u00fdch a person\u00e1ln\u00edch SW najdete na na\u0161em webu: Informace pro v\u00fdvoj\u00e1\u0159e mzdov\u00e9ho a person\u00e1ln\u00edho SW<br \/><br \/>Tyto zm\u011bny maj\u00ed zjednodu\u0161it administrativn\u00ed \u010dinnosti spojen\u00e9 s agendou nemocensk\u00e9ho poji\u0161t\u011bn\u00ed.<br \/><br \/>\u010cesk\u00e1 spr\u00e1va soci\u00e1ln\u00edho zabezpe\u010den\u00ed<\/li>\n<\/ol>\n","protected":false},"excerpt":{"rendered":"<div class=\"mh-excerpt\"><p>V roce 2020 jsme \u00fasp\u011b\u0161n\u011b spustili eNeschopenku a digitalizovali tak \u201enemocenskou\u201c. Od 1. 1. 2025 digitalizujeme ostatn\u00ed d\u00e1vky nemocensk\u00e9ho poji\u0161t\u011bn\u00ed:<\/p>\n<\/div>","protected":false},"author":1,"featured_media":14137,"comment_status":"open","ping_status":"closed","sticky":false,"template":"","format":"standard","meta":{"footnotes":""},"categories":[9],"tags":[],"class_list":["post-53555","post","type-post","status-publish","format-standard","has-post-thumbnail","hentry","category-zpravy"],"_links":{"self":[{"href":"https:\/\/www.invarena.cz\/index.php?rest_route=\/wp\/v2\/posts\/53555","targetHints":{"allow":["GET"]}}],"collection":[{"href":"https:\/\/www.invarena.cz\/index.php?rest_route=\/wp\/v2\/posts"}],"about":[{"href":"https:\/\/www.invarena.cz\/index.php?rest_route=\/wp\/v2\/types\/post"}],"author":[{"embeddable":true,"href":"https:\/\/www.invarena.cz\/index.php?rest_route=\/wp\/v2\/users\/1"}],"replies":[{"embeddable":true,"href":"https:\/\/www.invarena.cz\/index.php?rest_route=%2Fwp%2Fv2%2Fcomments&post=53555"}],"version-history":[{"count":0,"href":"https:\/\/www.invarena.cz\/index.php?rest_route=\/wp\/v2\/posts\/53555\/revisions"}],"wp:featuredmedia":[{"embeddable":true,"href":"https:\/\/www.invarena.cz\/index.php?rest_route=\/wp\/v2\/media\/14137"}],"wp:attachment":[{"href":"https:\/\/www.invarena.cz\/index.php?rest_route=%2Fwp%2Fv2%2Fmedia&parent=53555"}],"wp:term":[{"taxonomy":"category","embeddable":true,"href":"https:\/\/www.invarena.cz\/index.php?rest_route=%2Fwp%2Fv2%2Fcategories&post=53555"},{"taxonomy":"post_tag","embeddable":true,"href":"https:\/\/www.invarena.cz\/index.php?rest_route=%2Fwp%2Fv2%2Ftags&post=53555"}],"curies":[{"name":"wp","href":"https:\/\/api.w.org\/{rel}","templated":true}]}}