{"id":53645,"date":"2024-12-10T23:04:39","date_gmt":"2024-12-10T22:04:39","guid":{"rendered":"https:\/\/www.invarena.cz\/?p=53645"},"modified":"2024-12-10T23:07:06","modified_gmt":"2024-12-10T22:07:06","slug":"jedinecna-prilezitost-zhlednout-ocenovany-film-o-sumavske-prirode-poprve-v-prazskem-kine","status":"publish","type":"post","link":"https:\/\/www.invarena.cz\/?p=53645","title":{"rendered":"Jedine\u010dn\u00e1 p\u0159\u00edle\u017eitost zhl\u00e9dnout oce\u0148ovan\u00fd film o \u0161umavsk\u00e9 p\u0159\u00edrod\u011b, poprv\u00e9 v\u00a0pra\u017esk\u00e9m kin\u011b"},"content":{"rendered":"\n<p><strong>Praha, 10. 12. 2024 \u2013 Um\u011bleck\u00fd dokument\u00e1rn\u00ed sn\u00edmek <\/strong><em><strong>Voda ztracen\u00e1 a vr\u00e1cen\u00e1<\/strong><\/em><strong>, kter\u00fd mapuje vliv odvodn\u011bn\u00ed krajiny na jej\u00ed fungov\u00e1n\u00ed, se p\u0159edstav\u00ed pra\u017esk\u00fdm div\u00e1k\u016fm. Film re\u017eis\u00e9ra Radka Pl\u00edhala bude prom\u00edt\u00e1n pouze v pond\u011bl\u00ed 16. prosince 2024 v kin\u011b Aero. Vypr\u00e1v\u00ed p\u0159\u00edb\u011bh s&nbsp;dobr\u00fdm koncem a ukazuje, \u017ee ka\u017ed\u00fd se m\u016f\u017ee do ochrany p\u0159\u00edrody zapojit a&nbsp;pomoci vy\u0159e\u0161it i velk\u00e9 probl\u00e9my.<\/strong><\/p>\n\n\n\n<p>Dokument re\u017eis\u00e9ra Radka Pl\u00edhala p\u0159in\u00e1\u0161\u00ed fascinuj\u00edc\u00ed p\u0159\u00edb\u011bh \u0161umavsk\u00fdch mok\u0159in, ra\u0161elini\u0161\u0165 a&nbsp;meandruj\u00edc\u00edch potok\u016f. Film sleduje prom\u011bny krajiny od historick\u00fdch z\u00e1sah\u016f v podob\u011b odvod\u0148ov\u00e1n\u00ed a\u017e&nbsp;po sou\u010dasn\u00e9 snahy o obnovu p\u0159\u00edrodn\u00edho prost\u0159ed\u00ed. Prost\u0159ednictv\u00edm n\u00e1dhern\u00fdch z\u00e1b\u011br\u016f p\u0159\u00edrody, podlo\u017een\u00fdch archivn\u00edmi materi\u00e1ly, zobrazuje nejen dramatick\u00e9 zm\u011bny, kter\u00e9 krajina prod\u011blala, ale&nbsp;i&nbsp;v\u00fdznam mok\u0159ad\u016f pro biodiverzitu a zadr\u017eov\u00e1n\u00ed vody v krajin\u011b.<\/p>\n\n\n\n<p>Sn\u00edmek vznikl v r\u00e1mci projektu Life for Mires, kter\u00fd realizuje Spr\u00e1va N\u00e1rodn\u00edho parku \u0160umava. Projekt se zam\u011b\u0159uje na obnovu mok\u0159ad\u016f, jen\u017e jsou kl\u00ed\u010dov\u00e9 pro zadr\u017eov\u00e1n\u00ed vody v krajin\u011b a ochranu biodiverzity. <em>\u201eMok\u0159ady jsou p\u0159\u00edrodn\u00edmi rezervo\u00e1ry vody, chlad\u00ed krajinu a n\u011bkter\u00e9 z&nbsp;nich n\u00e1m dokonce mohou pomoci se&nbsp;zm\u00edr\u0148ov\u00e1n\u00edm povodn\u00ed. Tento film ukazuje, pro\u010d je jejich obnova kl\u00ed\u010dov\u00e1 nejen pro \u0160umavu, ale i pro n\u00e1s v\u0161echny,\u201c <\/em>uvedl Luk\u00e1\u0161 Linhart ze Spr\u00e1vy NP \u0160umava. <em>&#8222;Douf\u00e1m, \u017ee film div\u00e1ky inspiruje k hlub\u0161\u00edmu pochopen\u00ed v\u00fdznamu vody v na\u0161\u00ed krajin\u011b, a to zejm\u00e9na v&nbsp;kontextu s&nbsp;adaptac\u00ed na zm\u011bnu klimatu&#8220;<\/em> dopl\u0148uje.<\/p>\n\n\n\n<p>Film byl prom\u00edt\u00e1n ji\u017e na akc\u00edch mimo Prahu a zaznamenal nad\u0161en\u00e9 reakce. Zaujal zejm\u00e9na n\u00e1dhern\u00fdmi z\u00e1b\u011bry p\u0159\u00edrody i emotivn\u00edm hudebn\u00edm doprovodem od Lenky Dusilov\u00e9 a Petra Ostrouchova. P\u016fsobivost filmu umoc\u0148uje fakt, \u017ee v n\u011bm nezazn\u00ed \u017e\u00e1dn\u00e9 mluven\u00e9 slovo. Tak\u00e9 d\u00edky tomu je film mo\u017en\u00e9 snadno prom\u00edtat i mezin\u00e1rodn\u00edmu publiku, jako tomu bylo letos na dobrovolnick\u00e9m kempu v&nbsp;NP \u0160umava, kde se pod hlavi\u010dkou Evropsk\u00e9ho klimatick\u00e9ho paktu zapojilo 40 dobrovolnic a dobrovoln\u00edk\u016f z&nbsp;osmi zem\u00ed do revitaliza\u010dn\u00edch prac\u00ed, kter\u00e9 je mo\u017en\u00e9 v&nbsp;dokumentu tak\u00e9 shl\u00e9dnout.<\/p>\n\n\n\n<p>Sn\u00edmek z\u00edskal \u0159adu presti\u017en\u00edch ocen\u011bn\u00ed na mezin\u00e1rodn\u00edch filmov\u00fdch festivalech, v\u010detn\u011b Prezidentovy ceny na Prague Science Film Festu 2024 a ceny za nejlep\u0161\u00ed p\u0159\u00edrodov\u011bdn\u00fd sn\u00edmek na Matsalu Nature Film Festivalu 2024 v Estonsku. Speci\u00e1ln\u00ed uzn\u00e1n\u00ed obdr\u017eel tak\u00e9 na festivalech v USA, Finsku a Indii, kde byl ocen\u011bn za sv\u016fj p\u0159\u00ednos v oblasti ochrany p\u0159\u00edrody a klimatu.<\/p>\n\n\n\n<p>Ve foyer kina Aero bude p\u0159ipravena v\u00fdstava projekt\u016f ambasador\u016f Evropsk\u00e9ho klimatick\u00e9ho paktu. Mezi n\u011b pat\u0159\u00ed i Veronika Kr\u00e1lov\u00e1: <em>\u201eFilm je nejen oslavou kr\u00e1s p\u0159\u00edrody, ale i d\u016fle\u017eit\u00fdm poselstv\u00edm, kter\u00e9 n\u00e1s vyb\u00edz\u00ed k&nbsp;odpov\u011bdnosti. Na \u0160umav\u011b jsem byla dobrovolni\u010dit ji\u017e podruh\u00e9, a je skv\u011bl\u00e9 vid\u011bt, \u017ee tato \u010dinnost p\u0159in\u00e1\u0161\u00ed opravdu viditelnou zm\u011bnu.\u201c<\/em><\/p>\n\n\n\n<p>Prom\u00edt\u00e1n\u00ed uvede kr\u00e1tk\u00fdm proslovem Viktorie Tenzerov\u00e1, \u0159editelka neziskov\u00e9 organizace Na mysli. N\u00e1sledn\u011b vystoup\u00ed Luk\u00e1\u0161 Linhart, spoluautor filmu a odborn\u00edk ze Spr\u00e1vy N\u00e1rodn\u00edho parku \u0160umava, kter\u00fd vysv\u011btl\u00ed okolnosti vzniku filmu a pod\u011bl\u00ed se i o sv\u00e9 zku\u0161enosti s&nbsp;obnovou mok\u0159ad\u016f. Projekce se z\u00fa\u010dastn\u00ed tak\u00e9 re\u017eis\u00e9r filmu Radek Pl\u00edhal.<\/p>\n\n\n\n<p>Akce se kon\u00e1 od 18:00, vstupenky na prom\u00edt\u00e1n\u00ed jsou ji\u017e nyn\u00ed k dispozici na webu kina Aero. Vstupenky stoj\u00ed 160 K\u010d.<br \/><a href=\"https:\/\/kinoaero.colosseum.eu\/kino-aero\/standard\/Hall\/Index\/146118\/LPCanR1cxFbm739HMg_sla_Hig_rov__rov__xcodex_AGA1gFbU4wgQfgGA_com_2MgDRWCa0QFmb56moaaLQ__?\">https:\/\/kinoaero.colosseum.eu\/kino-aero\/standard\/Hall\/Index\/146118\/LPCanR1cxFbm739HMg_sla_Hig_rov__rov__xcodex_AGA1gFbU4wgQfgGA_com_2MgDRWCa0QFmb56moaaLQ__?<\/a><\/p>\n","protected":false},"excerpt":{"rendered":"<div class=\"mh-excerpt\"><p>Praha, 10. 12. 2024 \u2013 Um\u011bleck\u00fd dokument\u00e1rn\u00ed sn\u00edmek Voda ztracen\u00e1 a vr\u00e1cen\u00e1, kter\u00fd mapuje vliv odvodn\u011bn\u00ed krajiny na jej\u00ed fungov\u00e1n\u00ed, se p\u0159edstav\u00ed pra\u017esk\u00fdm div\u00e1k\u016fm. Film <a class=\"mh-excerpt-more\" href=\"https:\/\/www.invarena.cz\/?p=53645\" title=\"Jedine\u010dn\u00e1 p\u0159\u00edle\u017eitost zhl\u00e9dnout oce\u0148ovan\u00fd film o \u0161umavsk\u00e9 p\u0159\u00edrod\u011b, poprv\u00e9 v\u00a0pra\u017esk\u00e9m kin\u011b\">[&#8230;]<\/a><\/p>\n<\/div>","protected":false},"author":1,"featured_media":53647,"comment_status":"open","ping_status":"closed","sticky":false,"template":"","format":"standard","meta":{"footnotes":""},"categories":[17],"tags":[],"class_list":["post-53645","post","type-post","status-publish","format-standard","has-post-thumbnail","hentry","category-kultura"],"_links":{"self":[{"href":"https:\/\/www.invarena.cz\/index.php?rest_route=\/wp\/v2\/posts\/53645","targetHints":{"allow":["GET"]}}],"collection":[{"href":"https:\/\/www.invarena.cz\/index.php?rest_route=\/wp\/v2\/posts"}],"about":[{"href":"https:\/\/www.invarena.cz\/index.php?rest_route=\/wp\/v2\/types\/post"}],"author":[{"embeddable":true,"href":"https:\/\/www.invarena.cz\/index.php?rest_route=\/wp\/v2\/users\/1"}],"replies":[{"embeddable":true,"href":"https:\/\/www.invarena.cz\/index.php?rest_route=%2Fwp%2Fv2%2Fcomments&post=53645"}],"version-history":[{"count":0,"href":"https:\/\/www.invarena.cz\/index.php?rest_route=\/wp\/v2\/posts\/53645\/revisions"}],"wp:featuredmedia":[{"embeddable":true,"href":"https:\/\/www.invarena.cz\/index.php?rest_route=\/wp\/v2\/media\/53647"}],"wp:attachment":[{"href":"https:\/\/www.invarena.cz\/index.php?rest_route=%2Fwp%2Fv2%2Fmedia&parent=53645"}],"wp:term":[{"taxonomy":"category","embeddable":true,"href":"https:\/\/www.invarena.cz\/index.php?rest_route=%2Fwp%2Fv2%2Fcategories&post=53645"},{"taxonomy":"post_tag","embeddable":true,"href":"https:\/\/www.invarena.cz\/index.php?rest_route=%2Fwp%2Fv2%2Ftags&post=53645"}],"curies":[{"name":"wp","href":"https:\/\/api.w.org\/{rel}","templated":true}]}}