{"id":5379,"date":"2013-05-22T12:56:05","date_gmt":"2013-05-22T10:56:05","guid":{"rendered":"http:\/\/www.invarena.cz\/?p=5379"},"modified":"2016-02-21T09:50:29","modified_gmt":"2016-02-21T08:50:29","slug":"mam-invalidni-duchod-iii-stupne-kolik-si-mohu-vydelat","status":"publish","type":"post","link":"https:\/\/www.invarena.cz\/?p=5379","title":{"rendered":"M\u00e1m invalidn\u00ed d\u016fchod III. stupn\u011b. Kolik si mohu vyd\u011blat?"},"content":{"rendered":"<p><strong>Pob\u00edr\u00e1m invalidn\u00ed d\u016fchod t\u0159et\u00edho stupn\u011b. Cht\u011bl bych se zeptat, jestli je n\u011bjak omezena \u010d\u00e1stka, kterou si mohu vyd\u011blat a zda mohu pracovat osm hodin denn\u011b jako ka\u017ed\u00fd zdrav\u00fd \u010dlov\u011bk? Poradna invAreny.<\/strong><br \/>\n<!--more--><br \/>\nphoto on stock.xchng<\/p>\n<p>A\u0165 u\u017e jste p\u0159\u00edjemcem jak\u00e9hokoli stupn\u011b invalidn\u00edho d\u016fchodu, va\u0161e p\u0159\u00edjmy mohou b\u00fdt zpravidla neomezen\u00e9. Neplat\u00ed to v\u0161ak v\u017edy.<\/p>\n<p>&#8222;Jedin\u00e9 omezen\u00ed v\u00fdd\u011blku je d\u00e1no zdravotn\u00edm stavem \u010dlov\u011bka, kter\u00fd invalidn\u00ed d\u016fchod pob\u00edr\u00e1,&#8220; uvedla tiskov\u00e1 mluv\u010d\u00ed Ministerstva pr\u00e1ce a soci\u00e1ln\u00edch v\u011bc\u00ed\u00a0\u0160t\u011bp\u00e1nka Filipov\u00e1.<\/p>\n<p>Omezen\u00ed p\u0159\u00edjm\u016f a pracovn\u00ed doby m\u016f\u017ee b\u00fdt tedy zp\u016fsobeno zdravotn\u00edm stavem. V takov\u00e9m p\u0159\u00edpad\u011b v\u00e1s o tom informuje p\u0159\u00edmo posudkov\u00fd l\u00e9ka\u0159 ve sv\u00e9m rozhodnut\u00ed.<\/p>\n<p>P\u0159\u00edklad:<\/p>\n<p>\u010clov\u011bk smyslov\u011b posti\u017een\u00fd (nap\u0159. nevidom\u00fd, \u010di nesly\u0161\u00edc\u00ed), kter\u00e9mu byl p\u0159izn\u00e1n invalidn\u00ed d\u016fchod t\u0159et\u00edho stupn\u011b, si zpravidla m\u016f\u017ee neomezen\u011b vyd\u011bl\u00e1vat a nikdo mu nem\u016f\u017ee ur\u010dovat, kolik hodin za den odpracuje. V jeho p\u0159\u00edpad\u011b invalidn\u00ed d\u016fchod slou\u017e\u00ed p\u0159edev\u0161\u00edm jako kompenzace sn\u00ed\u017een\u00fdch mo\u017enost\u00ed na uplatn\u011bn\u00ed na pracovn\u00edm trhu.<\/p>\n<p>Pokud v\u0161ak je p\u0159izn\u00e1n invalidn\u00ed d\u016fchod t\u011blesn\u011b handicapovan\u00e9mu \u010dlov\u011bku trp\u00edc\u00edmu nap\u0159\u00edklad bolestmi zad, omezen\u00ed u\u017e se v takov\u00e9m rozhodnut\u00ed objev\u00ed. Je pochopiteln\u00e9, \u017ee pokud n\u011bkdo m\u00e1 chronick\u00e9 bolesti zad, tak by nem\u011bl b\u00fdt schopen sed\u011bt v pr\u00e1ci osm hodin u po\u010d\u00edta\u010de. Obvykle takov\u00ed lid\u00e9 nemohou ani vykon\u00e1vat nejr\u016fzn\u011bj\u0161\u00ed fyzicky n\u00e1ro\u010dn\u00e1 zam\u011bstn\u00e1n\u00ed.<\/p>\n<p>L\u00e9ka\u0159 v takov\u00e9m p\u0159\u00edpad\u011b stanov\u00ed limity fyzick\u00e9 z\u00e1t\u011b\u017ee, a\u0165 u\u017e omezen\u00edm pracovn\u00ed doby nebo charakteristikou \u00fakon\u016f, je\u017e\u00a0 by pacient nem\u011bl vykon\u00e1vat nap\u0159. zved\u00e1n\u00ed p\u0159edm\u011bt\u016f t\u011b\u017e\u0161\u00edch ne\u017e stanoven\u00fd limit.<\/p>\n<p>Pob\u00edrat invalidn\u00ed d\u016fchod mohou i psychicky nemocn\u00ed lid\u00e9. V jejich p\u0159\u00edpad\u011b se ale omezen\u00ed budou t\u00fdkat zam\u011bstn\u00e1n\u00ed, kde jsou na pracovn\u00edky kladeny velk\u00e9 psychick\u00e9 n\u00e1roky, stres, nap\u011bt\u00ed v r\u016fzn\u00fdch z\u00e1t\u011b\u017eov\u00fdch situac\u00edch a podobn\u011b.<\/p>\n<p>Ji\u0159\u00ed Marek<br \/>\ninvArena<\/p>\n","protected":false},"excerpt":{"rendered":"<div class=\"mh-excerpt\"><p>Pob\u00edr\u00e1m invalidn\u00ed d\u016fchod t\u0159et\u00edho stupn\u011b. Cht\u011bl bych se zeptat, jestli je n\u011bjak omezena \u010d\u00e1stka, kterou si mohu vyd\u011blat a zda mohu pracovat osm hodin denn\u011b <a class=\"mh-excerpt-more\" href=\"https:\/\/www.invarena.cz\/?p=5379\" title=\"M\u00e1m invalidn\u00ed d\u016fchod III. stupn\u011b. Kolik si mohu vyd\u011blat?\">[&#8230;]<\/a><\/p>\n<\/div>","protected":false},"author":3,"featured_media":24123,"comment_status":"open","ping_status":"open","sticky":false,"template":"","format":"standard","meta":{"footnotes":""},"categories":[18],"tags":[],"class_list":["post-5379","post","type-post","status-publish","format-standard","has-post-thumbnail","hentry","category-poradna"],"_links":{"self":[{"href":"https:\/\/www.invarena.cz\/index.php?rest_route=\/wp\/v2\/posts\/5379","targetHints":{"allow":["GET"]}}],"collection":[{"href":"https:\/\/www.invarena.cz\/index.php?rest_route=\/wp\/v2\/posts"}],"about":[{"href":"https:\/\/www.invarena.cz\/index.php?rest_route=\/wp\/v2\/types\/post"}],"author":[{"embeddable":true,"href":"https:\/\/www.invarena.cz\/index.php?rest_route=\/wp\/v2\/users\/3"}],"replies":[{"embeddable":true,"href":"https:\/\/www.invarena.cz\/index.php?rest_route=%2Fwp%2Fv2%2Fcomments&post=5379"}],"version-history":[{"count":0,"href":"https:\/\/www.invarena.cz\/index.php?rest_route=\/wp\/v2\/posts\/5379\/revisions"}],"wp:featuredmedia":[{"embeddable":true,"href":"https:\/\/www.invarena.cz\/index.php?rest_route=\/wp\/v2\/media\/24123"}],"wp:attachment":[{"href":"https:\/\/www.invarena.cz\/index.php?rest_route=%2Fwp%2Fv2%2Fmedia&parent=5379"}],"wp:term":[{"taxonomy":"category","embeddable":true,"href":"https:\/\/www.invarena.cz\/index.php?rest_route=%2Fwp%2Fv2%2Fcategories&post=5379"},{"taxonomy":"post_tag","embeddable":true,"href":"https:\/\/www.invarena.cz\/index.php?rest_route=%2Fwp%2Fv2%2Ftags&post=5379"}],"curies":[{"name":"wp","href":"https:\/\/api.w.org\/{rel}","templated":true}]}}