{"id":53795,"date":"2024-12-17T18:44:49","date_gmt":"2024-12-17T17:44:49","guid":{"rendered":"https:\/\/www.invarena.cz\/?p=53795"},"modified":"2024-12-17T18:44:49","modified_gmt":"2024-12-17T17:44:49","slug":"praha-11-rozsirila-sluzbu-senior-auto-k-lekari-nebo-na-urad-vozi-zajemce-uz-tri-vozy","status":"publish","type":"post","link":"https:\/\/www.invarena.cz\/?p=53795","title":{"rendered":"Praha 11 roz\u0161\u00ed\u0159ila slu\u017ebu Senior auto, k l\u00e9ka\u0159i nebo na \u00fa\u0159ad voz\u00ed z\u00e1jemce u\u017e t\u0159i vozy"},"content":{"rendered":"\n<p>Letos v l\u00e9t\u011b Praha 11 po n\u011bkolikam\u011bs\u00ed\u010dn\u00ed pauze, kter\u00fd byla zp\u016fsoben\u00e1 v\u00fdm\u011bnou provozovatele, obnovila p\u0159epravu senior\u016f a imobiln\u00edch ob\u010dan\u016f na \u00fa\u0159ady nebo k l\u00e9ka\u0159\u016fm. Kv\u016fli velk\u00e9mu z\u00e1jmu o tuto slu\u017ebu Senior auto p\u0159ibylo v listopadu druh\u00e9 vozidlo a nyn\u00ed dokonce t\u0159et\u00ed, aby se uspokojila popt\u00e1vka ve\u0159ejnosti. Informovala o tom mluv\u010d\u00ed m\u011bstsk\u00e9 \u010d\u00e1sti Al\u017eb\u011bta Plocov\u00e1. Senior auto navazuje na slu\u017ebu Senior taxi, kter\u00e1 v Praze 11 fungovala od roku 2021.<\/p>\n\n\n\n<p>Cel\u00fd \u010dl\u00e1nek naleznete v Pra\u017esk\u00e9m Patriotu: <a href=\"https:\/\/www.prazskypatriot.cz\/praha-11-rozsirila-sluzbu-senior-auto-k-lekari-nebo-na-urad-vozi-zajemce-uz-tri-vozy\/\" target=\"_blank\" rel=\"noreferrer noopener\">https:\/\/www.prazskypatriot.cz\/praha-11-rozsirila-sluzbu-senior-auto-k-lekari-nebo-na-urad-vozi-zajemce-uz-tri-vozy\/<\/a><\/p>\n","protected":false},"excerpt":{"rendered":"<div class=\"mh-excerpt\"><p>Letos v l\u00e9t\u011b Praha 11 po n\u011bkolikam\u011bs\u00ed\u010dn\u00ed pauze, kter\u00fd byla zp\u016fsoben\u00e1 v\u00fdm\u011bnou provozovatele, obnovila p\u0159epravu senior\u016f a imobiln\u00edch ob\u010dan\u016f na \u00fa\u0159ady nebo k l\u00e9ka\u0159\u016fm. Kv\u016fli <a class=\"mh-excerpt-more\" href=\"https:\/\/www.invarena.cz\/?p=53795\" title=\"Praha 11 roz\u0161\u00ed\u0159ila slu\u017ebu Senior auto, k l\u00e9ka\u0159i nebo na \u00fa\u0159ad voz\u00ed z\u00e1jemce u\u017e t\u0159i vozy\">[&#8230;]<\/a><\/p>\n<\/div>","protected":false},"author":1,"featured_media":5054,"comment_status":"open","ping_status":"closed","sticky":false,"template":"","format":"standard","meta":{"footnotes":""},"categories":[9],"tags":[],"class_list":["post-53795","post","type-post","status-publish","format-standard","has-post-thumbnail","hentry","category-zpravy"],"_links":{"self":[{"href":"https:\/\/www.invarena.cz\/index.php?rest_route=\/wp\/v2\/posts\/53795","targetHints":{"allow":["GET"]}}],"collection":[{"href":"https:\/\/www.invarena.cz\/index.php?rest_route=\/wp\/v2\/posts"}],"about":[{"href":"https:\/\/www.invarena.cz\/index.php?rest_route=\/wp\/v2\/types\/post"}],"author":[{"embeddable":true,"href":"https:\/\/www.invarena.cz\/index.php?rest_route=\/wp\/v2\/users\/1"}],"replies":[{"embeddable":true,"href":"https:\/\/www.invarena.cz\/index.php?rest_route=%2Fwp%2Fv2%2Fcomments&post=53795"}],"version-history":[{"count":0,"href":"https:\/\/www.invarena.cz\/index.php?rest_route=\/wp\/v2\/posts\/53795\/revisions"}],"wp:featuredmedia":[{"embeddable":true,"href":"https:\/\/www.invarena.cz\/index.php?rest_route=\/wp\/v2\/media\/5054"}],"wp:attachment":[{"href":"https:\/\/www.invarena.cz\/index.php?rest_route=%2Fwp%2Fv2%2Fmedia&parent=53795"}],"wp:term":[{"taxonomy":"category","embeddable":true,"href":"https:\/\/www.invarena.cz\/index.php?rest_route=%2Fwp%2Fv2%2Fcategories&post=53795"},{"taxonomy":"post_tag","embeddable":true,"href":"https:\/\/www.invarena.cz\/index.php?rest_route=%2Fwp%2Fv2%2Ftags&post=53795"}],"curies":[{"name":"wp","href":"https:\/\/api.w.org\/{rel}","templated":true}]}}