{"id":53938,"date":"2024-12-27T08:24:30","date_gmt":"2024-12-27T07:24:30","guid":{"rendered":"https:\/\/www.invarena.cz\/?p=53938"},"modified":"2024-12-27T08:24:43","modified_gmt":"2024-12-27T07:24:43","slug":"jak-nejlepe-darovat","status":"publish","type":"post","link":"https:\/\/www.invarena.cz\/?p=53938","title":{"rendered":"Jak nejl\u00e9pe darovat\u00a0\u00a0"},"content":{"rendered":"\n<p>\u010cT 1\u00a0&#8211; Ud\u00e1losti<br \/><br \/>\u010ce\u0161i i letos pom\u00e1haj\u00ed. B\u011bhem roku padlo n\u011bkolik rekord\u016f. Stamiliony korun poslali d\u00e1rci\u00a0<strong>posti\u017een\u00fdm<\/strong>\u00a0povodn\u011bmi. Handicapovan\u00ed v centru Paraple z\u00edskali p\u0159i posledn\u00edm ro\u010dn\u00edku Stardance bezm\u00e1la 50 000 000.<br \/><br \/>Jako nikdy dopadla taky podzimn\u00ed sb\u00edrka potravin. Shrom\u00e1\u017edila celkem 640 tun zbo\u017e\u00ed. A pokud jde o pomoc jednotlivc\u016fm, pak dominovaly p\u0159\u00edb\u011bhy mal\u00fdch d\u011bt\u00ed. T\u0159eba na zahrani\u010dn\u00ed l\u00e9\u010dbu dev\u00edtim\u011bs\u00ed\u010dn\u00edho Vil\u00edka se b\u011bhem p\u00e1r dn\u016f vybralo 23 000 000.<br \/><br \/>Kl\u00e1ra \u0160pl\u00edchal, \u0159editelka, F\u00f3rum d\u00e1rc\u016f<br \/>&#8212;&#8212;&#8212;&#8212;&#8212;&#8212;&#8211;<br \/>Sb\u00edrky, kter\u00e9 maj\u00ed medi\u00e1ln\u00ed podporu, tak vid\u00edme, \u017ee jsou opravdu velmi \u00fasp\u011b\u0161n\u00e9, \u017ee vlastn\u011b kdy\u017e bychom to srovnali s t\u00edm obdob\u00edm, je\u0161t\u011b t\u0159eba n\u011bkolik let zp\u00e1tky, t\u0159eba v tom p\u0159edcovidov\u00e9m obdob\u00ed, tak to, kde dneska u\u017e je to \u00fapln\u011b b\u011b\u017en\u011b, prost\u011b des\u00edtky milion\u016f b\u011bhem jednoho ve\u010dera nebo n\u011bjak\u00e9 kr\u00e1tk\u00e9 doby, tak o tom se d\u0159\u00edv vlastn\u011b t\u011bm organizac\u00edm ani nesnilo.<br \/><br \/>moder\u00e1tor \u010cT<br \/>&#8212;&#8212;&#8212;&#8212;&#8212;&#8212;&#8211;<br \/>Celkov\u00e1 pomoc je\u0161t\u011b se\u010dten\u00e1 nen\u00ed. Loni \u0161lo na dobro\u010dinnost p\u0159es 14 miliard, polovinu poslaly firmy, p\u0159es 3,5 miliardy jednotliv\u00ed d\u00e1rci, zhruba stejn\u011b jako r\u016fzn\u00e9 nadace a fondy. Minim\u00e1ln\u011b jednou ro\u010dn\u011b n\u011bjak finan\u010dn\u011b pom\u016f\u017ee ka\u017ed\u00fd druh\u00fd \u010cech. Ukazuj\u00ed to nejnov\u011bj\u0161\u00ed pr\u016fzkumy F\u00f3ra d\u00e1rc\u016f. To doporu\u010duje pravideln\u00e9 p\u0159isp\u00edv\u00e1n\u00ed, a to hlavn\u011b prov\u011b\u0159en\u00fdm organizac\u00edm, ale taky t\u011bm region\u00e1ln\u00edm, kter\u00e9 t\u0159eba nejsou tak \u010dasto vid\u011bt v m\u00e9di\u00edch.<br \/><br \/>redaktorka \u010cT<br \/>&#8212;&#8212;&#8212;&#8212;&#8212;&#8212;&#8211;<br \/>V\u00e1no\u010dn\u00ed n\u00e1lada zavl\u00e1dla dopoledne v domov\u011b pro seniory, pe\u010dovatelky p\u0159inesly cukrov\u00ed a nezapomn\u011blo se ani na tradi\u010dn\u00ed zvyky. Zapojila se i t\u0159iadevades\u00e1tilet\u00e1 Greta Wiedmannov\u00e1.<br \/><br \/>Greta Wiedmannov\u00e1, seniorka, Domov Clementas Ml\u00e9kovice<br \/>&#8212;&#8212;&#8212;&#8212;&#8212;&#8212;&#8211;<br \/>J\u00e1 se t\u011b\u0161\u00edm na ty V\u00e1noce, to jsou moje radosti.<br \/><br \/>redaktorka \u010cT<br \/>&#8212;&#8212;&#8212;&#8212;&#8212;&#8212;&#8211;<br \/>Jak se v\u00e1m to l\u00edb\u00ed tady v tom domov\u011b?<br \/><br \/>Greta Wiedmannov\u00e1, seniorka, Domov Clementas Ml\u00e9kovice<br \/>&#8212;&#8212;&#8212;&#8212;&#8212;&#8212;&#8211;<br \/>Velmi hezky zorganizovan\u00fd je to, vkusn\u011b.<br \/><br \/>redaktorka \u010cT<br \/>&#8212;&#8212;&#8212;&#8212;&#8212;&#8212;&#8211;<br \/>P\u0159edali si tak\u00e9 d\u00e1rky. Sv\u00e1te\u010dn\u00ed atmosf\u00e9ra podle \u0159editelky psychicky pom\u00e1h\u00e1 i t\u011b\u017ece nemocn\u00fdm.<br \/><br \/>pe\u010dovatelka domova Clemetas<br \/>&#8212;&#8212;&#8212;&#8212;&#8212;&#8212;&#8211;<br \/>Vy jste byl asi hrozn\u011b hodnej, pane Podrou\u017eku.<br \/><br \/>Andrea Faltysov\u00e1, \u0159editelka, Domov Clementas Ml\u00e9kovice<br \/>&#8212;&#8212;&#8212;&#8212;&#8212;&#8212;&#8211;<br \/>Pokud tady m\u00e1me klienty, kte\u0159\u00ed nemaj\u00ed svoji rodinu, anebo je situace v rodin\u00e1ch t\u011b\u017ek\u00e1, tak vyu\u017e\u00edv\u00e1me projekt Je\u017e\u00ed\u0161kova vnou\u010data, a pokud ani tam se n\u00e1m nepoda\u0159\u00ed zajistit d\u00e1re\u010dek, tak potom dost\u00e1vaj\u00ed d\u00e1re\u010dek opravdu od n\u00e1s.<br \/><br \/>redaktorka \u010cT<br \/>&#8212;&#8212;&#8212;&#8212;&#8212;&#8212;&#8211;<br \/>D\u00e1rky se tady v Ml\u00e9kovic\u00edch budou rozd\u00e1vat i z\u00edtra, za klienty p\u0159ijedou rodiny a n\u011bkter\u00e9 si sv\u00e9 bl\u00edzk\u00e9 odvezou na sv\u00e1tky dom\u016f.<br \/><br \/>Tyhle d\u00e1rky zase poputuj\u00ed k d\u011btem, kter\u00e9 maj\u00ed rodi\u010de ve v\u011bzen\u00ed. Bez ve\u0159ejnosti by mnohdy \u017e\u00e1dn\u00fd d\u00e1rek pod stromkem nena\u0161ly.<br \/><br \/>\u017daneta Dvo\u0159\u00e1\u010dkov\u00e1, vedouc\u00e9 projekt\u016f pro rodiny a d\u011bti, Mezin\u00e1rodn\u00ed v\u011bze\u0148sk\u00e9 spole\u010denstv\u00ed<br \/>&#8212;&#8212;&#8212;&#8212;&#8212;&#8212;&#8211;<br \/>Letos jsme m\u011bli zase rekordn\u00ed po\u010det d\u00e1re\u010dk\u016f, kter\u00fd jsme pos\u00edlali, a mus\u00edm \u0159\u00edct, \u017ee d\u00e1rci byli opravdu \u0161t\u011bd\u0159\u00ed.<br \/><br \/>redaktorka \u010cT<br \/>&#8212;&#8212;&#8212;&#8212;&#8212;&#8212;&#8211;<br \/>P\u0159es 2000 d\u00e1rk\u016f balili dobrovoln\u00edci.<br \/><br \/>\u0160\u00e1rka Svobodov\u00e1, dobrovolnice<br \/>&#8212;&#8212;&#8212;&#8212;&#8212;&#8212;&#8211;<br \/>J\u00e1 jsem cht\u011bla b\u00fdt n\u011bjak\u00fdm zp\u016fsobem prosp\u011b\u0161n\u00e1 okolo V\u00e1noc, proto\u017ee je to takov\u00e9 obdob\u00ed pln\u00e9 l\u00e1sky.<br \/><br \/> redaktorka \u010cT<br \/>&#8212;&#8212;&#8212;&#8212;&#8212;&#8212;&#8211;<br \/>Do brn\u011bnsk\u00e9ho azylov\u00e9ho domova svat\u00e9 Mark\u00e9ty p\u0159i\u0161la Simona Bucha\u010dov\u00e1 se sv\u00fdmi d\u011btmi p\u0159ed p\u011bti m\u011bs\u00edci. P\u0159edt\u00edm bydlely necel\u00fd rok ve Vala\u0161sk\u00e9m Mezi\u0159\u00ed\u010d\u00ed.<br \/><br \/>Simona Bucha\u010dov\u00e1, klientka Domova sv. Mark\u00e9ty, Diec\u00e9zn\u00ed charita Brno<br \/>&#8212;&#8212;&#8212;&#8212;&#8212;&#8212;&#8211;<br \/>Syn je autista a zm\u011bny nepobral a jeho psychick\u00fd stav se rapidn\u011b zhor\u0161il. Tak jsem prost\u011b hledala cestu zp\u00e1tky do Brna, proto\u017ee jsme Br\u0148\u00e1ci, \u017ee jo.<br \/><br \/> redaktorka \u010cT<br \/>&#8212;&#8212;&#8212;&#8212;&#8212;&#8212;&#8211;<br \/>Po p\u0159est\u011bhov\u00e1n\u00ed se ocitla ve finan\u010dn\u00edch probl\u00e9mech a nem\u011bla na zaplacen\u00ed bydlen\u00ed v domov\u011b. S t\u00edm j\u00ed pomohl projekt Nejd\u0159\u00edv st\u0159echa Nadace Olgy Havlov\u00e9. Dva m\u011bs\u00edce j\u00ed plat\u00ed n\u00e1jem.<br \/><br \/>Monika Granja, \u0159editelka V\u00fdboru dobr\u00e9 v\u016fle \u2013 Nadace Olgy Havlov\u00e9<br \/>&#8212;&#8212;&#8212;&#8212;&#8212;&#8212;&#8211;<br \/>Sou\u010d\u00e1st\u00ed t\u00e9to slu\u017eby je i pomoc soci\u00e1ln\u00edho pracovn\u00edka, pracuje s rodinou a hled\u00e1 dlouhodob\u00e9 \u0159e\u0161en\u00ed, to znamen\u00e1 stabiln\u00ed bydlen\u00ed, \u0159e\u0161\u00ed \u0161kolu.<br \/><br \/>redaktorka \u010cT<br \/>&#8212;&#8212;&#8212;&#8212;&#8212;&#8212;&#8211;<br \/>Pom\u00e1hat mohu pr\u00e1v\u011b d\u00edky d\u00e1rc\u016fm. Pen\u00edze vyb\u00edraj\u00ed ve ve\u0159ejn\u00e9 sb\u00edrce a \u0159\u00edkaj\u00ed, \u017ee \u010desk\u00fd n\u00e1rod na \u0161t\u011bdrost nezapom\u00edn\u00e1 za \u017e\u00e1dn\u00fdch okolnost\u00ed. Doufaj\u00ed, \u017ee to tak z\u016fstane i do budoucna. <\/p>\n\n\n\n<p>\u010cesk\u00e1 televize.<\/p>\n\n\n\n<p><\/p>\n","protected":false},"excerpt":{"rendered":"<div class=\"mh-excerpt\"><p>\u010cT 1\u00a0&#8211; Ud\u00e1losti \u010ce\u0161i i letos pom\u00e1haj\u00ed. B\u011bhem roku padlo n\u011bkolik rekord\u016f. Stamiliony korun poslali d\u00e1rci\u00a0posti\u017een\u00fdm\u00a0povodn\u011bmi. Handicapovan\u00ed v centru Paraple z\u00edskali p\u0159i posledn\u00edm ro\u010dn\u00edku Stardance <a class=\"mh-excerpt-more\" href=\"https:\/\/www.invarena.cz\/?p=53938\" title=\"Jak nejl\u00e9pe darovat\u00a0\u00a0\">[&#8230;]<\/a><\/p>\n<\/div>","protected":false},"author":1,"featured_media":18860,"comment_status":"open","ping_status":"closed","sticky":false,"template":"","format":"standard","meta":{"footnotes":""},"categories":[7],"tags":[],"class_list":["post-53938","post","type-post","status-publish","format-standard","has-post-thumbnail","hentry","category-spolecnost"],"_links":{"self":[{"href":"https:\/\/www.invarena.cz\/index.php?rest_route=\/wp\/v2\/posts\/53938","targetHints":{"allow":["GET"]}}],"collection":[{"href":"https:\/\/www.invarena.cz\/index.php?rest_route=\/wp\/v2\/posts"}],"about":[{"href":"https:\/\/www.invarena.cz\/index.php?rest_route=\/wp\/v2\/types\/post"}],"author":[{"embeddable":true,"href":"https:\/\/www.invarena.cz\/index.php?rest_route=\/wp\/v2\/users\/1"}],"replies":[{"embeddable":true,"href":"https:\/\/www.invarena.cz\/index.php?rest_route=%2Fwp%2Fv2%2Fcomments&post=53938"}],"version-history":[{"count":0,"href":"https:\/\/www.invarena.cz\/index.php?rest_route=\/wp\/v2\/posts\/53938\/revisions"}],"wp:featuredmedia":[{"embeddable":true,"href":"https:\/\/www.invarena.cz\/index.php?rest_route=\/wp\/v2\/media\/18860"}],"wp:attachment":[{"href":"https:\/\/www.invarena.cz\/index.php?rest_route=%2Fwp%2Fv2%2Fmedia&parent=53938"}],"wp:term":[{"taxonomy":"category","embeddable":true,"href":"https:\/\/www.invarena.cz\/index.php?rest_route=%2Fwp%2Fv2%2Fcategories&post=53938"},{"taxonomy":"post_tag","embeddable":true,"href":"https:\/\/www.invarena.cz\/index.php?rest_route=%2Fwp%2Fv2%2Ftags&post=53938"}],"curies":[{"name":"wp","href":"https:\/\/api.w.org\/{rel}","templated":true}]}}