{"id":53968,"date":"2024-12-29T11:03:16","date_gmt":"2024-12-29T10:03:16","guid":{"rendered":"https:\/\/www.invarena.cz\/?p=53968"},"modified":"2024-12-29T11:03:17","modified_gmt":"2024-12-29T10:03:17","slug":"pro-lucku-deti-z-cervenych-pecek-ukazaly-velke-srdce","status":"publish","type":"post","link":"https:\/\/www.invarena.cz\/?p=53968","title":{"rendered":"Pro Lucku: D\u011bti z \u010cerven\u00fdch Pe\u010dek uk\u00e1zaly velk\u00e9 srdce"},"content":{"rendered":"\n<p>V adventn\u00edm \u010dase 19.12.2024 se v \u010cerven\u00fdch Pe\u010dk\u00e1ch p\u0159ed budovou z\u00e1kladn\u00ed \u0161koly uskute\u010dnila v\u00fdjime\u010dn\u00e1 akce, kter\u00e1 spojila d\u011bti, u\u010ditele, rodi\u010de i \u0161ir\u0161\u00ed ve\u0159ejnost. U betl\u00e9mu, kter\u00fd vlastnoru\u010dn\u011b vytvo\u0159ily d\u011bti z m\u00edstn\u00ed \u0161koly, se v\u0161ichni se\u0161li, aby p\u0159edaly pomoc hendikepovan\u00e9 Lucce Peterov\u00e9, kter\u00e1 \u017eije se sv\u00fdm d\u011bdou a pohybuje se pouze na voz\u00edku.<\/p>\n\n\n\n<p>Akce byla vyvrcholen\u00edm v\u00e1no\u010dn\u00edho trhu, kter\u00fd se konal v prosinci a na kter\u00e9m d\u011bti ze \u0161koly a \u0161kolky prod\u00e1valy vlastnoru\u010dn\u011b vytvo\u0159en\u00e9 v\u00e1no\u010dn\u00ed v\u00fdrobky. Celkov\u011b se poda\u0159ilo utr\u017eit \u00factyhodn\u00fdch 40.000 tis\u00edc korun. Po projedn\u00e1n\u00ed mo\u017enosti darovat \u010d\u00e1st pen\u011bz na dobro\u010dinn\u00e9 \u00fa\u010dely, rozhodli zam\u011bstnanci \u0161koly a \u0161koln\u00ed parlament a \u017e\u00e1ci , \u017ee \u010d\u00e1st pen\u011bz v\u011bnuj\u00ed pr\u00e1v\u011b Lucce, kter\u00e1 bydl\u00ed v nedalek\u00e9 vesnici \u010certovka.<\/p>\n\n\n\n<p>Slavnostn\u00ed p\u0159ed\u00e1n\u00ed prob\u011bhlo za p\u0159\u00edtomnosti \u0161koln\u00edho kolektivu, Lucky a jej\u00edho d\u011bde\u010dka. Nejmen\u0161\u00ed d\u011bti zazp\u00edvaly tradi\u010dn\u00ed v\u00e1no\u010dn\u00ed koledy, a pak pan\u00ed \u0159editelka Hanzlov\u00e1 p\u0159edala \u0161ek na 20 tis\u00edc korun. Z\u00e1stupce m\u011bstysu \u010cerven\u00e9 Pe\u010dky Josef Novotn\u00fd p\u0159ipojil druh\u00fd \u0161ek na 10 tis\u00edc korun. Dojat\u00fd d\u011bde\u010dek pod\u011bkoval v\u0161em, kte\u0159\u00ed se na akci pod\u00edleli, a vyj\u00e1d\u0159il obrovsk\u00e9 uzn\u00e1n\u00ed za podporu, kter\u00e1 jim pom\u016f\u017ee s rehabilitacemi i pot\u0159ebn\u00fdmi pom\u016fckami.<\/p>\n\n\n\n<p>\u201eD\u011bti i dosp\u011bl\u00ed by m\u011bli myslet na druh\u00e9 a nezanedb\u00e1vat pomoc tam, kde je pot\u0159eba. Tato akce uk\u00e1zala, \u017ee lhostejnost nem\u00e1 m\u00edsto v na\u0161\u00ed spole\u010dnosti,\u201c uvedla na z\u00e1v\u011br \u0159editelka \u0161koly. Setk\u00e1n\u00ed u betl\u00e9ma tak nebylo jen p\u0159\u00edle\u017eitost\u00ed k oslav\u011b V\u00e1noc, ale p\u0159edev\u0161\u00edm d\u016fkazem solidarity a dobroty.<\/p>\n\n\n\n<p>Zden\u011bk Hejduk<\/p>\n\n\n\n<p>Kol\u00ednsk\u00fd den\u00edk<\/p>\n\n\n\n<p><a href=\"https:\/\/kolinsky.denik.cz\" target=\"_blank\" rel=\"noreferrer noopener\">https:\/\/kolinsky.denik.cz<\/a><\/p>\n","protected":false},"excerpt":{"rendered":"<div class=\"mh-excerpt\"><p>V adventn\u00edm \u010dase 19.12.2024 se v \u010cerven\u00fdch Pe\u010dk\u00e1ch p\u0159ed budovou z\u00e1kladn\u00ed \u0161koly uskute\u010dnila v\u00fdjime\u010dn\u00e1 akce, kter\u00e1 spojila d\u011bti, u\u010ditele, rodi\u010de i \u0161ir\u0161\u00ed ve\u0159ejnost. U betl\u00e9mu, <a class=\"mh-excerpt-more\" href=\"https:\/\/www.invarena.cz\/?p=53968\" title=\"Pro Lucku: D\u011bti z \u010cerven\u00fdch Pe\u010dek uk\u00e1zaly velk\u00e9 srdce\">[&#8230;]<\/a><\/p>\n<\/div>","protected":false},"author":1,"featured_media":18858,"comment_status":"open","ping_status":"closed","sticky":false,"template":"","format":"standard","meta":{"footnotes":""},"categories":[9],"tags":[],"class_list":["post-53968","post","type-post","status-publish","format-standard","has-post-thumbnail","hentry","category-zpravy"],"_links":{"self":[{"href":"https:\/\/www.invarena.cz\/index.php?rest_route=\/wp\/v2\/posts\/53968","targetHints":{"allow":["GET"]}}],"collection":[{"href":"https:\/\/www.invarena.cz\/index.php?rest_route=\/wp\/v2\/posts"}],"about":[{"href":"https:\/\/www.invarena.cz\/index.php?rest_route=\/wp\/v2\/types\/post"}],"author":[{"embeddable":true,"href":"https:\/\/www.invarena.cz\/index.php?rest_route=\/wp\/v2\/users\/1"}],"replies":[{"embeddable":true,"href":"https:\/\/www.invarena.cz\/index.php?rest_route=%2Fwp%2Fv2%2Fcomments&post=53968"}],"version-history":[{"count":0,"href":"https:\/\/www.invarena.cz\/index.php?rest_route=\/wp\/v2\/posts\/53968\/revisions"}],"wp:featuredmedia":[{"embeddable":true,"href":"https:\/\/www.invarena.cz\/index.php?rest_route=\/wp\/v2\/media\/18858"}],"wp:attachment":[{"href":"https:\/\/www.invarena.cz\/index.php?rest_route=%2Fwp%2Fv2%2Fmedia&parent=53968"}],"wp:term":[{"taxonomy":"category","embeddable":true,"href":"https:\/\/www.invarena.cz\/index.php?rest_route=%2Fwp%2Fv2%2Fcategories&post=53968"},{"taxonomy":"post_tag","embeddable":true,"href":"https:\/\/www.invarena.cz\/index.php?rest_route=%2Fwp%2Fv2%2Ftags&post=53968"}],"curies":[{"name":"wp","href":"https:\/\/api.w.org\/{rel}","templated":true}]}}