{"id":53971,"date":"2024-12-29T11:10:19","date_gmt":"2024-12-29T10:10:19","guid":{"rendered":"https:\/\/www.invarena.cz\/?p=53971"},"modified":"2024-12-29T11:10:19","modified_gmt":"2024-12-29T10:10:19","slug":"beneficni-koncert-pomohl-tezce-nemocnemu-chlapci-z-golcova-jenikova","status":"publish","type":"post","link":"https:\/\/www.invarena.cz\/?p=53971","title":{"rendered":"Benefi\u010dn\u00ed koncert pomohl t\u011b\u017ece nemocn\u00e9mu chlapci z Gol\u010dova Jen\u00edkova"},"content":{"rendered":"\n<p>T\u00f3ny benefi\u010dn\u00edho koncertu hudebn\u00ed skupiny The Outstanders zazn\u011bly v ned\u011bli 22. prosince odpoledne v kostele sv. Petra a Pavla v \u010c\u00e1slavi. Stalo se tak v z\u00e1v\u011bru programu \u010dtvrt\u00e9ho ro\u010dn\u00edku obl\u00edben\u00e9ho setk\u00e1n\u00ed s n\u00e1zvem Advent na dotek. Koncert, pln\u00fd emoc\u00ed a nad\u011bje, m\u011bl jedin\u00fd c\u00edl &#8211; pomoci t\u0159\u00edlet\u00e9mu Michaelovi Nov\u00e1kovi z Gol\u010dova Jen\u00edkova, krer\u00fd state\u010dn\u011b bojuje s v\u00e1\u017en\u00fdm onemocn\u011bn\u00edm.<\/p>\n\n\n\n<p>Mezi p\u0159\u00edtomn\u00fdmi nechyb\u011bla ani Tereza Novotn\u00e1, maminka Michaelka, kter\u00e1 sv\u00e9ho syna v kr\u00e1tkosti p\u0159edstavila a nap\u0159\u00edklad zm\u00ednila, \u017ee jen z\u00e1kladn\u00ed p\u00e9\u010de a l\u00e9\u010dba stoj\u00ed rodinu a\u017e 50 tis\u00edc korun m\u011bs\u00ed\u010dn\u011b.<\/p>\n\n\n\n<p>\u201eM\u00ed\u0161a m\u00e1 nejt\u011b\u017e\u0161\u00ed kombinovan\u00e9 posti\u017een\u00ed. Je to t\u0159eba posti\u017een\u00ed mozkov\u00e9 k\u016fry, \u010demu\u017e p\u0159isp\u00edvaj\u00ed dal\u0161\u00ed diagn\u00f3zy, jako jsou d\u011btsk\u00e1 mozkov\u00e1 obrna, West\u016fv syndrom, co\u017e je nejt\u011b\u017e\u0161\u00ed forma epilepsie. M\u00e1 ment\u00e1ln\u00ed retardaci a od ledna roku 2022 je po oboustrann\u00e9m z\u00e1palu plic p\u0159ipojen\u00fd na kysl\u00edk. Ment\u00e1ln\u011b je na \u00farovni ani ne miminka, je nepohybliv\u00fd, nem\u00e1 sac\u00ed a polykac\u00ed reflex, \u017e\u00e1dn\u00e9 \u00fachopov\u00e9 reflexy, nemluv\u00ed a tak d\u00e1le,\u201c popsala Tereza Novotn\u00e1 v rozhovoru na str\u00e1nk\u00e1ch m\u011bsta \u010c\u00e1slav syn\u016fv zdravotn\u00ed stav.<\/p>\n\n\n\n<p>\u201eAle vn\u00edm\u00e1 dotek. Pozn\u00e1, kdy\u017e p\u0159ijdu j\u00e1, babi\u010dka nebo kdy\u017e p\u0159ijede pan\u00ed prim\u00e1\u0159ka. Um\u00ed neverb\u00e1ln\u011b komunikovat, um\u00ed se usm\u00e1t, upustit slzi\u010dku, mra\u010dit se, z\u00edvat, roz\u010dilovat se, protahovat se. Kdy\u017e se mu n\u011bkdo nel\u00edb\u00ed, d\u011bl\u00e1, \u017ee sp\u00ed,\u201c dodala. Cel\u00fd rozhovor si m\u016f\u017eete p\u0159e\u010d\u00edst ZDE: <a href=\"https:\/\/www.meucaslav.cz\/aktuality\/advent-na-dotek-2024\/\" target=\"_blank\" rel=\"noreferrer noopener\">https:\/\/www.meucaslav.cz\/aktuality\/advent-na-dotek-2024\/<\/a><\/p>\n\n\n\n<p>Pro ty, kte\u0159\u00ed nemohli p\u0159ij\u00edt p\u0159\u00edmo do kostela, je st\u00e1le mo\u017enost pomoci prost\u0159ednictv\u00edm transparentn\u00edho \u00fa\u010dtu 4873878013\/0800 nebo \u00fa\u010dast\u00ed v r\u016fzn\u00fdch aukc\u00edch, o kter\u00fdch se z\u00e1jemci dozv\u00ed ve facebookov\u00e9 skupin\u011b Pomoc pro Michaelka.<\/p>\n\n\n\n<p>\u010ctvrt\u00fd ro\u010dn\u00edk Adventu na dotek zorganizovala \u0158\u00edmskokatolick\u00e1 farnost &#8211; d\u011bkanstv\u00ed \u010c\u00e1slav ve spolupr\u00e1ci s Odborem \u0161kolstv\u00ed, kultury a pam\u00e1tkov\u00e9 p\u00e9\u010de M\u011bstsk\u00e9ho \u00fa\u0159adu \u010c\u00e1slav a Rodinn\u00fdm centrem Kopretina v \u010c\u00e1slavi. Krom\u011b koncertu si n\u00e1v\u0161t\u011bvn\u00edci mohli u\u017e\u00edt tradi\u010dn\u00ed adventn\u00ed trh s v\u00e1no\u010dn\u00edmi dobrotami na Kosteln\u00edm n\u00e1m\u011bst\u00ed, tvo\u0159iv\u00e9 d\u00edlny pro d\u011bti a loutkov\u00e9 divadlo.<\/p>\n\n\n\n<p>Advent na dotek op\u011bt p\u0159ipomn\u011bl, \u017ee p\u0159edv\u00e1no\u010dn\u00ed \u010das je nejen obdob\u00edm radosti, ale tak\u00e9 solidarity a nad\u011bje. D\u00edky dobr\u00fdm lidem m\u00e1 Michaelek v\u011bt\u0161\u00ed \u0161anci na lep\u0161\u00ed budoucnost.<\/p>\n\n\n\n<p>Lubo\u0161 H\u00e1jek<\/p>\n\n\n\n<p>Havl\u00ed\u010dkobrodsk\u00fd den\u00edk<\/p>\n\n\n\n<p><a href=\"https:\/\/havlickobrodsky.denik.cz\" target=\"_blank\" rel=\"noreferrer noopener\">https:\/\/havlickobrodsky.denik.cz<\/a><\/p>\n","protected":false},"excerpt":{"rendered":"<div class=\"mh-excerpt\"><p>T\u00f3ny benefi\u010dn\u00edho koncertu hudebn\u00ed skupiny The Outstanders zazn\u011bly v ned\u011bli 22. prosince odpoledne v kostele sv. Petra a Pavla v \u010c\u00e1slavi. Stalo se tak v <a class=\"mh-excerpt-more\" href=\"https:\/\/www.invarena.cz\/?p=53971\" title=\"Benefi\u010dn\u00ed koncert pomohl t\u011b\u017ece nemocn\u00e9mu chlapci z Gol\u010dova Jen\u00edkova\">[&#8230;]<\/a><\/p>\n<\/div>","protected":false},"author":1,"featured_media":14150,"comment_status":"open","ping_status":"closed","sticky":false,"template":"","format":"standard","meta":{"footnotes":""},"categories":[9],"tags":[],"class_list":["post-53971","post","type-post","status-publish","format-standard","has-post-thumbnail","hentry","category-zpravy"],"_links":{"self":[{"href":"https:\/\/www.invarena.cz\/index.php?rest_route=\/wp\/v2\/posts\/53971","targetHints":{"allow":["GET"]}}],"collection":[{"href":"https:\/\/www.invarena.cz\/index.php?rest_route=\/wp\/v2\/posts"}],"about":[{"href":"https:\/\/www.invarena.cz\/index.php?rest_route=\/wp\/v2\/types\/post"}],"author":[{"embeddable":true,"href":"https:\/\/www.invarena.cz\/index.php?rest_route=\/wp\/v2\/users\/1"}],"replies":[{"embeddable":true,"href":"https:\/\/www.invarena.cz\/index.php?rest_route=%2Fwp%2Fv2%2Fcomments&post=53971"}],"version-history":[{"count":0,"href":"https:\/\/www.invarena.cz\/index.php?rest_route=\/wp\/v2\/posts\/53971\/revisions"}],"wp:featuredmedia":[{"embeddable":true,"href":"https:\/\/www.invarena.cz\/index.php?rest_route=\/wp\/v2\/media\/14150"}],"wp:attachment":[{"href":"https:\/\/www.invarena.cz\/index.php?rest_route=%2Fwp%2Fv2%2Fmedia&parent=53971"}],"wp:term":[{"taxonomy":"category","embeddable":true,"href":"https:\/\/www.invarena.cz\/index.php?rest_route=%2Fwp%2Fv2%2Fcategories&post=53971"},{"taxonomy":"post_tag","embeddable":true,"href":"https:\/\/www.invarena.cz\/index.php?rest_route=%2Fwp%2Fv2%2Ftags&post=53971"}],"curies":[{"name":"wp","href":"https:\/\/api.w.org\/{rel}","templated":true}]}}