{"id":53974,"date":"2024-12-29T11:24:33","date_gmt":"2024-12-29T10:24:33","guid":{"rendered":"https:\/\/www.invarena.cz\/?p=53974"},"modified":"2024-12-29T11:24:34","modified_gmt":"2024-12-29T10:24:34","slug":"nadace-cili-na-nejslabsi-v-regionu-manzele-klausovi-pomahaji-uz-pres-25-let","status":"publish","type":"post","link":"https:\/\/www.invarena.cz\/?p=53974","title":{"rendered":"Nadace c\u00edl\u00ed na nejslab\u0161\u00ed v regionu. Man\u017eel\u00e9 Klausovi pom\u00e1haj\u00ed u\u017e p\u0159es 25 let"},"content":{"rendered":"\n<p>Ka\u017ed\u00fd m\u00e1 sv\u00e9ho str\u00e1\u017en\u00e9ho and\u011bla, ale i ten n\u011bkdy nesta\u010d\u00ed na v\u0161e a pot\u0159ebuje pomoci. A takov\u00fdmi dobr\u00fdmi du\u0161emi, kter\u00e9 se rozhodly pom\u00e1hat druh\u00fdm, jsou man\u017eel\u00e9 Lenka a Marcel Klausovi z ji\u017en\u00edho Plze\u0148ska. D\u00edky sv\u00e9 nadaci u\u017e maj\u00ed za sebou p\u0159es 70 projekt\u016f, v jejich r\u00e1mci rozdali zhruba 14 milion\u016f korun. V uplynul\u00e9m roce poznali i druhou stranu, kdy se lid\u00e9 spojili a pomohli tak\u00e9 oni jim.<\/p>\n\n\n\n<p>Jako dobr\u00e9 du\u0161e a velkou pomoc vid\u00ed man\u017eele \u0159editelka Centra H\u00e1jek ve \u0160\u0165\u00e1hlavic\u00edch Lenka \u0160ikov\u00e1. Finan\u010dn\u00ed podpora od Nadace Lenky a Marcela Klausov\u00fdch pro n\u011b znamenala z\u00e1sadn\u00ed miln\u00edk. \u201eD\u00edky jejich p\u0159\u00edzni a \u0161t\u011bdrosti jsme po v\u00edce ne\u017e t\u0159\u00edlet\u00e9 snaze mohli uskute\u010dnit jeden z na\u0161ich hlavn\u00edch projekt\u016f \u2013 po\u0159\u00edzen\u00ed nov\u00e9ho svozov\u00e9ho automobilu pro d\u011bti s handicapem. Tento v\u016fz jsme slavnostn\u011b uvedli do provozu letos v z\u00e1\u0159\u00ed a od t\u00e9 doby denn\u011b slou\u017e\u00ed k doprav\u011b d\u011bt\u00ed do na\u0161eho za\u0159\u00edzen\u00ed, kde mohou pravideln\u011b vyu\u017e\u00edvat na\u0161e slu\u017eby,\u201c uvedla \u0160ikov\u00e1.<\/p>\n\n\n\n<p>Nov\u00fd automobil p\u0159edstavuje pro rodiny d\u011bt\u00ed s handicapem nejen pohodln\u011bj\u0161\u00ed a krat\u0161\u00ed cestu, ale hlavn\u011b velkou \u00falevu v ka\u017edodenn\u00edm \u017eivot\u011b. Pro tyto rodiny, kter\u00e9 \u010del\u00ed n\u00e1ro\u010dn\u00fdm v\u00fdzv\u00e1m, je takov\u00e1 pomoc krokem k lep\u0161\u00ed budoucnosti.<\/p>\n\n\n\n<p>Velkou podporu poskytuj\u00ed Lenka a Marcel Klausovi i rodin\u00e1m d\u011bt\u00ed v r\u00e1mci \u010dtrn\u00e1ctidenn\u00edch neurorehabilita\u010dn\u00edch pobyt\u016f, kter\u00e9 pravideln\u011b po\u0159\u00e1d\u00e1 centrum pro d\u011bti ve v\u011bt\u0161in\u011b p\u0159\u00edpad\u016f trp\u00edc\u00ed v\u00e1\u017en\u00fdmi diagn\u00f3zami. \u201eD\u00edky t\u00e9to podpo\u0159e mohou d\u011bti u n\u00e1s pravideln\u011b rehabilitovat a zlep\u0161ovat svou samostatnost, sob\u011bsta\u010dnost i celkovou kvalitu \u017eivota, co\u017e m\u016f\u017ee p\u0159in\u00e9st pozitivn\u00ed posun ve vlastn\u00ed realizaci v r\u00e1mci jejich rodiny, ale i spole\u010dnosti. Podpora Nadace Lenky a Marcela Klausov\u00fdch n\u00e1m i rodin\u00e1m na\u0161ich mal\u00fdch klient\u016f p\u0159in\u00e1\u0161\u00ed nejen materi\u00e1ln\u00ed pomoc, ale p\u0159edev\u0161\u00edm pocit, \u017ee na t\u00e9to n\u00e1ro\u010dn\u00e9 cest\u011b nejsme sami. Za jejich pomoc jsme nesm\u00edrn\u011b vd\u011b\u010dn\u00ed,\u201c neskr\u00fdvala vd\u011b\u010dnost \u0159editelka.<\/p>\n\n\n\n<p>Man\u017eel\u00e9 za sebou maj\u00ed obrovsk\u00fd kus velk\u00e9 pr\u00e1ce. Marcel Klaus zalo\u017eil vlastn\u00ed firmu, kde za\u010d\u00ednal v podstat\u011b \u201ena koleni\u201c. V \u010dervnu roku 1998 za\u010dal z kulatiny p\u0159ipravovat \u0159ezivo. N\u00e1klad pro prvn\u00ed kamion vyr\u00e1b\u011bl spolu s prvn\u00edmi kolegy t\u0159i t\u00fddny. V 1999 p\u0159e\u0161el na v\u00fdrobu palet, kter\u00e9 se v\u011bnuje dodnes. Jen od prvn\u00edch krok\u016f, kdy Marcel Klaus a jeho spolupracovn\u00edci st\u00e1li u stolu, v ruce m\u011bli oby\u010dejn\u00e9 kladivo a h\u0159eb\u00edky a tloukli paletu za paletou, se mnoh\u00e9 zm\u011bnilo. Majitel vsadil na automatizaci, rok od roku neust\u00e1le rostl a nyn\u00ed vlastn\u00ed firmu, jej\u00edmi\u017e z\u00e1kazn\u00edky jsou velik\u00e1ni sv\u011btov\u00e9ho byznysu, jako je t\u0159eba BMW, Siemens nebo Lego.<\/p>\n\n\n\n<p>Man\u017eel\u00e9 u\u017e dlouh\u00e9 roky pom\u00e1haj\u00ed v r\u016fzn\u00fdch odv\u011btv\u00edch, a tak se rozhodli zalo\u017eit nadaci. \u201ePodpora jednotlivc\u016f i r\u016fzn\u00fdch organizac\u00ed v soci\u00e1ln\u00ed, sportovn\u00ed i kulturn\u00ed oblasti pat\u0159\u00ed k na\u0161\u00ed podnikatelsk\u00e9 \u010dinnosti na Nepomucku ji\u017e v\u00edce ne\u017e 25 let. Jak ale rostlo mno\u017estv\u00ed dar\u016f, c\u00edtili jsme, \u017ee je pot\u0159eba na\u0161i dobro\u010dinnou pr\u00e1ci v\u00edce koordinovat a l\u00e9pe \u0159\u00eddit. Cht\u011bli jsme m\u00edt v\u011bt\u0161\u00ed p\u0159ehled a c\u00edlit na ty nejslab\u0161\u00ed a nejzraniteln\u011bj\u0161\u00ed v na\u0161em regionu. Proto jsme se s man\u017eelem v roce 2016 rozhodli zalo\u017eit vlastn\u00ed nada\u010dn\u00ed fond, kter\u00fd bude tyto po\u017eadavky l\u00e9pe plnit,\u201c \u0159ekla k d\u016fvodu zalo\u017een\u00ed nadace Lenka Klausov\u00e1, kter\u00e1 je p\u0159edsedkyn\u00ed spr\u00e1vn\u00ed rady nadace.<\/p>\n\n\n\n<p>Zam\u011b\u0159uj\u00ed se na projekty zdravotn\u011b-soci\u00e1ln\u00edho a humanit\u00e1rn\u00edho charakteru. Okrajov\u011b pak na vzd\u011bl\u00e1v\u00e1n\u00ed nebo um\u011bleck\u00e9 a sportovn\u00ed aktivity. D\u016fle\u017eit\u00e9 je pro n\u011b lok\u00e1ln\u00ed c\u00edlen\u00ed, p\u016fsob\u00ed p\u0159edev\u0161\u00edm na ji\u017en\u00edm Plze\u0148sku. \u201eJ\u00e1 i man\u017eel jsme se zde narodili, podnik\u00e1me tady a z\u00e1le\u017e\u00ed n\u00e1m na tom, jak se lidem zde \u017eije. Bohu\u017eel nen\u00ed v na\u0161ich sil\u00e1ch pomoci v\u0161em, kdo to pot\u0159ebuje, proto jsme zac\u00edlili lok\u00e1ln\u011b. Z\u00e1rove\u0148 n\u00e1s t\u011b\u0161\u00ed, \u017ee jsme s t\u011bmi, kter\u00fdm pom\u00e1h\u00e1me, v u\u017e\u0161\u00edm kontaktu a vid\u00edme p\u0159\u00edmo, \u017ee m\u00e1 na\u0161e pr\u00e1ce smysl a pen\u00edze jsou vynalo\u017eeny efektivn\u011b a spr\u00e1vn\u011b,\u201c \u0159ekla Klausov\u00e1.<\/p>\n\n\n\n<p>Za roky pomoci u\u017e maj\u00ed za sebou v\u00edce ne\u017e 70 projekt\u016f, v jejich\u017e r\u00e1mci rozdali t\u00e9m\u011b\u0159 14 milion\u016f K\u010d.<\/p>\n\n\n\n<p>Po\u010det projekt\u016f je velk\u00fd a ka\u017ed\u00fd m\u00e1 sv\u016fj p\u0159\u00edb\u011bh, ale ned\u00e1 se vybrat jeden, kter\u00fd by nejv\u00edce utkv\u011bl v pam\u011bti \u010di nejv\u00edce zas\u00e1hl. \u201eKa\u017ed\u00fd p\u0159\u00edb\u011bh je jin\u00fd, ale v\u0161echny jsou siln\u00e9 a dost \u010dasto opravdu smutn\u00e9. Osud dok\u00e1\u017ee n\u011bkomu nalo\u017eit tak, \u017ee si to ani nedok\u00e1\u017eeme p\u0159edstavit. Na\u0161e pr\u00e1ce v\u0161ak dok\u00e1\u017ee b\u00fdt i velmi motivuj\u00edc\u00ed a pozitivn\u00ed. Nap\u0159\u00edklad kdy\u017e vid\u00edme, jak se n\u011bkte\u0159\u00ed lid\u00e9 s nep\u0159\u00edzn\u00ed osudu dok\u00e1\u017e\u00ed pr\u00e1t a sna\u017e\u00ed se u\u017e\u00edvat \u017eivota alespo\u0148 tak, jak to moment\u00e1ln\u011b lze. M\u016fj obrovsk\u00fd obdiv maj\u00ed tak\u00e9 \u010dlenov\u00e9 rodin, kte\u0159\u00ed o n\u011bkoho s hendikepem l\u00e1skypln\u011b pe\u010duj\u00ed a p\u0159itom ne\u00fanavn\u011b sh\u00e1n\u011bj\u00ed pen\u00edze na r\u016fzn\u00e9 nezbytn\u00e9 pom\u016fcky a rehabilitace. Toto v\u0161echno v pam\u011bti z\u016fst\u00e1v\u00e1 opravdu dlouho,\u201c vypr\u00e1v\u011bla Klausov\u00e1.<\/p>\n\n\n\n<p>Jak\u00fd pocit je, kdy\u017e n\u011bkdo n\u011bkomu pom\u016f\u017ee, za\u017eili ale man\u017eel\u00e9 i z druh\u00e9 strany. Vlastn\u00ed vyhl\u00e1\u0161enou restauraci v obci Sob\u011bsuky, kter\u00e1 v lo\u0148sk\u00e9m roce vyho\u0159ela. A lid\u00e9 je v tom nenechali samotn\u00e9, zvedla se velk\u00e1 vlna pomoci. \u201eNa\u0161i restauraci Angusfarm zachv\u00e1til v b\u0159eznu minul\u00e9ho roku po\u017e\u00e1r a z velk\u00e9 \u010d\u00e1sti byla zni\u010dena. Co jsme c\u00edtili, kdy\u017e jsme jen bezmocn\u011b sledovali, jak v\u00fdsledek na\u0161eho n\u011bkolikalet\u00e9ho \u00fasil\u00ed miz\u00ed v plamenech, se ned\u00e1 popsat. Siln\u011bj\u0161\u00ed ne\u017e to, co n\u00e1s zas\u00e1hlo, byla ale vlna solidarity, kter\u00e1 se zvedla bezprost\u0159edn\u011b pot\u00e9. Od na\u0161ich zam\u011bstnanc\u016f, p\u0159\u00e1tel, koleg\u016f z gastronomie i z \u0159ad ve\u0159ejnosti. Pr\u00e1v\u011b podpora okol\u00ed n\u00e1m dodala energii ud\u011blat v\u0161echno, co je v na\u0161ich sil\u00e1ch, abychom Angusfarm co nejd\u0159\u00edve postavili na nohy a vr\u00e1tili do n\u00ed \u017eivot,\u201c vzpom\u00ednala Klausov\u00e1. A povedlo se \u2013 p\u0159esn\u011b 100 dn\u00ed od po\u017e\u00e1ru restauraci znovu otev\u0159eli. \u201eJsme na to hrd\u00ed a z\u00e1rove\u0148 jsme \u0161\u0165astn\u00ed, \u017ee je v lidech kolem n\u00e1s tolik solidarity a dobra,\u201c poznamenala.<\/p>\n\n\n\n<p>I to jim dod\u00e1v\u00e1 s\u00edlu st\u00e1le v\u00edce pom\u00e1hat jin\u00fdm. Ka\u017ed\u00fd rok jsou schopni zrealizovat a proplatit v\u00edce projekt\u016f a pov\u011bdom\u00ed o \u010dinnosti jejich fondu p\u0159irozen\u011b nar\u016fst\u00e1. \u201eBudeme moc r\u00e1di, pokud tento trend bude nad\u00e1le pokra\u010dovat. To samoz\u0159ejm\u011b ale hodn\u011b z\u00e1le\u017e\u00ed na ekonomick\u00e9 situaci a na tom, jak budeme schopni d\u00e1vat dohromady pot\u0159ebn\u00e9 finance. Na druhou stranu je t\u0159eba \u0159\u00edct, \u017ee okruh lid\u00ed, kte\u0159\u00ed n\u00e1s podporuj\u00ed, se pomalu, ale st\u00e1le roz\u0161i\u0159uje. Z toho m\u00e1me tak\u00e9 obrovskou radost. Na\u0161i d\u00e1rci n\u00e1m tak d\u00e1vaj\u00ed najevo, \u017ee d\u016fv\u011b\u0159uj\u00ed na\u0161\u00ed pr\u00e1ci a tomu, \u017ee vybran\u00e9 pen\u00edze efektivn\u011b pou\u017eijeme. P\u0159isp\u011bt m\u016f\u017ee \u00fapln\u011b ka\u017ed\u00fd a je to velmi snadn\u00e9,\u201c sd\u011blila k budoucnosti nadace jej\u00ed \u0161\u00e9fka.<\/p>\n\n\n\n<p>Pokud n\u011bkdo pot\u0159ebuje pomoc, nejsnaz\u0161\u00ed je vyhledat webov\u00e9 str\u00e1nky nadace. Na www.nadacnifondlmk.cz najdou lid\u00e9 ve\u0161ker\u00e9 pot\u0159ebn\u00e9 informace v\u010detn\u011b kontaktn\u00edho e-mailu a telefonn\u00edho \u010d\u00edsla, na kter\u00e9 se mohou ozvat v p\u0159\u00edpad\u011b \u017e\u00e1dosti o podporu i jak\u00fdchkoliv dotaz\u016f. \u201eDost \u010dasto se paradoxn\u011b setk\u00e1v\u00e1me s t\u00edm, \u017ee lid\u00e9, kte\u0159\u00ed by pomoc nejv\u00edce pot\u0159ebovali a byli by vhodn\u00ed adepti, si o ni neum\u011bj\u00ed nebo necht\u011bj\u00ed \u0159\u00edct. A to je opravdu \u0161koda,\u201c dodala na z\u00e1v\u011br Klausov\u00e1.<\/p>\n\n\n\n<p>Daniela Loudov\u00e1<\/p>\n\n\n\n<p>Tachovsk\u00fd den\u00edk<\/p>\n\n\n\n<p><a href=\"https:\/\/tachovsky.denik.cz\" target=\"_blank\" rel=\"noreferrer noopener\">https:\/\/tachovsky.denik.cz<\/a><\/p>\n","protected":false},"excerpt":{"rendered":"<div class=\"mh-excerpt\"><p>Ka\u017ed\u00fd m\u00e1 sv\u00e9ho str\u00e1\u017en\u00e9ho and\u011bla, ale i ten n\u011bkdy nesta\u010d\u00ed na v\u0161e a pot\u0159ebuje pomoci. A takov\u00fdmi dobr\u00fdmi du\u0161emi, kter\u00e9 se rozhodly pom\u00e1hat druh\u00fdm, jsou <a class=\"mh-excerpt-more\" href=\"https:\/\/www.invarena.cz\/?p=53974\" title=\"Nadace c\u00edl\u00ed na nejslab\u0161\u00ed v regionu. Man\u017eel\u00e9 Klausovi pom\u00e1haj\u00ed u\u017e p\u0159es 25 let\">[&#8230;]<\/a><\/p>\n<\/div>","protected":false},"author":1,"featured_media":14227,"comment_status":"open","ping_status":"closed","sticky":false,"template":"","format":"standard","meta":{"footnotes":""},"categories":[9],"tags":[],"class_list":["post-53974","post","type-post","status-publish","format-standard","has-post-thumbnail","hentry","category-zpravy"],"_links":{"self":[{"href":"https:\/\/www.invarena.cz\/index.php?rest_route=\/wp\/v2\/posts\/53974","targetHints":{"allow":["GET"]}}],"collection":[{"href":"https:\/\/www.invarena.cz\/index.php?rest_route=\/wp\/v2\/posts"}],"about":[{"href":"https:\/\/www.invarena.cz\/index.php?rest_route=\/wp\/v2\/types\/post"}],"author":[{"embeddable":true,"href":"https:\/\/www.invarena.cz\/index.php?rest_route=\/wp\/v2\/users\/1"}],"replies":[{"embeddable":true,"href":"https:\/\/www.invarena.cz\/index.php?rest_route=%2Fwp%2Fv2%2Fcomments&post=53974"}],"version-history":[{"count":0,"href":"https:\/\/www.invarena.cz\/index.php?rest_route=\/wp\/v2\/posts\/53974\/revisions"}],"wp:featuredmedia":[{"embeddable":true,"href":"https:\/\/www.invarena.cz\/index.php?rest_route=\/wp\/v2\/media\/14227"}],"wp:attachment":[{"href":"https:\/\/www.invarena.cz\/index.php?rest_route=%2Fwp%2Fv2%2Fmedia&parent=53974"}],"wp:term":[{"taxonomy":"category","embeddable":true,"href":"https:\/\/www.invarena.cz\/index.php?rest_route=%2Fwp%2Fv2%2Fcategories&post=53974"},{"taxonomy":"post_tag","embeddable":true,"href":"https:\/\/www.invarena.cz\/index.php?rest_route=%2Fwp%2Fv2%2Ftags&post=53974"}],"curies":[{"name":"wp","href":"https:\/\/api.w.org\/{rel}","templated":true}]}}