{"id":53983,"date":"2024-12-29T11:57:13","date_gmt":"2024-12-29T10:57:13","guid":{"rendered":"https:\/\/www.invarena.cz\/?p=53983"},"modified":"2024-12-29T11:57:13","modified_gmt":"2024-12-29T10:57:13","slug":"ceska-medicina-se-posouva-na-svetovou-uroven-rika-manazer-promedica-group","status":"publish","type":"post","link":"https:\/\/www.invarena.cz\/?p=53983","title":{"rendered":"\u010cesk\u00e1 medic\u00edna se posouv\u00e1 na sv\u011btovou \u00farove\u0148, \u0159\u00edk\u00e1 mana\u017eer Promedica Group"},"content":{"rendered":"\n<p>Do \u010cech m\u00ed\u0159\u00ed revolu\u010dn\u00ed zdravotnick\u00e9 technologie, kter\u00e9 z\u00e1sadn\u011b zlep\u0161uj\u00ed kvalitu p\u00e9\u010de a posouvaj\u00ed hranice mo\u017enost\u00ed v l\u00e9\u010db\u011b. Tyto inovace umo\u017e\u0148uj\u00ed l\u00e9ka\u0159\u016fm prov\u00e1d\u011bt z\u00e1kroky s maxim\u00e1ln\u00ed p\u0159esnost\u00ed a bezpe\u010dnost\u00ed. \u201eTo p\u0159in\u00e1\u0161\u00ed lep\u0161\u00ed v\u00fdsledky pro pacienty a z\u00e1rove\u0148 zvy\u0161uje efektivitu vyu\u017e\u00edv\u00e1n\u00ed zdravotnick\u00fdch zdroj\u016f,\u201c vysv\u011btluje obchodn\u00ed mana\u017eer divize Zdravotnick\u00fdch technologi\u00ed Promedica Praha Group Kamil Bo\u0159ek.<\/p>\n\n\n\n<p>Cel\u00fd \u010dl\u00e1nek naleznete na idnes.cz: <a href=\"https:\/\/www.idnes.cz\/ekonomika\/domaci\/promedica-hanus-zdravotnictvi-roboti.A241220_160413_ekonomika_rts\" target=\"_blank\" rel=\"noreferrer noopener\">https:\/\/www.idnes.cz\/ekonomika\/domaci\/promedica-hanus-zdravotnictvi-roboti.A241220_160413_ekonomika_rts<\/a><\/p>\n","protected":false},"excerpt":{"rendered":"<div class=\"mh-excerpt\"><p>Do \u010cech m\u00ed\u0159\u00ed revolu\u010dn\u00ed zdravotnick\u00e9 technologie, kter\u00e9 z\u00e1sadn\u011b zlep\u0161uj\u00ed kvalitu p\u00e9\u010de a posouvaj\u00ed hranice mo\u017enost\u00ed v l\u00e9\u010db\u011b. Tyto inovace umo\u017e\u0148uj\u00ed l\u00e9ka\u0159\u016fm prov\u00e1d\u011bt z\u00e1kroky s maxim\u00e1ln\u00ed <a class=\"mh-excerpt-more\" href=\"https:\/\/www.invarena.cz\/?p=53983\" title=\"\u010cesk\u00e1 medic\u00edna se posouv\u00e1 na sv\u011btovou \u00farove\u0148, \u0159\u00edk\u00e1 mana\u017eer Promedica Group\">[&#8230;]<\/a><\/p>\n<\/div>","protected":false},"author":1,"featured_media":18804,"comment_status":"open","ping_status":"closed","sticky":false,"template":"","format":"standard","meta":{"footnotes":""},"categories":[9],"tags":[],"class_list":["post-53983","post","type-post","status-publish","format-standard","has-post-thumbnail","hentry","category-zpravy"],"_links":{"self":[{"href":"https:\/\/www.invarena.cz\/index.php?rest_route=\/wp\/v2\/posts\/53983","targetHints":{"allow":["GET"]}}],"collection":[{"href":"https:\/\/www.invarena.cz\/index.php?rest_route=\/wp\/v2\/posts"}],"about":[{"href":"https:\/\/www.invarena.cz\/index.php?rest_route=\/wp\/v2\/types\/post"}],"author":[{"embeddable":true,"href":"https:\/\/www.invarena.cz\/index.php?rest_route=\/wp\/v2\/users\/1"}],"replies":[{"embeddable":true,"href":"https:\/\/www.invarena.cz\/index.php?rest_route=%2Fwp%2Fv2%2Fcomments&post=53983"}],"version-history":[{"count":0,"href":"https:\/\/www.invarena.cz\/index.php?rest_route=\/wp\/v2\/posts\/53983\/revisions"}],"wp:featuredmedia":[{"embeddable":true,"href":"https:\/\/www.invarena.cz\/index.php?rest_route=\/wp\/v2\/media\/18804"}],"wp:attachment":[{"href":"https:\/\/www.invarena.cz\/index.php?rest_route=%2Fwp%2Fv2%2Fmedia&parent=53983"}],"wp:term":[{"taxonomy":"category","embeddable":true,"href":"https:\/\/www.invarena.cz\/index.php?rest_route=%2Fwp%2Fv2%2Fcategories&post=53983"},{"taxonomy":"post_tag","embeddable":true,"href":"https:\/\/www.invarena.cz\/index.php?rest_route=%2Fwp%2Fv2%2Ftags&post=53983"}],"curies":[{"name":"wp","href":"https:\/\/api.w.org\/{rel}","templated":true}]}}